{"id":48232,"date":"2025-07-08T11:36:41","date_gmt":"2025-07-08T14:36:41","guid":{"rendered":"https:\/\/ejornais.com.br\/index.php\/2025\/07\/08\/ifsp-marca-presenca-na-17a-cupula-do-brics-ifsp\/"},"modified":"2025-07-08T11:36:41","modified_gmt":"2025-07-08T14:36:41","slug":"ifsp-marca-presenca-na-17a-cupula-do-brics-ifsp","status":"publish","type":"post","link":"https:\/\/ejornais.com.br\/index.php\/2025\/07\/08\/ifsp-marca-presenca-na-17a-cupula-do-brics-ifsp\/","title":{"rendered":"IFSP marca presen\u00e7a na 17\u00aa C\u00fapula do BRICS &#8211; IFSP"},"content":{"rendered":"<p><\/p>\n<div>\n<div class=\"subtitle\">\n<p data-start=\"195\" data-end=\"368\">Institui\u00e7\u00e3o refor\u00e7a compromisso com a coopera\u00e7\u00e3o internacional e o fortalecimento das pol\u00edticas p\u00fablicas para o Sul Global<\/p>\n<\/div>\n<p><!-- fim .content-header-options-1 --><\/p>\n<p data-start=\"370\" data-end=\"670\">O Brasil sediou, nos dias 6 e 7 de julho, a 17\u00aa C\u00fapula do BRICS, grupo que re\u00fane as 11 maiores economias emergentes do mundo. O encontro, considerado um dos mais relevantes da diplomacia brasileira em 2025, contou com a participa\u00e7\u00e3o de chefes de Estado e delega\u00e7\u00f5es de 35 pa\u00edses membros e convidados.<\/p>\n<p data-start=\"672\" data-end=\"1032\">O Instituto Federal de S\u00e3o Paulo (IFSP) colaborou com o Minist\u00e9rio das Rela\u00e7\u00f5es Exteriores no planejamento e execu\u00e7\u00e3o de espa\u00e7os destinados \u00e0s delega\u00e7\u00f5es internacionais. A participa\u00e7\u00e3o da institui\u00e7\u00e3o reflete seu compromisso com os temas estrat\u00e9gicos debatidos no \u00e2mbito do BRICS, como transi\u00e7\u00e3o energ\u00e9tica, tecnologias emergentes e desenvolvimento sustent\u00e1vel.<\/p>\n<p data-start=\"1034\" data-end=\"1287\">O reitor do IFSP, Silm\u00e1rio Santos, e o pr\u00f3-reitor de Extens\u00e3o e Cultura, Rafael Scarazzati, estiveram presentes nos dois dias do evento, acompanhando as discuss\u00f5es, interagindo com autoridades e representando o Instituto nas articula\u00e7\u00f5es institucionais.<\/p>\n<p data-start=\"1289\" data-end=\"1872\">Para o pr\u00f3-reitor Rafael, os compromissos firmados durante a C\u00fapula dialogam diretamente com os objetivos da Rede Federal de Educa\u00e7\u00e3o Profissional, Cient\u00edfica e Tecnol\u00f3gica. \u201cA declara\u00e7\u00e3o conjunta, sob o lema <em data-start=\"1498\" data-end=\"1590\">\u2018Fortalecendo a Coopera\u00e7\u00e3o do Sul Global para uma Governan\u00e7a mais Inclusiva e Sustent\u00e1vel\u2019<\/em>, destaca temas que s\u00e3o caros ao IFSP, como o papel da ci\u00eancia, a defesa de energias limpas, a urg\u00eancia da pauta ambiental e a governan\u00e7a da intelig\u00eancia artificial. S\u00e3o \u00e1reas nas quais nossas a\u00e7\u00f5es de ensino, pesquisa e extens\u00e3o podem contribuir de maneira significativa\u201d, afirmou.<\/p>\n<p data-start=\"1874\" data-end=\"2474\">O reitor Silm\u00e1rio destacou o car\u00e1ter estrat\u00e9gico do encontro, que reafirma a tradi\u00e7\u00e3o diplom\u00e1tica brasileira voltada ao multilateralismo, \u00e0 coopera\u00e7\u00e3o e \u00e0 constru\u00e7\u00e3o de consensos. \u201cNum cen\u00e1rio internacional marcado por conflitos e desigualdades, o BRICS surge como espa\u00e7o fundamental para o di\u00e1logo e o fortalecimento de uma ordem mais justa. O IFSP, alinhado a esses princ\u00edpios, vem consolidando parcerias com pa\u00edses e institui\u00e7\u00f5es diversas, buscando ampliar oportunidades e recursos para a comunidade acad\u00eamica, al\u00e9m de colaborar com o Estado brasileiro na execu\u00e7\u00e3o de pol\u00edticas p\u00fablicas\u201d, afirmou.<\/p>\n<p data-start=\"2476\" data-end=\"2824\">Al\u00e9m da C\u00fapula, o IFSP tamb\u00e9m esteve representado no Semin\u00e1rio da Educa\u00e7\u00e3o Profissional e Tecnol\u00f3gica do BRICS, promovido pelo MEC em 3 de junho. O coordenador de Rela\u00e7\u00f5es Internacionais da Arinter\/PRX, Wagner Belo, participou do evento, reafirmando o compromisso da institui\u00e7\u00e3o com a internacionaliza\u00e7\u00e3o e a aproxima\u00e7\u00e3o entre pa\u00edses do Sul Global.<\/p>\n<\/div>\n","protected":false},"excerpt":{"rendered":"<p>Institui\u00e7\u00e3o refor\u00e7a compromisso com a coopera\u00e7\u00e3o internacional e o fortalecimento das pol\u00edticas p\u00fablicas para o Sul Global O Brasil sediou,<\/p>\n","protected":false},"author":2,"featured_media":0,"comment_status":"","ping_status":"","sticky":false,"template":"","format":"standard","meta":{"colormag_page_container_layout":"default_layout","colormag_page_sidebar_layout":"default_layout","footnotes":""},"categories":[1],"tags":[],"class_list":["post-48232","post","type-post","status-publish","format-standard","hentry","category-ejornais"],"aioseo_notices":[],"amp_enabled":true,"_links":{"self":[{"href":"https:\/\/ejornais.com.br\/index.php\/wp-json\/wp\/v2\/posts\/48232","targetHints":{"allow":["GET"]}}],"collection":[{"href":"https:\/\/ejornais.com.br\/index.php\/wp-json\/wp\/v2\/posts"}],"about":[{"href":"https:\/\/ejornais.com.br\/index.php\/wp-json\/wp\/v2\/types\/post"}],"author":[{"embeddable":true,"href":"https:\/\/ejornais.com.br\/index.php\/wp-json\/wp\/v2\/users\/2"}],"replies":[{"embeddable":true,"href":"https:\/\/ejornais.com.br\/index.php\/wp-json\/wp\/v2\/comments?post=48232"}],"version-history":[{"count":0,"href":"https:\/\/ejornais.com.br\/index.php\/wp-json\/wp\/v2\/posts\/48232\/revisions"}],"wp:attachment":[{"href":"https:\/\/ejornais.com.br\/index.php\/wp-json\/wp\/v2\/media?parent=48232"}],"wp:term":[{"taxonomy":"category","embeddable":true,"href":"https:\/\/ejornais.com.br\/index.php\/wp-json\/wp\/v2\/categories?post=48232"},{"taxonomy":"post_tag","embeddable":true,"href":"https:\/\/ejornais.com.br\/index.php\/wp-json\/wp\/v2\/tags?post=48232"}],"curies":[{"name":"wp","href":"https:\/\/api.w.org\/{rel}","templated":true}]}}