{"id":48349,"date":"2025-07-10T00:42:41","date_gmt":"2025-07-10T03:42:41","guid":{"rendered":"https:\/\/ejornais.com.br\/index.php\/2025\/07\/10\/sao-jose-leva-dois-ouros-no-volei-e-prata-no-tenis-feminino\/"},"modified":"2025-07-10T00:42:41","modified_gmt":"2025-07-10T03:42:41","slug":"sao-jose-leva-dois-ouros-no-volei-e-prata-no-tenis-feminino","status":"publish","type":"post","link":"https:\/\/ejornais.com.br\/index.php\/2025\/07\/10\/sao-jose-leva-dois-ouros-no-volei-e-prata-no-tenis-feminino\/","title":{"rendered":"S\u00e3o Jos\u00e9 leva dois ouros no v\u00f4lei e prata no t\u00eanis feminino"},"content":{"rendered":"<p><\/p>\n<div>\n<p><b>Nei Jos\u00e9 Sant&#8217;Anna<\/b><br \/>&#13;<br \/>\n&#13;<br \/>\n                <span style=\"font-weight: bold;\">Esporte e Qualidade de Vida<\/span><\/p>\n<p>A quarta-feira (9) foi marcada por grandes conquistas de S\u00e3o Jos\u00e9 dos Campos nos 67\u00ba Jogos Regionais. Com vit\u00f3rias importantes em v\u00e1rias modalidades, a cidade confirmou o favoritismo e deu passos decisivos rumo ao 12\u00ba t\u00edtulo consecutivo da competi\u00e7\u00e3o. Destaques para os t\u00edtulos no v\u00f4lei masculino e feminino, a prata no t\u00eanis de campo feminino e as classifica\u00e7\u00f5es no futebol.<\/p>\n<p>No Teatr\u00e3o, S\u00e3o Jos\u00e9 garantiu o t\u00edtulo no v\u00f4lei masculino e feminino. No feminino sub-21, a equipe joseense venceu Guarulhos por 3 sets a 0, com parciais de 25\/19, 25\/12 e 25\/15, e conquistou o nono t\u00edtulo consecutivo da modalidade.<\/p>\n<p><sub>V\u00f4lei masculino sub-21 venceu Itaqu\u00e1 na final e levou a medalha de ouro<\/sub><\/p>\n<p>Na sequ\u00eancia, o time masculino repetiu o placar e venceu Itaquaquecetuba tamb\u00e9m por 3 sets a 0, com parciais de 25\/15, 25\/20 e 27\/25, confirmando mais um ouro para S\u00e3o Jos\u00e9.<\/p>\n<p>No t\u00eanis de campo, a equipe feminina ficou com a medalha de prata ap\u00f3s perder para Campos do Jord\u00e3o por 2 a 1, em uma final equilibrada disputada no Clube de Campo Santa Rita. A partida teve in\u00edcio \u00e0s 11h e s\u00f3 foi encerrada por volta das 16h40, evidenciando o alto n\u00edvel t\u00e9cnico de disputa.<\/p>\n<p>No masculino, S\u00e3o Jos\u00e9 superou Pindamonhangaba por 2 a 0 e avan\u00e7ou \u00e0 final, que ser\u00e1 disputada nesta quinta-feira (10), tamb\u00e9m contra Campos do Jord\u00e3o.<\/p>\n<p><span class=\"intertitulo\">Nata\u00e7\u00e3o estreia com 20 medalhas<\/span><\/p>\n<p><span class=\"intertitulo\"><\/span><br \/>O primeiro dia de competi\u00e7\u00f5es na nata\u00e7\u00e3o foi extremamente positivo para S\u00e3o Jos\u00e9 dos Campos. No total, a equipe conquistou 20 medalhas: 8 de ouro (incluindo os revezamentos 4x200m livre masculino e feminino), 7 de prata e 5 de bronze. A competi\u00e7\u00e3o prossegue nesta quinta no Centro Esportivo Casa do Jovem.<\/p>\n<\/p>\n<p>Entre os destaques individuais, Jander Lazaroni levou o ouro nos 50 metros borboleta masculino, enquanto Gabriel Romana venceu os 200 metros costas. No feminino, Raphaela Tamy ficou com o ouro nos 50 metros peito, e Manuela Lyrio foi campe\u00e3 dos 50 metros livre.<\/p>\n<p>Tamb\u00e9m subiram no lugar mais alto do p\u00f3dio Daniel Ribeiro, vencedor dos 400 metros medley masculino, e Danielle Roncatto, que faturou o ouro nos 400 metros medley feminino. As equipes de S\u00e3o Jos\u00e9 tamb\u00e9m brilharam nos revezamentos 4&#215;200 metros livre masculino e feminino, ambos campe\u00f5es.<\/p>\n<\/p>\n<p>Nas provas que renderam medalhas de prata, Danielle Roncatto tamb\u00e9m foi destaque nos 800 metros livre, enquanto Gabriel Bozzolo ficou em segundo lugar nos 1500 metros livre. Manuela Lyrio e Natan Porto conquistaram a prata nos 50 metros borboleta, sendo que Natan tamb\u00e9m foi vice-campe\u00e3o nos 50 metros livre. Nos 100 metros peito, Raphaela Tamy e Bruno Paix\u00e3o garantiram mais duas pratas para S\u00e3o Jos\u00e9. A equipe ainda faturou a prata no revezamento 4&#215;50 metros medley misto.<\/p>\n<p>J\u00e1 entre os bronzes, Camilly Cruz conquistou medalhas nos 50 e 200 metros borboleta, enquanto Manuela Lyrio subiu novamente ao p\u00f3dio nos 100 metros livre. Daniel Ribeiro ficou com o bronze na mesma prova, entre os homens, e Larissa Santana encerrou a s\u00e9rie de p\u00f3dios joseenses com a terceira coloca\u00e7\u00e3o nos 200 metros costas.<\/p>\n<p>Na pontua\u00e7\u00e3o parcial por equipes, S\u00e3o Jos\u00e9 aparece em segundo lugar tanto no masculino quanto no feminino, atr\u00e1s de Pindamonhangaba.<\/p>\n<p><span class=\"intertitulo\">Futebol masculino e feminino na final<\/span><\/p>\n<p>No futebol, a equipe masculina venceu Cruzeiro por 3 a 0, com dois gols de Pietro e um de Jo\u00e3o Vitor, e garantiu vaga na final dos Jogos Regionais, al\u00e9m da classifica\u00e7\u00e3o para os Jogos Abertos do Interior.\u00a0A final ser\u00e1 nesta quinta-feira (10), \u00e0s 14h30, no campo do Eug\u00eanio de Melo, contra Itaquaquecetuba.<\/p>\n<\/p>\n<p><sub>O futebol masculino derrotou Cruzeiro por 3 a 0 e decide o t\u00edtulo contra Itaqu\u00e1<\/sub><\/p>\n<p>No feminino, S\u00e3o Jos\u00e9 venceu Guararema por 2 a 0, com gols de J\u00falia Oliveira e Yorrana, tamb\u00e9m garantindo vaga na fina e classifica\u00e7\u00e3o para os Jogos Abertos. A decis\u00e3o do ouro ser\u00e1 contra Pindamonhangaba, nesta quinta (10), \u00e0s 14h30, no Campo do Vale do Sol.<\/p>\n<p><sub>O futebol feminino de S\u00e3o Jos\u00e9 venceu Guararema por 2 a 0 e enfrenta Pinda na final<\/sub><\/p>\n<p><span class=\"intertitulo\">Outros resultados<\/span><\/p>\n<p>Outro destaque do dia foi a goleada da equipe de futsal feminino livre, que venceu Santa Isabel por 9 a 0, em partida disputada no gin\u00e1sio do Vale do Sol. A equipe volta \u00e0 quadra nesta quinta (10), \u00e0s 18h, contra Po\u00e1, no gin\u00e1sio Altos de Santana.<\/p>\n<p><sub>O futsal feminino joseense aplicou uma goleada por 9 a 0 sobre Santa Isabel<\/sub><\/p>\n<p>O basquete masculino sub-21 tamb\u00e9m fez bonito. Jogando no Gin\u00e1sio Linneu de Moura, a equipe venceu Ca\u00e7apava por 90 a 39 e chegou \u00e0 segunda vit\u00f3ria consecutiva na competi\u00e7\u00e3o. O pr\u00f3ximo compromisso ser\u00e1 nesta quinta-feira, \u00e0s 19h, contra Po\u00e1.<\/p>\n<p><sub>O basquete masculino sub-21 venceu a segunda partida: 90 a 39 sobre Ca\u00e7apava<\/sub><\/p>\n<p>A equipe de bocha venceu Aruj\u00e1 por 2 a 0 no Clube de Campo Santa Rita, somando o segundo triunfo na competi\u00e7\u00e3o.<\/p>\n<p>A equipe de futsal masculino de S\u00e3o Jos\u00e9 dos Campos encerrou a rodada com uma vit\u00f3ria expressiva sobre Santa Branca por 11 a 2, no Gin\u00e1sio Altos de Santana. Destaque para Matheus, autor de tr\u00eas gols. Gustavo e Vitinho marcaram dois gols cada. Completaram a goleada Rhuan, Felipe, Cau\u00ea e Guilherme, com um gol cada.<\/p>\n<p><sub>O futsal masculino derrotou Santa Branca por 11 a 2 e agora pega S\u00e3o Sebasti\u00e3o<\/sub><\/p>\n<p>O time volta \u00e0 quadra nesta quinta-feira (10), \u00e0s 19h15, para enfrentar S\u00e3o Sebasti\u00e3o, novamente no Gin\u00e1sio Altos de Santana.<\/p>\n<p>Com os resultados desta quarta-feira, S\u00e3o Jos\u00e9 dos Campos amplia sua vantagem na pontua\u00e7\u00e3o geral e se aproxima de mais um t\u00edtulo nos Jogos Regionais. O pr\u00f3ximo boletim com a classifica\u00e7\u00e3o atualizada ser\u00e1 divulgada pelo comit\u00ea dirigente na noite desta quarta-feira.<\/p>\n<p>&#13;<br \/>\n                        <strong>MAIS NOT\u00cdCIAS<\/strong><br \/>&#13;<br \/>\n                        Esporte e Qualidade de Vida&#13;\n                    <\/p>\n<\/p><\/div>\n","protected":false},"excerpt":{"rendered":"<p>Nei Jos\u00e9 Sant&#8217;Anna&#13; &#13; Esporte e Qualidade de Vida A quarta-feira (9) foi marcada por grandes conquistas de S\u00e3o Jos\u00e9<\/p>\n","protected":false},"author":2,"featured_media":0,"comment_status":"","ping_status":"","sticky":false,"template":"","format":"standard","meta":{"colormag_page_container_layout":"default_layout","colormag_page_sidebar_layout":"default_layout","footnotes":""},"categories":[1],"tags":[],"class_list":["post-48349","post","type-post","status-publish","format-standard","hentry","category-ejornais"],"aioseo_notices":[],"amp_enabled":true,"_links":{"self":[{"href":"https:\/\/ejornais.com.br\/index.php\/wp-json\/wp\/v2\/posts\/48349","targetHints":{"allow":["GET"]}}],"collection":[{"href":"https:\/\/ejornais.com.br\/index.php\/wp-json\/wp\/v2\/posts"}],"about":[{"href":"https:\/\/ejornais.com.br\/index.php\/wp-json\/wp\/v2\/types\/post"}],"author":[{"embeddable":true,"href":"https:\/\/ejornais.com.br\/index.php\/wp-json\/wp\/v2\/users\/2"}],"replies":[{"embeddable":true,"href":"https:\/\/ejornais.com.br\/index.php\/wp-json\/wp\/v2\/comments?post=48349"}],"version-history":[{"count":0,"href":"https:\/\/ejornais.com.br\/index.php\/wp-json\/wp\/v2\/posts\/48349\/revisions"}],"wp:attachment":[{"href":"https:\/\/ejornais.com.br\/index.php\/wp-json\/wp\/v2\/media?parent=48349"}],"wp:term":[{"taxonomy":"category","embeddable":true,"href":"https:\/\/ejornais.com.br\/index.php\/wp-json\/wp\/v2\/categories?post=48349"},{"taxonomy":"post_tag","embeddable":true,"href":"https:\/\/ejornais.com.br\/index.php\/wp-json\/wp\/v2\/tags?post=48349"}],"curies":[{"name":"wp","href":"https:\/\/api.w.org\/{rel}","templated":true}]}}