{"id":48424,"date":"2025-07-10T23:48:40","date_gmt":"2025-07-11T02:48:40","guid":{"rendered":"https:\/\/ejornais.com.br\/index.php\/2025\/07\/10\/agencia-minas-gerais-biblioteca-recem-inaugurada-no-presidio-de-iturama-ja-conta-com-adesao-de-mais-de-60-dos-detentos-da-unidade\/"},"modified":"2025-07-10T23:48:40","modified_gmt":"2025-07-11T02:48:40","slug":"agencia-minas-gerais-biblioteca-recem-inaugurada-no-presidio-de-iturama-ja-conta-com-adesao-de-mais-de-60-dos-detentos-da-unidade","status":"publish","type":"post","link":"https:\/\/ejornais.com.br\/index.php\/2025\/07\/10\/agencia-minas-gerais-biblioteca-recem-inaugurada-no-presidio-de-iturama-ja-conta-com-adesao-de-mais-de-60-dos-detentos-da-unidade\/","title":{"rendered":"Ag\u00eancia Minas Gerais | Biblioteca rec\u00e9m-inaugurada no Pres\u00eddio de Iturama j\u00e1 conta com ades\u00e3o de mais de 60% dos detentos da unidade"},"content":{"rendered":"<p><\/p>\n<div>\n<p>O Pres\u00eddio de Iturama, no Tri\u00e2ngulo Mineiro, acabou de abrir as portas, em mar\u00e7o deste ano,\u00a0 e j\u00e1 est\u00e1 a todo vapor. Prova disso \u00e9 a biblioteca da unidade, inaugurada h\u00e1 menos de 10 dias, no \u00faltimo dia 2\/7, que j\u00e1 conta com a ades\u00e3o de 233 detentos, participantes do projeto Liberdade Liter\u00e1ria, de remi\u00e7\u00e3o pela leitura. O n\u00famero corresponde a mais de 60% dos custodiados da unidade.\u00a0<\/p>\n<p>Todo o acervo da biblioteca foi catalogado e organizado pelo detento F\u00e1bio Igino da Silva, 35 anos, que tamb\u00e9m participa do projeto de remi\u00e7\u00e3o, e n\u00e3o esconde a alegria com o trabalho \u201cFoi e \u00e9 muito gratificante catalogar cada obra, \u00e9 muito mais que um trabalho e sim uma forma de me reconectar com o conhecimento. Trabalhar aqui est\u00e1 me transformando. \u00c9 muito bom ver todos estes livros sendo lidos e ainda contribuindo com a diminui\u00e7\u00e3o da nossa pena\u201d, conta.\u00a0<\/p>\n<p>O n\u00famero de obras tamb\u00e9m \u00e9 expressivo. J\u00e1 s\u00e3o 583 exemplares dos mais diversos g\u00eaneros liter\u00e1rios: romance, autoajuda, fic\u00e7\u00e3o, religiosos, biografias, entre outros, obtidas por meio de uma parceria da unidade prisional com empresas, faculdades e \u00f3rg\u00e3os estaduais, municipais e federais.\u00a0<\/p>\n<p>\u00a0\u201cTer uma biblioteca no pres\u00eddio n\u00e3o \u00e9 somente promover educa\u00e7\u00e3o e reabilita\u00e7\u00e3o e sim contribuir para um ambiente mais pac\u00edfico e produtivo. Isso pode ter um impacto positivo tanto na vida dos detentos quanto na sociedade ap\u00f3s sua reintegra\u00e7\u00e3o\u201d, explica o diretor do pres\u00eddio, Paulo C\u00e9sar Furtado.\u00a0<\/p>\n<p>Felipe Assis, 45 anos, \u00e9 um dos participantes do projeto e explica como a leitura j\u00e1 est\u00e1 transformando a sua vida. \u201cEu n\u00e3o tinha o h\u00e1bito da leitura, n\u00e3o tinha acesso a livros, mas estou pegando o gosto. Pretendo ler ainda muitos outros livros. Entrei pela remi\u00e7\u00e3o e agora estou adorando. Cada p\u00e1gina \u00e9 uma nova viagem que fa\u00e7o\u201d.\u00a0<\/p>\n<p><b>\u00a0Remi\u00e7\u00e3o<\/b><\/p>\n<p>A leitura \u00e9 incentivada em todas as unidades prisionais do estado. Todas elas contam com bibliotecas, salas de leitura, estantes ou carrinhos bibliotecas. Al\u00e9m disso, os presos tamb\u00e9m podem ter acesso aos livros enviados por familiares, amigos e visitantes em geral, conforme crit\u00e9rios de seguran\u00e7a.\u00a0 Este ano, at\u00e9 o momento, dados de janeiro a maio, j\u00e1 s\u00e3o 24.625 presos envolvidos em projetos de remi\u00e7\u00e3o pela leitura distribu\u00eddos em 122 unidades prisionais.\u00a0 Em 2024, foram 65.258 custodiados.<\/p>\n<p>A remi\u00e7\u00e3o pela leitura, prevista na Lei de Execu\u00e7\u00e3o Penal (LEP) e regulamentada pelo Conselho Nacional de Justi\u00e7a (CNJ), \u00e9 um mecanismo legal que permite aos presos reduzirem o tempo de suas penas por meio da leitura de livros. A cada livro e avalia\u00e7\u00e3o, quatro dias s\u00e3o diminu\u00eddos da pena, com limite de 48 dias (12 livros) por ano.\u00a0<\/p>\n<p>\u201cEstamos comprometidos com uma implementa\u00e7\u00e3o gradual, pautada em metas claras e a\u00e7\u00f5es consistentes para transformar as bibliotecas das unidades prisionais em espa\u00e7os vivos de conhecimento, esperan\u00e7a e cidadania, promovendo melhorias para os indiv\u00edduos privados de liberdade, servidores e toda a sociedade\u201d, finaliza M\u00edriam C\u00e9lia dos Santos, diretora de Ensino e Profissionaliza\u00e7\u00e3o do Departamento Penitenci\u00e1rio de Minas Gerais (Depen- MG).\u00a0<\/p>\n<\/p><\/div>\n","protected":false},"excerpt":{"rendered":"<p>O Pres\u00eddio de Iturama, no Tri\u00e2ngulo Mineiro, acabou de abrir as portas, em mar\u00e7o deste ano,\u00a0 e j\u00e1 est\u00e1 a<\/p>\n","protected":false},"author":2,"featured_media":0,"comment_status":"","ping_status":"","sticky":false,"template":"","format":"standard","meta":{"colormag_page_container_layout":"default_layout","colormag_page_sidebar_layout":"default_layout","footnotes":""},"categories":[1],"tags":[],"class_list":["post-48424","post","type-post","status-publish","format-standard","hentry","category-ejornais"],"aioseo_notices":[],"amp_enabled":true,"_links":{"self":[{"href":"https:\/\/ejornais.com.br\/index.php\/wp-json\/wp\/v2\/posts\/48424","targetHints":{"allow":["GET"]}}],"collection":[{"href":"https:\/\/ejornais.com.br\/index.php\/wp-json\/wp\/v2\/posts"}],"about":[{"href":"https:\/\/ejornais.com.br\/index.php\/wp-json\/wp\/v2\/types\/post"}],"author":[{"embeddable":true,"href":"https:\/\/ejornais.com.br\/index.php\/wp-json\/wp\/v2\/users\/2"}],"replies":[{"embeddable":true,"href":"https:\/\/ejornais.com.br\/index.php\/wp-json\/wp\/v2\/comments?post=48424"}],"version-history":[{"count":0,"href":"https:\/\/ejornais.com.br\/index.php\/wp-json\/wp\/v2\/posts\/48424\/revisions"}],"wp:attachment":[{"href":"https:\/\/ejornais.com.br\/index.php\/wp-json\/wp\/v2\/media?parent=48424"}],"wp:term":[{"taxonomy":"category","embeddable":true,"href":"https:\/\/ejornais.com.br\/index.php\/wp-json\/wp\/v2\/categories?post=48424"},{"taxonomy":"post_tag","embeddable":true,"href":"https:\/\/ejornais.com.br\/index.php\/wp-json\/wp\/v2\/tags?post=48424"}],"curies":[{"name":"wp","href":"https:\/\/api.w.org\/{rel}","templated":true}]}}