{"id":48472,"date":"2025-07-11T16:35:44","date_gmt":"2025-07-11T19:35:44","guid":{"rendered":"https:\/\/ejornais.com.br\/index.php\/2025\/07\/11\/fim-de-semana-tem-joao-gomes-o-teatro-magico-fenasul-e-festas-no-interior-agencia-de-noticias-do-governo-de-mato-grosso-do-sul\/"},"modified":"2025-07-11T16:35:44","modified_gmt":"2025-07-11T19:35:44","slug":"fim-de-semana-tem-joao-gomes-o-teatro-magico-fenasul-e-festas-no-interior-agencia-de-noticias-do-governo-de-mato-grosso-do-sul","status":"publish","type":"post","link":"https:\/\/ejornais.com.br\/index.php\/2025\/07\/11\/fim-de-semana-tem-joao-gomes-o-teatro-magico-fenasul-e-festas-no-interior-agencia-de-noticias-do-governo-de-mato-grosso-do-sul\/","title":{"rendered":"fim de semana tem Jo\u00e3o Gomes, O Teatro M\u00e1gico, Fenasul e festas no interior \u2013 Ag\u00eancia de Noticias do Governo de Mato Grosso do Sul"},"content":{"rendered":"<p><\/p>\n<div>\n<p><span style=\"font-weight: 400;\">O fim de semana em Mato Grosso do Sul chega com agenda variada, misturando gastronomia, m\u00fasica e celebra\u00e7\u00f5es pelo interior. Em Campo Grande, a tradicional Fenasul \u2013 Feira Ga\u00facha segue at\u00e9 domingo no Parque de Exposi\u00e7\u00f5es Lauc\u00eddio Coelho, com del\u00edcias como costela fogo de ch\u00e3o, doces de Gramado, chimarr\u00e3o e atra\u00e7\u00f5es culturais do sul do pa\u00eds. J\u00e1 o projeto MS ao Vivo recebe o fen\u00f4meno do piseiro Jo\u00e3o Gomes, em show gratuito no domingo (13), no Parque das Na\u00e7\u00f5es Ind\u00edgenas, com abertura de Gabriel Chiad.<\/span><\/p>\n<p><span style=\"font-weight: 400;\">Entre os destaques art\u00edsticos, a trupe d\u2019O Teatro M\u00e1gico volta a Campo Grande com o espet\u00e1culo \u201cO Reencontro\u201d, no Teatro Glauce Rocha, misturando poesia, m\u00fasica e artes c\u00eanicas em uma apresenta\u00e7\u00e3o \u00fanica. A programa\u00e7\u00e3o cultural tamb\u00e9m conta com oficinas, feiras, dan\u00e7a e teatro em espa\u00e7os como o Jardim Secreto, Sesc Teatro Prosa e Espa\u00e7o Fulano di Tal.<\/span><\/p>\n<p><span style=\"font-weight: 400;\">No interior, a agenda n\u00e3o fica para tr\u00e1s: Miranda celebra seus 247 anos com a Fecir e show de Jo\u00e3o Bosco &amp; Vin\u00edcius no domingo; F\u00e1tima do Sul segue com a F\u00e1tima Fest, que ter\u00e1 Gino &amp; Geno e DJ Ph Freitas no encerramento; e Costa Rica realiza o tradicional Motofest, reunindo motociclistas de v\u00e1rios estados, com shows, pra\u00e7a de alimenta\u00e7\u00e3o e camping gratuito.<\/span><\/p>\n<p><span style=\"font-weight: 400;\">A <\/span><b>Setesc<\/b><span style=\"font-weight: 400;\"> (Secretaria de Estado de Turismo, Esporte e Cultura) e a <\/span><b>FCMS<\/b><span style=\"font-weight: 400;\"> (Funda\u00e7\u00e3o de Cultura de Mato Grosso do Sul) listam os principais eventos do fim de semana. Confira:<\/span><\/p>\n<h4><span style=\"text-decoration: underline;\"><b>Sexta-feira (11)<\/b><\/span><\/h4>\n<p><b>18\u00aa FenaSul \u2013 Feira Ga\u00facha &#8211;<\/b><span style=\"font-weight: 400;\"> Com gastronomia t\u00edpica e atra\u00e7\u00f5es culturais do sul do pa\u00eds, a FenaSul retorna com pratos tradicionais, como costela fogo de ch\u00e3o, al\u00e9m de chimarr\u00e3o e doces de Gramado.<\/span><\/p>\n<p><span style=\"font-weight: 400;\">Hor\u00e1rio: 17h \u00e0s 23h<\/span><\/p>\n<p><span style=\"font-weight: 400;\">Local: Parque de Exposi\u00e7\u00f5es Lauc\u00eddio Coelho<\/span><\/p>\n<p><span style=\"font-weight: 400;\">Entrada: R$ 10 (menores de 10 anos n\u00e3o pagam)<\/span><\/p>\n<p><b>O Teatro M\u00e1gico em \u201cO Reencontro\u201d &#8211; <\/b><span style=\"font-weight: 400;\">Misturando m\u00fasica, poesia e teatro, o grupo O Teatro M\u00e1gico retorna aos palcos com cl\u00e1ssicos marcantes em um espet\u00e1culo cheio de magia e emo\u00e7\u00e3o.<\/span><\/p>\n<p><span style=\"font-weight: 400;\">Hor\u00e1rio: 19h<\/span><\/p>\n<p><span style=\"font-weight: 400;\">Local: Teatro Glauce Rocha<\/span><\/p>\n<p><span style=\"font-weight: 400;\">Entrada: a partir de R$ 100 pelo link <\/span><span style=\"font-weight: 400;\">https:\/\/ingressomagico.com.br\/comprar\/197\/o-reencontro-campo-grande<\/span><\/p>\n<p><b>Espet\u00e1culo de Dan\u00e7a \u201cEstou Sem Sil\u00eancio\u201d &#8211;<\/b><span style=\"font-weight: 400;\"> A Quasar Cia de Dan\u00e7a, de Goi\u00e1s, apresenta uma coreografia emocionante sobre a for\u00e7a e vulnerabilidade feminina, interpretada por quatro mulheres em movimento.<\/span><\/p>\n<p><span style=\"font-weight: 400;\">Hor\u00e1rio: 19h<\/span><\/p>\n<p><span style=\"font-weight: 400;\">Local: Sesc Teatro Prosa \u2013 R. Anhandui, 200<\/span><\/p>\n<p><span style=\"font-weight: 400;\">Entrada: Gratuita<\/span><\/p>\n<p><b>Semana da Arte no Jardim Secreto &#8211; <\/b><span style=\"font-weight: 400;\">Oficinas, exposi\u00e7\u00f5es e shows gratuitos integram a programa\u00e7\u00e3o do Jardim Secreto Caf\u00e9 Bar, celebrando a conex\u00e3o entre artistas e p\u00fablico por meio da arte e da cultura.<\/span><\/p>\n<p><span style=\"font-weight: 400;\">Hor\u00e1rio: 17h30 a 0h<\/span><\/p>\n<p><span style=\"font-weight: 400;\">Local: Jardim Secreto Caf\u00e9 Bar \u2013 R. Bar\u00e3o de Melga\u00e7o, 180<\/span><\/p>\n<p><span style=\"font-weight: 400;\">Entrada: Gratuita<\/span><\/p>\n<p><b>Baile \u201cDe F\u00e9rias Sem o Ex\u201d &#8211; <\/b><span style=\"font-weight: 400;\">O Capivas Cervejaria promove uma noite animada com muito funk na pista, sob o comando dos DJs DePieri e Gikka.<\/span><\/p>\n<p><span style=\"font-weight: 400;\">Hor\u00e1rio: 20h<\/span><\/p>\n<p><span style=\"font-weight: 400;\">Local: Capivas Cervejaria \u2013 R. Pedro Celestino, 1079<\/span><\/p>\n<p><span style=\"font-weight: 400;\">Entrada: Gratuita<\/span><\/p>\n<p><b>BBQ &#8211;<\/b><span style=\"font-weight: 400;\"> Comemorando 3 anos de sucesso, o BBQ convida o DJ Petrus e mais nomes da cena para uma noite de muito funk e celebra\u00e7\u00e3o.<\/span><\/p>\n<p><span style=\"font-weight: 400;\">Hor\u00e1rio: 22h<\/span><\/p>\n<p><span style=\"font-weight: 400;\">Local: Ponto Bar \u2013 R. Dr. Tem\u00edstocles, 103<\/span><\/p>\n<p><span style=\"font-weight: 400;\">Entrada: a partir de R$ 25, pelo link <\/span><span style=\"font-weight: 400;\">https:\/\/www.sympla.com.br\/evento\/bailedoburacoquente-2-anos-apresenta-petrus\/3016214<\/span><\/p>\n<p><b>Festa Fetish &#8211;<\/b><span style=\"font-weight: 400;\"> A NON Stop Club recebe mais uma edi\u00e7\u00e3o da Festa Fetish, com performances, dan\u00e7arinos e um ambiente de liberdade e ousadia embalado por pop e funk.<\/span><\/p>\n<p><span style=\"font-weight: 400;\">Hor\u00e1rio: 00h<\/span><\/p>\n<p><span style=\"font-weight: 400;\">Local: NON Stop Club \u2013 R. Pimenta Bueno, 127<\/span><\/p>\n<p><span style=\"font-weight: 400;\">Entrada: a partir de R$ 15 pelo link <\/span><span style=\"font-weight: 400;\">https:\/\/slticket.com.br\/306-fetish-1107-non<\/span><\/p>\n<p><b>Exposi\u00e7\u00e3o de Dinossauros &#8211;<\/b><span style=\"font-weight: 400;\"> Com 13 r\u00e9plicas em tamanho real, a mostra oferece uma experi\u00eancia imersiva e interativa que leva o p\u00fablico a uma viagem pelo mundo pr\u00e9-hist\u00f3rico.<\/span><\/p>\n<p><span style=\"font-weight: 400;\">Hor\u00e1rio: 10h \u00e0s 22h<\/span><\/p>\n<p><span style=\"font-weight: 400;\">Local: Shopping Bosque dos Ip\u00eas \u2013 Av. C\u00f4nsul Assaf Trad, 4796<\/span><\/p>\n<p><span style=\"font-weight: 400;\">Entrada: Gratuita<\/span><\/p>\n<p><b>Roda Gigante &#8211; <\/b><span style=\"font-weight: 400;\">Depois de passar por grandes eventos e cidades do Brasil, a roda gigante de 22 metros chega a Campo Grande com 16 cabines iluminadas, garantindo uma vista panor\u00e2mica da cidade. O passeio inclui quatro voltas, \u00e9 acess\u00edvel, pet friendly (para animais de pequeno porte com coleira) e indicado para toda a fam\u00edlia. Crian\u00e7as at\u00e9 12 anos devem estar acompanhadas por um adulto pagante.<\/span><\/p>\n<p><span style=\"font-weight: 400;\">Hor\u00e1rio: conforme funcionamento do shopping<\/span><\/p>\n<p><span style=\"font-weight: 400;\">Local: Estacionamento do Shopping Campo Grande (em frente \u00e0 F\u00f3rmula Academia)<\/span><\/p>\n<p><span style=\"font-weight: 400;\">Entrada: R$ 20 por pessoa<\/span><\/p>\n<p><strong>Arena Gloob &#8211;<\/strong> Inspirada em atra\u00e7\u00f5es de sucesso do canal Gloob, como DPA \u2013 Detetives do Pr\u00e9dio Azul, Tara Duncan, Acampamento de Magia e Giga Blaster, a Arena Gloob traz um circuito interativo com desafios, pistas, labirinto e piscina de espumas para crian\u00e7as de 2 a 13 anos (at\u00e9 1,60m ou 80kg). Crian\u00e7as menores de 5 anos devem estar acompanhadas de um adulto respons\u00e1vel.<\/p>\n<p>Hor\u00e1rio: 10h \u00e0s 22h (sexta e s\u00e1bado) e 12h \u00e0s 20h (domingo)<br \/>Local: Pra\u00e7a de Eventos \u2013 Shopping Campo Grande<br \/>Entrada: A partir de R$ 60 (meia para autistas e PCDs com documenta\u00e7\u00e3o)<\/p>\n<p><b>Oficina de F\u00e9rias no Shopping Campo Grande &#8211;<\/b><span style=\"font-weight: 400;\"> As atividades de f\u00e9rias come\u00e7am com escultura de bal\u00f5es e conta\u00e7\u00e3o de hist\u00f3rias para crian\u00e7as, em programa\u00e7\u00e3o especial de julho.<\/span><\/p>\n<p><span style=\"font-weight: 400;\">Hor\u00e1rio: 17h \u00e0s 20h<\/span><\/p>\n<p><span style=\"font-weight: 400;\">Local: Shopping Campo Grande (2\u00ba piso) \u2013 Av. Afonso Pena, 4909<\/span><\/p>\n<p><span style=\"font-weight: 400;\">Entrada: Gratuita<\/span><\/p>\n<p><b>Lan\u00e7amento de \u201cSob os Signos da Viol\u00eancia\u201d &#8211; <\/b><span style=\"font-weight: 400;\">Os autores Andr\u00e9 Rezende Benatti, Rosana Zanelatto Santos e Wellington Furtado Ramos lan\u00e7am o livro pela Editora Unicamp em evento gratuito na H\u00e1mor Livraria.<\/span><\/p>\n<p><span style=\"font-weight: 400;\">Hor\u00e1rio: 18h<\/span><\/p>\n<p><span style=\"font-weight: 400;\">Local: H\u00e1mor Livraria \u2013 R. Amazonas, 1080<\/span><\/p>\n<p><span style=\"font-weight: 400;\">Entrada: Gratuita<\/span><\/p>\n<p><b>Festival de Caldos &#8211;<\/b><span style=\"font-weight: 400;\"> O festival estreia com variedades de caldos em uma noite de sabores e solidariedade.<\/span><\/p>\n<p><span style=\"font-weight: 400;\">Hor\u00e1rio: 18h30 \u00e0s 22h30<\/span><\/p>\n<p><span style=\"font-weight: 400;\">Local: Cantina do C\u00edrculo Militar \u2013 Av. Afonso Pena, 107<\/span><\/p>\n<p><span style=\"font-weight: 400;\">Entrada: R$ 30<\/span><\/p>\n<p><b>Projeto Bolax\u00e3o \u2013 <\/b><span style=\"font-weight: 400;\">O Qui\u00e7\u00e1 Gastrobar recebe os artistas Yule Tavares e Luciano Rosalde para uma noite que mistura piadas e nostalgia em vinil.<\/span><\/p>\n<p><span style=\"font-weight: 400;\">Hor\u00e1rio: a partir das 19h<\/span><\/p>\n<p><span style=\"font-weight: 400;\">Local: Qui\u00e7\u00e1 Gastrobar \u2013 R. Euclides da Cunha, 488<\/span><\/p>\n<p><span style=\"font-weight: 400;\">Entrada: Gratuita<\/span><\/p>\n<p><b>INBRAZZA \u2013 M\u00fasica Eletr\u00f4nica com Identidade Brasileira &#8211;<\/b><span style=\"font-weight: 400;\"> O projeto destaca novos talentos da m\u00fasica eletr\u00f4nica em fus\u00e3o com elementos da cultura brasileira, promovendo uma noite de batidas e brasilidade.<\/span><\/p>\n<p><span style=\"font-weight: 400;\">Hor\u00e1rio: a partir das 19h<\/span><\/p>\n<p><span style=\"font-weight: 400;\">Local: Para\u00edba 73 \u2013 R. Dr. Tem\u00edstocles, 82<\/span><\/p>\n<p><span style=\"font-weight: 400;\">Entrada: Gratuita<\/span><\/p>\n<p><b>Experience Nu Metal &#8211;<\/b><span style=\"font-weight: 400;\"> A banda Herezia lidera o maior festival de Nu Metal de MS, com mais de 20 atra\u00e7\u00f5es em uma noite intensa de rock pesado.<\/span><\/p>\n<p><span style=\"font-weight: 400;\">Hor\u00e1rio: 20h<\/span><\/p>\n<p><span style=\"font-weight: 400;\">Local: Blues Bar \u2013 R. 15 de Novembro, 1186<\/span><\/p>\n<p><span style=\"font-weight: 400;\">Entrada: a partir de R$ 35 pelo link <\/span><span style=\"font-weight: 400;\">https:\/\/www.sympla.com.br\/evento\/herezia-experience-nu-metal\/2995303<\/span><\/p>\n<p><b>Tributo a Jimi Hendrix &#8211; <\/b><span style=\"font-weight: 400;\">A banda Foxey presta homenagem a um dos maiores guitarristas da hist\u00f3ria em apresenta\u00e7\u00e3o especial na Canalhas Cervejaria.<\/span><\/p>\n<p><span style=\"font-weight: 400;\">Hor\u00e1rio: a partir das 18h<\/span><\/p>\n<p><span style=\"font-weight: 400;\">Local: Canalhas Cervejaria \u2013 R. Oceano Atl\u00e2ntico, 99<\/span><\/p>\n<p><span style=\"font-weight: 400;\">Entrada: Gratuita at\u00e9 20h<\/span><\/p>\n<h4><b>F\u00e1tima do Sul<\/b><\/h4>\n<p><b>F\u00e1tima Fest &#8211;<\/b><span style=\"font-weight: 400;\"> O munic\u00edpio de F\u00e1tima do Sul comemora 62 anos com muita festa e shows. Nesta sexta-feira, duas duplas sertanejas v\u00e3o agitar o palco: Fred e Victor, e Munhoz e Mariano. Al\u00e9m dos shows, o F\u00e1tima Fest ter\u00e1 rodeio em touros, parque de divers\u00f5es e pra\u00e7a de alimenta\u00e7\u00e3o.<\/span><\/p>\n<p><span style=\"font-weight: 400;\">Hor\u00e1rio: a partir das 19h<\/span><\/p>\n<p><span style=\"font-weight: 400;\">Local: Centro de Eventos Beira Rio<\/span><\/p>\n<p><span style=\"font-weight: 400;\">Entrada: gratuita<\/span><\/p>\n<h4><b>Costa Rica<\/b><\/h4>\n<p><b>9\u00ba Motofest &#8211;<\/b><span style=\"font-weight: 400;\"> Costa Rica sedia um dos maiores encontros de motociclistas da regi\u00e3o. Nesta sexta-feira, o p\u00fablico poder\u00e1 curtir a Noite Flashback, com dois shows confirmados: Bougre (GO) e Raul Seixas Cover. Al\u00e9m dos shows, o evento contar\u00e1 com pra\u00e7a de alimenta\u00e7\u00e3o, expositores, \u00e1rea kids e camping gratuito com chuveiro quente.\u00a0<\/span><\/p>\n<p><span style=\"font-weight: 400;\">Hor\u00e1rio: a partir das 17h<\/span><\/p>\n<p><span style=\"font-weight: 400;\">Local: Centro de Eventos Ramez Tebet<\/span><\/p>\n<p><span style=\"font-weight: 400;\">Entrada: 1 kg de alimento n\u00e3o perec\u00edvel<\/span><\/p>\n<h4><span style=\"text-decoration: underline;\"><b>S\u00e1bado (12)<\/b><\/span><\/h4>\n<p><b>18\u00aa FenaSul \u2013 Feira Ga\u00facha &#8211;<\/b><span style=\"font-weight: 400;\"> A tradicional FenaSul oferece gastronomia e cultura do Rio Grande do Sul, com costela fogo de ch\u00e3o, chimarr\u00e3o, chocolates de Gramado e mais.<\/span><\/p>\n<p><span style=\"font-weight: 400;\">Hor\u00e1rio: 17h \u00e0s 23h<\/span><\/p>\n<p><span style=\"font-weight: 400;\">Local: Parque de Exposi\u00e7\u00f5es Lauc\u00eddio Coelho<\/span><\/p>\n<p><span style=\"font-weight: 400;\">Entrada: R$ 10 (gratuita para menores de 10 anos)<\/span><\/p>\n<p><b>Experimento C\u00eanico \u201cTico Tico no Fubar\u201d &#8211;<\/b><span style=\"font-weight: 400;\"> O Grupo Fulano di Tal apresenta o resultado de sua oficina de montagem, livremente inspirado no cl\u00e1ssico \u201cAuto da Barca do Inferno\u201d.<\/span><\/p>\n<p><span style=\"font-weight: 400;\">Hor\u00e1rio: 20h30<\/span><\/p>\n<p><span style=\"font-weight: 400;\">Local: Espa\u00e7o Fulano di Tal \u2013 R. Rui Barbosa, 3099<\/span><\/p>\n<p><span style=\"font-weight: 400;\">Entrada: Gratuita<\/span><\/p>\n<p><b>Feira \u201cVem Garimpar\u201d &#8211; <\/b><span style=\"font-weight: 400;\">Mais de 4 mil pe\u00e7as de roupas, cal\u00e7ados e acess\u00f3rios na feira que incentiva a moda circular e consciente.<\/span><\/p>\n<p><span style=\"font-weight: 400;\">Hor\u00e1rio: 8h \u00e0s 15h<\/span><\/p>\n<p><span style=\"font-weight: 400;\">Local: Teatro de Arena do Horto Florestal<\/span><\/p>\n<p><span style=\"font-weight: 400;\">Entrada: Gratuita<\/span><\/p>\n<p><b>ArraiASPRA &#8211; <\/b><span style=\"font-weight: 400;\">A Associa\u00e7\u00e3o de Pra\u00e7as da PM e do Corpo de Bombeiros realiza seu arrai\u00e1 com m\u00fasica, comidas t\u00edpicas e bingo valendo uma TV de 32&#8243;.<\/span><\/p>\n<p><span style=\"font-weight: 400;\">Hor\u00e1rio: 18h<\/span><\/p>\n<p><span style=\"font-weight: 400;\">Local: Rua Bilac Pinto, s\/n \u2013 Jardim Parati<\/span><\/p>\n<p><span style=\"font-weight: 400;\">Entrada: Gratuita<\/span><\/p>\n<p><b>Semana da Arte no Jardim Secreto &#8211; <\/b><span style=\"font-weight: 400;\">O Jardim Secreto Caf\u00e9 Bar segue com sua extensa programa\u00e7\u00e3o gratuita, reunindo oficinas, exposi\u00e7\u00f5es, espet\u00e1culos e m\u00fasica ao vivo, em um espa\u00e7o que promove o encontro entre artistas e o p\u00fablico campo-grandense.<\/span><\/p>\n<p><span style=\"font-weight: 400;\">Hor\u00e1rio: 11h30 \u00e0s 16h e 17h30 \u00e0s 00h<\/span><\/p>\n<p><span style=\"font-weight: 400;\">Local: Jardim Secreto Caf\u00e9 Bar \u2013 R. Bar\u00e3o de Melga\u00e7o, 180<\/span><\/p>\n<p><span style=\"font-weight: 400;\">Entrada: Gratuita<\/span><\/p>\n<p><b>Gera\u00e7\u00e3o MTV &#8211; <\/b><span style=\"font-weight: 400;\">Cl\u00e1ssicos do Ao Vivo MTV em noite nost\u00e1lgica com muito pop rock e brasilidades.<\/span><\/p>\n<p><span style=\"font-weight: 400;\">Hor\u00e1rio: 18h<\/span><\/p>\n<p><span style=\"font-weight: 400;\">Local: Lupland Biergarten \u2013 R. Ant\u00f4nio Maria Coelho, 3285 \u2013 Jardim dos Estados<\/span><\/p>\n<p><span style=\"font-weight: 400;\">Entrada: A partir de R$ 20 pelo link <\/span><span style=\"font-weight: 400;\">https:\/\/www.sympla.com.br\/evento\/geracao-mtv-especial-ao-vivo\/3014277<\/span><\/p>\n<p><b>Festa Flashback &#8211; <\/b><span style=\"font-weight: 400;\">Reviva as d\u00e9cadas de 70, 80 e 90 com hits e clima de nostalgia no Sunset Growler Station.<\/span><\/p>\n<p><span style=\"font-weight: 400;\">Hor\u00e1rio: 18h<\/span><\/p>\n<p><span style=\"font-weight: 400;\">Local: Av. Afonso Pena, 5668 \u2013 Ch\u00e1cara Cachoeira<\/span><\/p>\n<p><span style=\"font-weight: 400;\">Entrada: A partir de R$ 30 pelo link <\/span><span style=\"font-weight: 400;\">https:\/\/www.sympla.com.br\/evento\/festa-flashback\/2995697<\/span><\/p>\n<p><b>Rock Combate 2 \u2013 A Batalha Continua &#8211; <\/b><span style=\"font-weight: 400;\">Dois palcos, duas bandas e quatro horas de rock sem parar no Mirante PUB.<\/span><\/p>\n<p><span style=\"font-weight: 400;\">Hor\u00e1rio: A partir das 21h<\/span><\/p>\n<p><span style=\"font-weight: 400;\">Local: R. Dr. Zerbini, 53 \u2013 Ch\u00e1cara Cachoeira<\/span><\/p>\n<p><span style=\"font-weight: 400;\">Entrada: A partir de R$ 20 pelo link <\/span><span style=\"font-weight: 400;\">https:\/\/www.sympla.com.br\/evento\/rock-combate-2-a-batalha-continua\/3021442<\/span><\/p>\n<p><b>13\u00aa Feijoada AGZ &#8211; <\/b><span style=\"font-weight: 400;\">Cinco tipos de feijoada, espa\u00e7o kids, chopp, caipirinha e muito pagode nesta edi\u00e7\u00e3o da feijoada da AGZ.<\/span><\/p>\n<p><span style=\"font-weight: 400;\">Hor\u00e1rio: 12h<\/span><\/p>\n<p><span style=\"font-weight: 400;\">Local: Sede da AGZ \u2013 Estrada NE Seis \u2013 Ch\u00e1cara dos Poderes<\/span><\/p>\n<p><span style=\"font-weight: 400;\">Entrada: A partir de R$ 100 pelo link <\/span><span style=\"font-weight: 400;\">https:\/\/www.sympla.com.br\/evento\/13-feijoada-agz\/3015358<\/span><\/p>\n<p><b>Festa Julina da Orla Morena &#8211;<\/b><span style=\"font-weight: 400;\"> Mais de 30 barracas de comidas t\u00edpicas e artesanato, al\u00e9m de quadrilha e trio el\u00e9trico, fazem parte da programa\u00e7\u00e3o da festa, que ter\u00e1 ainda atra\u00e7\u00f5es como DJ Peagaa, Marcelo Saz e convidados.<\/span><\/p>\n<p><span style=\"font-weight: 400;\">Hor\u00e1rio: 19h<\/span><\/p>\n<p><span style=\"font-weight: 400;\">Local: Palco da Orla Morena \u2013 Av. Noroeste, 1562<\/span><\/p>\n<p><span style=\"font-weight: 400;\">Entrada: Gratuita<\/span><\/p>\n<p><b>Arrai\u00e1 Beneficente de Norte a Sul &#8211; <\/b><span style=\"font-weight: 400;\">A segunda edi\u00e7\u00e3o do arrai\u00e1 do Shopping Norte Sul une festa junina e solidariedade em uma noite com comidas t\u00edpicas, brincadeiras e clima caipira.<\/span><\/p>\n<p><span style=\"font-weight: 400;\">Hor\u00e1rio: 17h \u00e0s 22h<\/span><\/p>\n<p><span style=\"font-weight: 400;\">Local: Estacionamento do Shopping Norte Sul Plaza \u2013 acesso pela Rua Jap\u00e3o (sa\u00edda G, Cin\u00e9polis)<\/span><\/p>\n<p><span style=\"font-weight: 400;\">Entrada: Gratuita<\/span><\/p>\n<p><b>Roda Gigante &#8211; <\/b><span style=\"font-weight: 400;\">Depois de passar por grandes eventos e cidades do Brasil, a roda gigante de 22 metros chega a Campo Grande com 16 cabines iluminadas, garantindo uma vista panor\u00e2mica da cidade. O passeio inclui quatro voltas, \u00e9 acess\u00edvel, pet friendly (para animais de pequeno porte com coleira) e indicado para toda a fam\u00edlia. Crian\u00e7as at\u00e9 12 anos devem estar acompanhadas por um adulto pagante.<\/span><\/p>\n<p><span style=\"font-weight: 400;\">Hor\u00e1rio: conforme funcionamento do shopping<\/span><\/p>\n<p><span style=\"font-weight: 400;\">Local: Estacionamento do Shopping Campo Grande (em frente \u00e0 F\u00f3rmula Academia)<\/span><\/p>\n<p><span style=\"font-weight: 400;\">Entrada: R$ 20 por pessoa<\/span><\/p>\n<p><b>Oficina de F\u00e9rias no Shopping Campo Grande &#8211;<\/b><span style=\"font-weight: 400;\"> Neste s\u00e1bado tem oficina de decora\u00e7\u00e3o de brigadeiros e pintura facial.<\/span><\/p>\n<p><span style=\"font-weight: 400;\">Hor\u00e1rio: 16h \u00e0s 19h<\/span><\/p>\n<p><span style=\"font-weight: 400;\">Local: Shopping Campo Grande (2\u00ba piso) \u2013 Av. Afonso Pena, 4909<\/span><\/p>\n<p><span style=\"font-weight: 400;\">Entrada: Gratuita<\/span><\/p>\n<p><strong>Arena Gloob &#8211;<\/strong> Inspirada em atra\u00e7\u00f5es de sucesso do canal Gloob, como DPA \u2013 Detetives do Pr\u00e9dio Azul, Tara Duncan, Acampamento de Magia e Giga Blaster, a Arena Gloob traz um circuito interativo com desafios, pistas, labirinto e piscina de espumas para crian\u00e7as de 2 a 13 anos (at\u00e9 1,60m ou 80kg). Crian\u00e7as menores de 5 anos devem estar acompanhadas de um adulto respons\u00e1vel.<\/p>\n<p>Hor\u00e1rio: 10h \u00e0s 22h (sexta e s\u00e1bado) e 12h \u00e0s 20h (domingo)<br \/>Local: Pra\u00e7a de Eventos \u2013 Shopping Campo Grande<br \/>Entrada: A partir de R$ 60 (meia para autistas e PCDs com documenta\u00e7\u00e3o)<\/p>\n<p><b>Tardezinha da CRU &#8211; <\/b><span style=\"font-weight: 400;\">Feirinha com marcas locais, gastronomia, bebidas e DJ Keertana tocando brasilidades em mais uma edi\u00e7\u00e3o da Tardezinha da CRU Sem Disfarces.<\/span><\/p>\n<p><span style=\"font-weight: 400;\">Hor\u00e1rio: 14h \u00e0s 19h<\/span><\/p>\n<p><span style=\"font-weight: 400;\">Local: R. Arthur Jorge, 1631<\/span><\/p>\n<p><span style=\"font-weight: 400;\">Entrada: Gratuita<\/span><\/p>\n<p><b>Rock in Biu \u2013 Dia Mundial do Rock &#8211; <\/b><span style=\"font-weight: 400;\">A Academia do Chopp recebe grandes nomes da cena local em celebra\u00e7\u00e3o antecipada ao Dia Mundial do Rock.<\/span><\/p>\n<p><span style=\"font-weight: 400;\">Hor\u00e1rio: 18h<\/span><\/p>\n<p><span style=\"font-weight: 400;\">Local: Academia do Chopp \u2013 R. Elvira Pach\u00eaco Sampaio, 1344 \u2013 Universit\u00e1rio<\/span><\/p>\n<p><span style=\"font-weight: 400;\">Entrada: A partir de R$ 30 pelo link <\/span><span style=\"font-weight: 400;\">https:\/\/www.sympla.com.br\/evento\/rock-in-biu-dia-mundial-do-rock\/3000787<\/span><\/p>\n<p><b>Arrai\u00e1 da Feira Mixtur\u00f4 &#8211;<\/b><span style=\"font-weight: 400;\"> Edi\u00e7\u00e3o especial junina da feira Mixtur\u00f4, com shows, comidas t\u00edpicas, moda e artesanato local, al\u00e9m da apresenta\u00e7\u00e3o de Julia Saravy.<\/span><\/p>\n<p><span style=\"font-weight: 400;\">Hor\u00e1rio: 17h \u00e0s 22h<\/span><\/p>\n<p><span style=\"font-weight: 400;\">Local: Pra\u00e7a do Peixe<\/span><\/p>\n<p><span style=\"font-weight: 400;\">Entrada: Gratuita<\/span><\/p>\n<p><b>2\u00ba Concerto a S\u00e3o Jo\u00e3o &#8211;<\/b><span style=\"font-weight: 400;\"> Beg\u00e9t de Lucena e DoValle comandam o bail\u00e3o junino em noite com clima nordestino. A abertura fica por conta da DJ Tamys e DJ Aruan.<\/span><\/p>\n<p><span style=\"font-weight: 400;\">Hor\u00e1rio: 19h<\/span><\/p>\n<p><span style=\"font-weight: 400;\">Local: Degrau Est\u00fadio \u2013 R. Joaquim Murtinho, 2204<\/span><\/p>\n<p><span style=\"font-weight: 400;\">Entrada: R$ 20 + agasalho ou R$ 25, pelo link <\/span><span style=\"font-weight: 400;\">https:\/\/www.sympla.com.br\/evento\/um-concerto-a-sao-joao-2-edicao\/3024371<\/span><\/p>\n<p><b>World Rock Day &#8211;<\/b><span style=\"font-weight: 400;\"> Stone Crow e Hajj tocam os cl\u00e1ssicos de Metallica, AC\/DC, Guns e outros no especial do Blues Bar.<\/span><\/p>\n<p><span style=\"font-weight: 400;\">Hor\u00e1rio: 20h<\/span><\/p>\n<p><span style=\"font-weight: 400;\">Local: Blues Bar \u2013 R. 15 de Novembro, 1186 \u2013 Centro<\/span><\/p>\n<p><span style=\"font-weight: 400;\">Entrada: A partir de R$ 30 pelo link <\/span><span style=\"font-weight: 400;\">https:\/\/www.sympla.com.br\/evento\/dia-mundial-do-rock-blues-bar\/2502538<\/span><\/p>\n<p><b>Arrai\u00e1 Solid\u00e1rio \u2013 Mata do Jacinto &#8211;<\/b><span style=\"font-weight: 400;\"> A Associa\u00e7\u00e3o de Moradores do bairro promove festa para toda a fam\u00edlia com brincadeiras e atra\u00e7\u00f5es culturais.<\/span><\/p>\n<p><span style=\"font-weight: 400;\">Hor\u00e1rio: A partir das 18h<\/span><\/p>\n<p><span style=\"font-weight: 400;\">Local: Av. Alberto Ara\u00fajo Arruda, 300 \u2013 Mata do Jacinto<\/span><\/p>\n<p><span style=\"font-weight: 400;\">Entrada: Gratuita<\/span><\/p>\n<p><b>Batucando Hist\u00f3rias canta \u201cPalavra Cantada\u201d &#8211;<\/b><span style=\"font-weight: 400;\"> Um espet\u00e1culo infantil repleto de m\u00fasicas conhecidas do grupo Palavra Cantada, que encantam crian\u00e7as e adultos com leveza e divers\u00e3o.<\/span><\/p>\n<p><span style=\"font-weight: 400;\">Hor\u00e1rio: 16h<\/span><\/p>\n<p><span style=\"font-weight: 400;\">Local: Sesc Teatro Prosa \u2013 R. Anhandui, 200<\/span><\/p>\n<p><span style=\"font-weight: 400;\">Entrada: Gratuita<\/span><\/p>\n<p><b>Arrai\u00e1 Comunidade S\u00e3o Frei Galv\u00e3o &#8211;<\/b><span style=\"font-weight: 400;\"> Festa junina com comidas t\u00edpicas, pescaria, atra\u00e7\u00f5es musicais e sorteio de pr\u00eamios.<\/span><\/p>\n<p><span style=\"font-weight: 400;\">Hor\u00e1rio: A partir das 18h30<\/span><\/p>\n<p><span style=\"font-weight: 400;\">Local: R. Ester Ana da Rocha, 227 \u2013 Parque Novo S\u00e9culo<\/span><\/p>\n<p><span style=\"font-weight: 400;\">Entrada: Gratuita<\/span><\/p>\n<p><b>Feira na Pra\u00e7a &#8211; <\/b><span style=\"font-weight: 400;\">Comece o s\u00e1bado com feira de artesanato, gastronomia e cultura bem no cora\u00e7\u00e3o da cidade.<\/span><\/p>\n<p><span style=\"font-weight: 400;\">Hor\u00e1rio: 9h<\/span><\/p>\n<p><span style=\"font-weight: 400;\">Local: Pra\u00e7a Ary Coelho \u2013 R. 14 de Julho \u2013 Centro<\/span><\/p>\n<p><span style=\"font-weight: 400;\">Entrada: Gratuita<\/span><\/p>\n<p><b>Festa Infame &#8211; <\/b><span style=\"font-weight: 400;\">Com passagens por grandes festivais, o DJ Delcu comanda a pista da Festa Infame em uma madrugada de muito som underground.<\/span><\/p>\n<p><span style=\"font-weight: 400;\">Hor\u00e1rio: 1h (madrugada de s\u00e1bado para domingo)<\/span><\/p>\n<p><span style=\"font-weight: 400;\">Local: Kafofo Bar \u2013 R. Dr. Tem\u00edstocles, 112<\/span><\/p>\n<p><span style=\"font-weight: 400;\">Entrada: a partir de R$ 13 pelo link <\/span><span style=\"font-weight: 400;\">https:\/\/www.sympla.com.br\/evento\/delcu-na-infame-12-7\/3031299<\/span><\/p>\n<p><b>Show com O Maestro Lang e a Cozinha Sinf\u00f4nica &#8211;<\/b><span style=\"font-weight: 400;\"> A banda leva blues e rock\u2019n\u2019roll ao Copo Bar, com abertura da DJ Letz Esp\u00edndola.<\/span><\/p>\n<p><span style=\"font-weight: 400;\">Hor\u00e1rio: 20h<\/span><\/p>\n<p><span style=\"font-weight: 400;\">Local: Copo Bar \u2013 R. 14 de Julho, 2530<\/span><\/p>\n<p><span style=\"font-weight: 400;\">Entrada: Gratuita<\/span><\/p>\n<p><b>Dia do Rock no Irland\u00eas &#8211;<\/b><span style=\"font-weight: 400;\"> O pub est\u00e1 de volta com programa\u00e7\u00e3o especial em comemora\u00e7\u00e3o ao Dia Mundial do Rock.<\/span><\/p>\n<p><span style=\"font-weight: 400;\">Hor\u00e1rio: A partir das 20h<\/span><\/p>\n<p><span style=\"font-weight: 400;\">Local: O Irland\u00eas Pub \u2013 R. Oceano Atl\u00e2ntico, 115 \u2013 Ch\u00e1cara Cachoeira<\/span><\/p>\n<p><span style=\"font-weight: 400;\">Entrada: A partir de R$ 40 pelo link <\/span><span style=\"font-weight: 400;\">https:\/\/www.sympla.com.br\/evento\/dia-do-rock-12-07\/3026331<\/span><\/p>\n<p><b>FURIOSAS! \u2013 Especial Rita Lee &amp; Elis Regina &#8211;<\/b><span style=\"font-weight: 400;\"> Erica Esp\u00edndola comanda tributo \u00e0s grandes mulheres do rock nacional na Cervejaria Canalhas.<\/span><\/p>\n<p><span style=\"font-weight: 400;\">Hor\u00e1rio: 18h30<\/span><\/p>\n<p><span style=\"font-weight: 400;\">Local: R. Oceano Atl\u00e2ntico, 99 \u2013 Ch\u00e1cara Cachoeira<\/span><\/p>\n<p><span style=\"font-weight: 400;\">Entrada: A partir de R$ 63,63 pelo link <\/span><span style=\"font-weight: 400;\">https:\/\/www.sympla.com.br\/evento\/furiosas-2-erica-espindola-canta-elis-regina-e-rita-lee\/2976583<\/span><\/p>\n<p><b>DAZA Hits &#8211;<\/b><span style=\"font-weight: 400;\"> Uma pista para dan\u00e7ar todos os sucessos que marcaram gera\u00e7\u00f5es. Noite 100% nostalgia pop.<\/span><\/p>\n<p><span style=\"font-weight: 400;\">Hor\u00e1rio: 23h59<\/span><\/p>\n<p><span style=\"font-weight: 400;\">Local: DAZA Club \u2013 R. Mal. Rondon, 2181 \u2013 Centro<\/span><\/p>\n<p><span style=\"font-weight: 400;\">Entrada: A partir de R$ 15 pelo link <\/span><span style=\"font-weight: 400;\">https:\/\/www.sympla.com.br\/evento\/daza-hits-sabado-12-07\/3032131<\/span><\/p>\n<h4><b>Corumb\u00e1<\/b><\/h4>\n<p><b>Nh\u00f4 Moinho &#8211;<\/b><span style=\"font-weight: 400;\"> O Instituto Moinho Cultural celebra com quadrilhas, comidas t\u00edpicas e show da dupla J\u00falia &amp; Renato.<\/span><\/p>\n<p><span style=\"font-weight: 400;\">Hor\u00e1rio: 18h<\/span><\/p>\n<p><span style=\"font-weight: 400;\">Local: Moinho Cultural \u2013 R. Domingos Sahib, 300 &#8211; Corumb\u00e1<\/span><\/p>\n<p><span style=\"font-weight: 400;\">Entrada: R$ 10 (antecipada na Secretaria do Instituto)<\/span><\/p>\n<h4><b>F\u00e1tima do Sul<\/b><\/h4>\n<p><b>F\u00e1tima Fest &#8211;<\/b><span style=\"font-weight: 400;\"> A dupla Patricia e Adriana vai ao palco, seguida por Jo\u00e3o Lucas e Walter Filho, neste s\u00e1bado.<\/span><\/p>\n<p><span style=\"font-weight: 400;\">Hor\u00e1rio: a partir das 19h<\/span><\/p>\n<p><span style=\"font-weight: 400;\">Local: Centro de Eventos Beira Rio<\/span><\/p>\n<p><span style=\"font-weight: 400;\">Entrada: gratuita<\/span><\/p>\n<h4><b>Miranda<\/b><\/h4>\n<p><b>Fecir &#8211;<\/b><span style=\"font-weight: 400;\"> Miranda comemora seus 247 anos de hist\u00f3ria com a realiza\u00e7\u00e3o da Fecir (Feira de Cultura e Integra\u00e7\u00e3o de Miranda) 2025. A programa\u00e7\u00e3o musical deste s\u00e1bado conta com Delley &amp; Dorivan e Talles &amp; Rafael \u2013 Resenha dos Gordinhos.\u00a0<\/span><\/p>\n<p><span style=\"font-weight: 400;\">Hor\u00e1rio: a partir das 19h<\/span><\/p>\n<p><span style=\"font-weight: 400;\">Local: Parque de Exposi\u00e7\u00f5es<\/span><\/p>\n<p><span style=\"font-weight: 400;\">Entrada: gratuita<\/span><\/p>\n<h4><b>Costa Rica<\/b><\/h4>\n<p><b>9\u00ba Motofest &#8211;<\/b><span style=\"font-weight: 400;\"> J\u00e1 neste s\u00e1bado, o palco principal ser\u00e1 ocupado por uma sequ\u00eancia de shows, com mais de 10 horas de m\u00fasica ao vivo. As atra\u00e7\u00f5es confirmadas para o segundo dia s\u00e3o: Raul Seixas Cover, HAIWANNA, Pop Live, Bougre (GO) e Diox (SP). Al\u00e9m dos shows, o evento contar\u00e1 com pra\u00e7a de alimenta\u00e7\u00e3o, expositores, \u00e1rea kids e camping gratuito com chuveiro quente.\u00a0<\/span><\/p>\n<p><span style=\"font-weight: 400;\">Hor\u00e1rio: a partir das 11h<\/span><\/p>\n<p><span style=\"font-weight: 400;\">Local: Centro de Eventos Ramez Tebet<\/span><\/p>\n<p><span style=\"font-weight: 400;\">Entrada: 1 kg de alimento n\u00e3o perec\u00edvel<\/span><\/p>\n<h4><span style=\"text-decoration: underline;\"><b>Domingo (13)<\/b><\/span><\/h4>\n<p><b>Jo\u00e3o Gomes no MS ao Vivo &#8211;<\/b><span style=\"font-weight: 400;\"> O Parque das Na\u00e7\u00f5es Ind\u00edgenas recebe mais uma edi\u00e7\u00e3o do MS ao Vivo, desta vez com Jo\u00e3o Gomes, um dos maiores nomes do piseiro no Brasil. A abertura fica por conta do m\u00fasico Gabriel Chiad, com muito forr\u00f3 e sanfona.<\/span><\/p>\n<p><span style=\"font-weight: 400;\">Hor\u00e1rio: 17h<\/span><\/p>\n<p><span style=\"font-weight: 400;\">Local: Parque das Na\u00e7\u00f5es Ind\u00edgenas<\/span><\/p>\n<p><span style=\"font-weight: 400;\">Entrada: Gratuita<\/span><\/p>\n<p><b>18\u00aa FenaSul \u2013 Feira Ga\u00facha &#8211;<\/b><span style=\"font-weight: 400;\"> Com costela fogo de ch\u00e3o, chocolates de Gramado, chimarr\u00e3o e shows culturais, a FenaSul segue neste domingo com apresenta\u00e7\u00f5es de Trem Pantaneiro e Marlon Maciel.<\/span><\/p>\n<p><span style=\"font-weight: 400;\">Hor\u00e1rio: 17h \u00e0s 23h<\/span><\/p>\n<p><span style=\"font-weight: 400;\">Local: Parque de Exposi\u00e7\u00f5es Lauc\u00eddio Coelho<\/span><\/p>\n<p><span style=\"font-weight: 400;\">Entrada: R$ 10 (gratuito para menores de 10 anos)<\/span><\/p>\n<p><b>Feira da Pra\u00e7a Bol\u00edvia &#8211; <\/b><span style=\"font-weight: 400;\">Em edi\u00e7\u00e3o especial pelo Dia do Rock, a tradicional feira da Bol\u00edvia conta com expositores e shows de Renan Matos, Toca Direito, Projeto Umoja, Elisa Emanuely, Skuderia e Marden Machado.<\/span><\/p>\n<p><span style=\"font-weight: 400;\">Hor\u00e1rio: 9h \u00e0s 14h<\/span><\/p>\n<p><span style=\"font-weight: 400;\">Local: Pra\u00e7a Bol\u00edvia<\/span><\/p>\n<p><span style=\"font-weight: 400;\">Entrada: Gratuita<\/span><\/p>\n<p><b>IV Feira Underground &#8211;<\/b><span style=\"font-weight: 400;\"> Com shows de Mystical Perversion, Maestro Lang, Codinome Winchester, Atropelo e Bravo e Meio, a Feira Underground re\u00fane o melhor do rock autoral da cidade, al\u00e9m de expositores de arte, moda e gastronomia.<\/span><\/p>\n<p><span style=\"font-weight: 400;\">Hor\u00e1rio: 16h<\/span><\/p>\n<p><span style=\"font-weight: 400;\">Local: Pra\u00e7a Cuiab\u00e1<\/span><\/p>\n<p><span style=\"font-weight: 400;\">Entrada: Gratuita<\/span><\/p>\n<p><b>Roda Gigante &#8211; <\/b><span style=\"font-weight: 400;\">Depois de passar por grandes eventos e cidades do Brasil, a roda gigante de 22 metros chega a Campo Grande com 16 cabines iluminadas, garantindo uma vista panor\u00e2mica da cidade. O passeio inclui quatro voltas, \u00e9 acess\u00edvel, pet friendly (para animais de pequeno porte com coleira) e indicado para toda a fam\u00edlia. Crian\u00e7as at\u00e9 12 anos devem estar acompanhadas por um adulto pagante.<\/span><\/p>\n<p><span style=\"font-weight: 400;\">Hor\u00e1rio: conforme funcionamento do shopping<\/span><\/p>\n<p><span style=\"font-weight: 400;\">Local: Estacionamento do Shopping Campo Grande (em frente \u00e0 F\u00f3rmula Academia)<\/span><\/p>\n<p><span style=\"font-weight: 400;\">Entrada: R$ 20 por pessoa<\/span><\/p>\n<p><b>Oficina de F\u00e9rias no Shopping Campo Grande &#8211;<\/b><span style=\"font-weight: 400;\"> Neste domingo tem oficina de origami, oficina para colorir e mini jogo da velha.<\/span><\/p>\n<p><span style=\"font-weight: 400;\">Hor\u00e1rio: 16h \u00e0s 19h<\/span><\/p>\n<p><span style=\"font-weight: 400;\">Local: Shopping Campo Grande (2\u00ba piso) \u2013 Av. Afonso Pena, 4909<\/span><\/p>\n<p><span style=\"font-weight: 400;\">Entrada: Gratuita<\/span><\/p>\n<p><strong>Arena Gloob &#8211;<\/strong> Inspirada em atra\u00e7\u00f5es de sucesso do canal Gloob, como DPA \u2013 Detetives do Pr\u00e9dio Azul, Tara Duncan, Acampamento de Magia e Giga Blaster, a Arena Gloob traz um circuito interativo com desafios, pistas, labirinto e piscina de espumas para crian\u00e7as de 2 a 13 anos (at\u00e9 1,60m ou 80kg). Crian\u00e7as menores de 5 anos devem estar acompanhadas de um adulto respons\u00e1vel.<\/p>\n<p>Hor\u00e1rio: 10h \u00e0s 22h (sexta e s\u00e1bado) e 12h \u00e0s 20h (domingo)<br \/>Local: Pra\u00e7a de Eventos \u2013 Shopping Campo Grande<br \/>Entrada: A partir de R$ 60 (meia para autistas e PCDs com documenta\u00e7\u00e3o)<\/p>\n<p><b>Experimento C\u00eanico \u201cTico Tico no Fubar\u201d &#8211;<\/b><span style=\"font-weight: 400;\"> O Grupo Fulano di Tal apresenta um experimento c\u00eanico baseado no \u201cAuto da Barca do Inferno\u201d, encerrando o primeiro semestre de sua oficina de montagem.<\/span><\/p>\n<p><span style=\"font-weight: 400;\">Hor\u00e1rio: 19h<\/span><\/p>\n<p><span style=\"font-weight: 400;\">Local: Espa\u00e7o Fulano di Tal \u2013 R. Rui Barbosa, 3099<\/span><\/p>\n<p><span style=\"font-weight: 400;\">Entrada: Gratuita<\/span><\/p>\n<p><b>Arrai\u00e1 da Feira do Panam\u00e1 &#8211;<\/b><span style=\"font-weight: 400;\"> A tradicional feira do bairro Panam\u00e1 ganha clima junino com barracas t\u00edpicas e shows de Renan &amp; Rom\u00e1rio e Wilson da Viola e Pollyana Sanfoneira.<\/span><\/p>\n<p><span style=\"font-weight: 400;\">Hor\u00e1rio: 15h \u00e0s 22h<\/span><\/p>\n<p><span style=\"font-weight: 400;\">Local: Rua Palestina, esquina com Rua N\u00e1utico<\/span><\/p>\n<p><span style=\"font-weight: 400;\">Entrada: Gratuita<\/span><\/p>\n<p><b>Arrai\u00e1 Beneficente de Norte a Sul &#8211;<\/b><span style=\"font-weight: 400;\"> Com comidas t\u00edpicas e barracas solid\u00e1rias, a festa junina do Shopping Norte Sul acontece no estacionamento, com programa\u00e7\u00e3o para toda a fam\u00edlia.<\/span><\/p>\n<p><span style=\"font-weight: 400;\">Hor\u00e1rio: 17h \u00e0s 22h<\/span><\/p>\n<p><span style=\"font-weight: 400;\">Local: Estacionamento do Shopping Norte Sul Plaza \u2013 sa\u00edda G (Cin\u00e9polis)<\/span><\/p>\n<p><span style=\"font-weight: 400;\">Entrada: Gratuita<\/span><\/p>\n<p><b>Eros Prado \u2013 Pagode da Ofensa &#8211; <\/b><span style=\"font-weight: 400;\">Conhecido por participa\u00e7\u00f5es em programas de humor, Eros Prado apresenta seu stand-up \u201cPagode da Ofensa\u201d no Vera\u2019s Bar.<\/span><\/p>\n<p><span style=\"font-weight: 400;\">Hor\u00e1rio: 19h30<\/span><\/p>\n<p><span style=\"font-weight: 400;\">Local: Vera\u2019s Bar \u2013 Av. Bom Pastor, 154<\/span><\/p>\n<p><span style=\"font-weight: 400;\">Entrada: A partir de R$ 180 pelo link <\/span><span style=\"font-weight: 400;\">https:\/\/www.sympla.com.br\/evento\/eros-prado-especial-pagode-da-ofensa-10-anos-campo-grande-ms-13-07-19-30-h\/2984081<\/span><\/p>\n<p><b>Feijuca do Calabreso &#8211;<\/b><span style=\"font-weight: 400;\"> Feijoada completa, pagode e clima de confraterniza\u00e7\u00e3o embalam o domingo no Esta\u00e7\u00e3o P\u00f4r do Sol.<\/span><\/p>\n<p><span style=\"font-weight: 400;\">Hor\u00e1rio: 12h<\/span><\/p>\n<p><span style=\"font-weight: 400;\">Local: Complexo Esta\u00e7\u00e3o P\u00f4r do Sol \u2013 R. Imbirussu, 763<\/span><\/p>\n<p><span style=\"font-weight: 400;\">Entrada: A partir de R$ 27,27 pelo link <\/span><span style=\"font-weight: 400;\">https:\/\/www.sympla.com.br\/evento\/feijuca-do-calabreso\/3017463<\/span><\/p>\n<p><b>Noite de Gala \u2013 Suzana Leite &#8211;<\/b><span style=\"font-weight: 400;\"> A escola de dan\u00e7a Suzana Leite promove seu espet\u00e1culo de gala, reunindo alunas em uma celebra\u00e7\u00e3o da arte e evolu\u00e7\u00e3o t\u00e9cnica.<\/span><\/p>\n<p><span style=\"font-weight: 400;\">Hor\u00e1rio: 18h<\/span><\/p>\n<p><span style=\"font-weight: 400;\">Local: Teatro Glauce Rocha \u2013 UFMS<\/span><\/p>\n<p><span style=\"font-weight: 400;\">Entrada: A partir de R$ 32 pelo link <\/span><span style=\"font-weight: 400;\">https:\/\/www.sympla.com.br\/evento\/noite-de-gala-2025-espaco-de-danca-suzana-leite\/2925352<\/span><\/p>\n<p><b>Pagode de Domingo \u2013<\/b><span style=\"font-weight: 400;\"> O fim de semana termina com sambinha descontra\u00eddo ao ar livre no M\u00e1 Donna Bar.<\/span><\/p>\n<p><span style=\"font-weight: 400;\">Hor\u00e1rio: A partir das 16h<\/span><\/p>\n<p><span style=\"font-weight: 400;\">Local: R. 14 de Julho, 2459 \u2013 Centro<\/span><\/p>\n<p><span style=\"font-weight: 400;\">Entrada: Gratuita<\/span><\/p>\n<h4><b>F\u00e1tima do Sul<\/b><\/h4>\n<p><b>F\u00e1tima Fest &#8211;<\/b><span style=\"font-weight: 400;\"> O doming\u00e3o fica por conta de Gino e Geno, al\u00e9m do DJ Ph Freitas.<\/span><\/p>\n<p><span style=\"font-weight: 400;\">Hor\u00e1rio: a partir das 19h<\/span><\/p>\n<p><span style=\"font-weight: 400;\">Local: Centro de Eventos Beira Rio<\/span><\/p>\n<p><span style=\"font-weight: 400;\">Entrada: gratuita<\/span><\/p>\n<h4><b>Miranda<\/b><\/h4>\n<p><b>Fecir &#8211;<\/b><span style=\"font-weight: 400;\"> A dupla Jo\u00e3o Bosco &amp; Vin\u00edcius comanda o palco da Fecir neste domingo.<\/span><\/p>\n<p><span style=\"font-weight: 400;\">Hor\u00e1rio: a partir das 19h<\/span><\/p>\n<p><span style=\"font-weight: 400;\">Local: Parque de Exposi\u00e7\u00f5es<\/span><\/p>\n<p><span style=\"font-weight: 400;\">Entrada: gratuita<\/span><\/p>\n<p><i><span style=\"font-weight: 400;\">Lucas Castro, Comunica\u00e7\u00e3o Setesc<br \/><\/span><\/i><i><span style=\"font-weight: 400;\">Foto de destaque: Divulga\u00e7\u00e3o<\/span><\/i><\/p>\n<\/div>\n","protected":false},"excerpt":{"rendered":"<p>O fim de semana em Mato Grosso do Sul chega com agenda variada, misturando gastronomia, m\u00fasica e celebra\u00e7\u00f5es pelo interior.<\/p>\n","protected":false},"author":2,"featured_media":0,"comment_status":"","ping_status":"","sticky":false,"template":"","format":"standard","meta":{"colormag_page_container_layout":"default_layout","colormag_page_sidebar_layout":"default_layout","footnotes":""},"categories":[1],"tags":[],"class_list":["post-48472","post","type-post","status-publish","format-standard","hentry","category-ejornais"],"aioseo_notices":[],"amp_enabled":true,"_links":{"self":[{"href":"https:\/\/ejornais.com.br\/index.php\/wp-json\/wp\/v2\/posts\/48472","targetHints":{"allow":["GET"]}}],"collection":[{"href":"https:\/\/ejornais.com.br\/index.php\/wp-json\/wp\/v2\/posts"}],"about":[{"href":"https:\/\/ejornais.com.br\/index.php\/wp-json\/wp\/v2\/types\/post"}],"author":[{"embeddable":true,"href":"https:\/\/ejornais.com.br\/index.php\/wp-json\/wp\/v2\/users\/2"}],"replies":[{"embeddable":true,"href":"https:\/\/ejornais.com.br\/index.php\/wp-json\/wp\/v2\/comments?post=48472"}],"version-history":[{"count":0,"href":"https:\/\/ejornais.com.br\/index.php\/wp-json\/wp\/v2\/posts\/48472\/revisions"}],"wp:attachment":[{"href":"https:\/\/ejornais.com.br\/index.php\/wp-json\/wp\/v2\/media?parent=48472"}],"wp:term":[{"taxonomy":"category","embeddable":true,"href":"https:\/\/ejornais.com.br\/index.php\/wp-json\/wp\/v2\/categories?post=48472"},{"taxonomy":"post_tag","embeddable":true,"href":"https:\/\/ejornais.com.br\/index.php\/wp-json\/wp\/v2\/tags?post=48472"}],"curies":[{"name":"wp","href":"https:\/\/api.w.org\/{rel}","templated":true}]}}