{"id":48483,"date":"2025-07-11T19:55:38","date_gmt":"2025-07-11T22:55:38","guid":{"rendered":"https:\/\/ejornais.com.br\/index.php\/2025\/07\/11\/policias-do-rio-e-espirito-santo-atuam-contra-crimes-de-consumo\/"},"modified":"2025-07-11T19:55:38","modified_gmt":"2025-07-11T22:55:38","slug":"policias-do-rio-e-espirito-santo-atuam-contra-crimes-de-consumo","status":"publish","type":"post","link":"https:\/\/ejornais.com.br\/index.php\/2025\/07\/11\/policias-do-rio-e-espirito-santo-atuam-contra-crimes-de-consumo\/","title":{"rendered":"Pol\u00edcias do Rio e Esp\u00edrito Santo atuam contra crimes de consumo"},"content":{"rendered":"<p> Por MRNews<br \/>\n<\/p>\n<div wp_automatic_readability=\"79.843760344257\">\n<p>A Pol\u00edcia Civil do Rio de Janeiro realizou nesta sexta-feira (11) a Opera\u00e7\u00e3o Dois Irm\u00e3os, em parceria com a pol\u00edcia do Esp\u00edrito Santo. A a\u00e7\u00e3o de combate a fraudes digitais e crimes contra o consumidor cumpriu mandados de busca e apreens\u00e3o nos munic\u00edpios de S\u00e3o Fid\u00e9lis e Nova Friburgo, no Rio de Janeiro, e em Vila Velha, no Esp\u00edrito Santo. Uma influenciadora digital e seu irm\u00e3o foram presos em uma \u00e1rea nobre da cidade capixaba.<\/p>\n<p>A Delegacia do Consumidor da Pol\u00edcia Civil, a Secretaria de Defesa do Consumidor, o Procon-RJ e o Procon-ES trabalharam em parceria. <strong>Os investigados tiveram R$ 1 milh\u00e3o sequestrados pela Justi\u00e7a, implicando no bloqueio de contas banc\u00e1rias, desativa\u00e7\u00e3o dos sites e perfis nas redes sociais da empresa, al\u00e9m da obrigatoriedade do uso de tornozeleira eletr\u00f4nica.<\/strong><\/p>\n<h2>Venda pela internet<\/h2>\n<p>Os propriet\u00e1rios da empresa investigada vendiam, pela internet, t\u00eanis de luxo a pre\u00e7os atrativos, mas a maioria dos produtos nunca foi entregue ou era falsificada. O esquema enganou mais de 1 mil pessoas em diversos estados, como Rio de Janeiro, S\u00e3o Paulo, Minas Gerais, Esp\u00edrito Santo, Cear\u00e1, Paran\u00e1, Tocantins e Rond\u00f4nia e no Distrito Federal.<\/p>\n<p><strong><a href=\"https:\/\/mrnews.com.br\/index.php\/2025\/07\/11\/brasileiras-apitam-abertura-da-copa-america-feminina\/\">Brasileiras apitam abertura da Copa Am\u00e9rica Feminina<\/a><\/strong><\/p>\n<p><strong><a href=\"https:\/\/mrnews.com.br\/index.php\/2025\/07\/11\/bc-so-publicara-nova-carta-em-abril-caso-ipca-continue-acima-do-teto\/\">BC s\u00f3 publicar\u00e1 nova carta em abril, caso IPCA continue acima do teto<\/a><\/strong><\/p>\n<p><strong>As investiga\u00e7\u00f5es come\u00e7aram a partir de uma den\u00fancia encaminhada \u00e0 Secretaria de Estado de Defesa do Consumidor do Rio de Janeiro.<\/strong> Os alvos da opera\u00e7\u00e3o foram uma influenciadora digital e seu irm\u00e3o, propriet\u00e1rios do e-commerce. Entre os consumidores que chegaram a receber produtos relataram que os itens eram falsificados, usados ou danificados.<\/p>\n<p>&gt;&gt; Siga o canal da <strong>Ag\u00eancia Brasil <\/strong>no WhatsApp<\/p>\n<p>\u201cN\u00e3o h\u00e1 mais espa\u00e7o para criminosos que se escondem no ambiente digital. O consumidor precisa saber que o Estado est\u00e1 atuando fortemente para garantir seus direitos\u201d, disse o secret\u00e1rio de Defesa do Consumidor do Rio, Gutemberg Fonseca.<\/p>\n<p>Uma v\u00edtima contou que, ap\u00f3s abandonar uma compra no site, foi procurada por um suposto atendente que ofereceu \u201cajuda\u201d para concluir a transa\u00e7\u00e3o. O pagamento, exigido via Pix, n\u00e3o teve comprovante, e o produto nunca foi entregue. Casos semelhantes foram registrados em todo o pa\u00eds.<\/p>\n<p><strong><a href=\"https:\/\/mrnews.com.br\/index.php\/2025\/07\/11\/onca-preta-aparece-pela-primeira-vez-em-reserva-no-cerrado\/\">On\u00e7a-preta aparece pela primeira vez em reserva no Cerrado<\/a><\/strong><\/p>\n<p><strong><a href=\"https:\/\/mrnews.com.br\/index.php\/2025\/07\/11\/comites-de-participacao-na-ebc-escolhem-seus-presidentes\/\">Comit\u00eas de participa\u00e7\u00e3o na EBC escolhem seus presidentes<\/a><\/strong><\/p>\n<p><strong>Durante a a\u00e7\u00e3o tamb\u00e9m foram apreendidos mais de 10 celulares, notebooks, CPU, 15 cart\u00f5es de cr\u00e9dito de diferentes institui\u00e7\u00f5es e mais de 100 rel\u00f3gios com ind\u00edcios de falsifica\u00e7\u00e3o.<\/strong> Todo o material ser\u00e1 analisado e periciado pela Decon-RJ para aprofundar as investiga\u00e7\u00f5es.<\/p>\n<p>O secret\u00e1rio de Pol\u00edcia Civil do Rio, delegado Felipe Curi, disse que o combate aos crimes contra o consumidor \u00e9 prioridade absoluta.\u00a0<\/p>\n<p>\u201cEstamos atuando para que os respons\u00e1veis sejam punidos e para que a popula\u00e7\u00e3o esteja cada vez mais consciente dos riscos das compras em plataformas n\u00e3o confi\u00e1veis\u201d, declarou.<\/p>\n<\/div>\n","protected":false},"excerpt":{"rendered":"<p>Por MRNews A Pol\u00edcia Civil do Rio de Janeiro realizou nesta sexta-feira (11) a Opera\u00e7\u00e3o Dois Irm\u00e3os, em parceria com<\/p>\n","protected":false},"author":2,"featured_media":0,"comment_status":"","ping_status":"","sticky":false,"template":"","format":"standard","meta":{"colormag_page_container_layout":"default_layout","colormag_page_sidebar_layout":"default_layout","footnotes":""},"categories":[1],"tags":[],"class_list":["post-48483","post","type-post","status-publish","format-standard","hentry","category-ejornais"],"aioseo_notices":[],"amp_enabled":true,"_links":{"self":[{"href":"https:\/\/ejornais.com.br\/index.php\/wp-json\/wp\/v2\/posts\/48483","targetHints":{"allow":["GET"]}}],"collection":[{"href":"https:\/\/ejornais.com.br\/index.php\/wp-json\/wp\/v2\/posts"}],"about":[{"href":"https:\/\/ejornais.com.br\/index.php\/wp-json\/wp\/v2\/types\/post"}],"author":[{"embeddable":true,"href":"https:\/\/ejornais.com.br\/index.php\/wp-json\/wp\/v2\/users\/2"}],"replies":[{"embeddable":true,"href":"https:\/\/ejornais.com.br\/index.php\/wp-json\/wp\/v2\/comments?post=48483"}],"version-history":[{"count":0,"href":"https:\/\/ejornais.com.br\/index.php\/wp-json\/wp\/v2\/posts\/48483\/revisions"}],"wp:attachment":[{"href":"https:\/\/ejornais.com.br\/index.php\/wp-json\/wp\/v2\/media?parent=48483"}],"wp:term":[{"taxonomy":"category","embeddable":true,"href":"https:\/\/ejornais.com.br\/index.php\/wp-json\/wp\/v2\/categories?post=48483"},{"taxonomy":"post_tag","embeddable":true,"href":"https:\/\/ejornais.com.br\/index.php\/wp-json\/wp\/v2\/tags?post=48483"}],"curies":[{"name":"wp","href":"https:\/\/api.w.org\/{rel}","templated":true}]}}