{"id":48638,"date":"2025-07-14T16:46:48","date_gmt":"2025-07-14T19:46:48","guid":{"rendered":"https:\/\/ejornais.com.br\/index.php\/2025\/07\/14\/cicero-lucena-projeta-licitacao-do-brs-para-ainda-este-ano-e-reforca-parceria-com-o-governo-do-estado\/"},"modified":"2025-07-14T16:46:48","modified_gmt":"2025-07-14T19:46:48","slug":"cicero-lucena-projeta-licitacao-do-brs-para-ainda-este-ano-e-reforca-parceria-com-o-governo-do-estado","status":"publish","type":"post","link":"https:\/\/ejornais.com.br\/index.php\/2025\/07\/14\/cicero-lucena-projeta-licitacao-do-brs-para-ainda-este-ano-e-reforca-parceria-com-o-governo-do-estado\/","title":{"rendered":"C\u00edcero Lucena projeta licita\u00e7\u00e3o do BRS para ainda este ano e refor\u00e7a parceria com o Governo do Estado"},"content":{"rendered":"<p><\/p>\n<div>\n<p>A Prefeitura de Jo\u00e3o Pessoa e o Governo do Estado da Para\u00edba seguem avan\u00e7ando na implanta\u00e7\u00e3o do modelo Bus Rapid Service (BRS \u2013 Servi\u00e7o de \u00d4nibus R\u00e1pido), que prev\u00ea a constru\u00e7\u00e3o de cinco terminais de integra\u00e7\u00e3o e quatro corredores vi\u00e1rios na capital paraibana. Nesta segunda-feira (14), o prefeito C\u00edcero Lucena se reuniu com parte da equipe t\u00e9cnica respons\u00e1vel pelo projeto e com representantes da Secretaria de Estado da Infraestrutura e dos Recursos H\u00eddricos (SEIRH), e projetou a realiza\u00e7\u00e3o da licita\u00e7\u00e3o para ainda este ano.<\/p>\n<figure class=\"wp-block-gallery has-nested-images columns-default is-cropped wp-block-gallery-1 is-layout-flex wp-block-gallery-is-layout-flex\">\n<figure class=\"wp-block-image size-large\"><\/figure>\n<figure class=\"wp-block-image size-large\"><\/figure>\n<\/figure>\n<p>O encontro foi realizado na sede da Secretaria de Estado da Infraestrutura e dos Recursos H\u00eddricos, localizada na Avenida Epit\u00e1cio Pessoa. Durante a reuni\u00e3o, Prefeitura e Governo do Estado definiram que, at\u00e9 o final de agosto, ser\u00e1 enviada \u00e0 Ag\u00eancia Francesa de Desenvolvimento (AFD) toda a documenta\u00e7\u00e3o necess\u00e1ria para a continuidade do projeto.<\/p>\n<p>A AFD \u00e9 a respons\u00e1vel pelo financiamento do grande projeto de mobilidade urbana, com um investimento de R$ 400 milh\u00f5es \u2013 sendo R$ 240 milh\u00f5es por parte do Governo do Estado e R$ 160 milh\u00f5es pela Prefeitura. A expectativa \u00e9 que, ap\u00f3s essa etapa, a equipe t\u00e9cnica receba o termo de n\u00e3o obje\u00e7\u00e3o, autorizando o in\u00edcio do processo licitat\u00f3rio.<\/p>\n<p>\u201cPropomos uma reuni\u00e3o t\u00e9cnica entre as nossas secretarias, o secret\u00e1rio de Estado Deusdete Queiroga, com objetivo de verificar e acompanhar a execu\u00e7\u00e3o do projeto. Se poss\u00edvel, gostar\u00edamos de definir as datas da licita\u00e7\u00e3o logo ap\u00f3s a an\u00e1lise dos itens pendentes. A prioridade \u00e9 finalizar tanto os terminais quanto os corredores ainda este ano\u201d, projetou C\u00edcero Lucena, que tamb\u00e9m esteve acompanhado do vice-prefeito Leo Bezerra.<\/p>\n<p><strong>Parceria<\/strong> \u2013 O secret\u00e1rio de Estado da Infraestrutura e dos Recursos H\u00eddricos, Deusdete Queiroga, explicou que o projeto executivo \u00e9 da Prefeitura, mas a licita\u00e7\u00e3o ser\u00e1 conduzida pelo Governo do Estado. Por isso, \u00e9 fundamental o alinhamento entre as secretarias envolvidas para a apresenta\u00e7\u00e3o da documenta\u00e7\u00e3o necess\u00e1ria, como as licen\u00e7as ambientais, termos de refer\u00eancia, matriz de risco, al\u00e9m de elaborar prazos e cronograma.<\/p>\n<figure class=\"wp-block-gallery has-nested-images columns-default is-cropped wp-block-gallery-2 is-layout-flex wp-block-gallery-is-layout-flex\">\n<figure class=\"wp-block-image size-large\"><\/figure>\n<figure class=\"wp-block-image size-large\"><\/figure>\n<figure class=\"wp-block-image size-large\"><\/figure>\n<\/figure>\n<p><strong>Primeiros terminais <\/strong>\u2013 O secret\u00e1rio adiantou que, embora o projeto completo contemple os cinco terminais de integra\u00e7\u00e3o e os quatro corredores vi\u00e1rios, a licita\u00e7\u00e3o ser\u00e1 realizada por etapas. \u201cNeste primeiro momento, os terminais de Cruz das Armas e da Avenida Pedro II est\u00e3o mais avan\u00e7ados. Em seguida, a equipe t\u00e9cnica dar\u00e1 continuidade ao desenvolvimento dos demais terminais e corredores\u201d, explicou.<\/p>\n<p>Os corredores vi\u00e1rios s\u00e3o os das avenidas Cruz das Armas, Pedro II, Epit\u00e1cio Pessoa e Dois de Fevereiro. J\u00e1 os terminais ser\u00e3o nos bairros de Cruz das Armas, Cristo, Varadouro, Pedro II\/Mangabeira e Bessa, e o Terminal Metropolitano, no Varadouro.<\/p>\n<p><strong>Recursos assegurados <\/strong>\u2013 Coordenador do programa Jo\u00e3o Pessoa Sustent\u00e1vel, Ant\u00f4nio Elizeu, informou que a opera\u00e7\u00e3o de cr\u00e9dito da Prefeitura e Governo do Estado junto a AFD possui recursos assegurados e devem ser disponibilizados no pr\u00f3ximo m\u00eas de agosto. \u201cOs projetos s\u00e3o de responsabilidade da Prefeitura, com o objetivo de atender a todas as exig\u00eancias do banco, permitindo o lan\u00e7amento das licita\u00e7\u00f5es. Tanto o empr\u00e9stimo do banco \u00e0 Prefeitura quanto o do Estado j\u00e1 est\u00e3o com os recursos em fase de libera\u00e7\u00e3o\u201d, detalhou.<\/p>\n<p>Pela Prefeitura de Jo\u00e3o Pessoa, tamb\u00e9m participaram da reuni\u00e3o os secret\u00e1rios Rubens Falc\u00e3o (Infraestrutura), Ayrton Falc\u00e3o (Planejamento), al\u00e9m do executivo Luciano Pereira (Infraestrutura) e os superintendentes de Mobilidade Urbana Marc\u00edlio do HBE e Expedito Leite Filho (executivo).<\/p>\n<\/p><\/div>\n","protected":false},"excerpt":{"rendered":"<p>A Prefeitura de Jo\u00e3o Pessoa e o Governo do Estado da Para\u00edba seguem avan\u00e7ando na implanta\u00e7\u00e3o do modelo Bus Rapid<\/p>\n","protected":false},"author":2,"featured_media":0,"comment_status":"","ping_status":"","sticky":false,"template":"","format":"standard","meta":{"colormag_page_container_layout":"default_layout","colormag_page_sidebar_layout":"default_layout","footnotes":""},"categories":[1],"tags":[],"class_list":["post-48638","post","type-post","status-publish","format-standard","hentry","category-ejornais"],"aioseo_notices":[],"amp_enabled":true,"_links":{"self":[{"href":"https:\/\/ejornais.com.br\/index.php\/wp-json\/wp\/v2\/posts\/48638","targetHints":{"allow":["GET"]}}],"collection":[{"href":"https:\/\/ejornais.com.br\/index.php\/wp-json\/wp\/v2\/posts"}],"about":[{"href":"https:\/\/ejornais.com.br\/index.php\/wp-json\/wp\/v2\/types\/post"}],"author":[{"embeddable":true,"href":"https:\/\/ejornais.com.br\/index.php\/wp-json\/wp\/v2\/users\/2"}],"replies":[{"embeddable":true,"href":"https:\/\/ejornais.com.br\/index.php\/wp-json\/wp\/v2\/comments?post=48638"}],"version-history":[{"count":0,"href":"https:\/\/ejornais.com.br\/index.php\/wp-json\/wp\/v2\/posts\/48638\/revisions"}],"wp:attachment":[{"href":"https:\/\/ejornais.com.br\/index.php\/wp-json\/wp\/v2\/media?parent=48638"}],"wp:term":[{"taxonomy":"category","embeddable":true,"href":"https:\/\/ejornais.com.br\/index.php\/wp-json\/wp\/v2\/categories?post=48638"},{"taxonomy":"post_tag","embeddable":true,"href":"https:\/\/ejornais.com.br\/index.php\/wp-json\/wp\/v2\/tags?post=48638"}],"curies":[{"name":"wp","href":"https:\/\/api.w.org\/{rel}","templated":true}]}}