{"id":48640,"date":"2025-07-14T17:27:52","date_gmt":"2025-07-14T20:27:52","guid":{"rendered":"https:\/\/ejornais.com.br\/index.php\/2025\/07\/14\/terenos-acelera-obras-e-amplia-investimentos-em-infraestrutura-e-habitacao-agencia-de-noticias-do-governo-de-mato-grosso-do-sul\/"},"modified":"2025-07-14T17:27:52","modified_gmt":"2025-07-14T20:27:52","slug":"terenos-acelera-obras-e-amplia-investimentos-em-infraestrutura-e-habitacao-agencia-de-noticias-do-governo-de-mato-grosso-do-sul","status":"publish","type":"post","link":"https:\/\/ejornais.com.br\/index.php\/2025\/07\/14\/terenos-acelera-obras-e-amplia-investimentos-em-infraestrutura-e-habitacao-agencia-de-noticias-do-governo-de-mato-grosso-do-sul\/","title":{"rendered":"Terenos acelera obras e amplia investimentos em infraestrutura e habita\u00e7\u00e3o \u2013 Ag\u00eancia de Noticias do Governo de Mato Grosso do Sul"},"content":{"rendered":"<p><\/p>\n<div>\n<p>O munic\u00edpio de Terenos, sob a gest\u00e3o do prefeito Henrique Budke, tem priorizado investimentos em infraestrutura urbana, saneamento, educa\u00e7\u00e3o e habita\u00e7\u00e3o por meio do programa MS Ativo \u2013 Municipalismo. Entre as obras j\u00e1 conclu\u00eddas est\u00e3o reformas e amplia\u00e7\u00f5es em unidades escolares, constru\u00e7\u00e3o de moradias e melhorias no sistema de abastecimento de \u00e1gua.<\/p>\n<p>Durante reuni\u00e3o com lideran\u00e7as locais, o governador Eduardo Riedel detalhou as a\u00e7\u00f5es priorit\u00e1rias e os pr\u00f3ximos investimentos destinados ao munic\u00edpio, com destaque para as obras de infraestrutura e a amplia\u00e7\u00e3o do sistema de abastecimento em parceria com a Sanesul.<\/p>\n<p>\u201cEstamos aqui para construir solu\u00e7\u00f5es junto com o munic\u00edpio, com base na escuta e no planejamento. Terenos tem papel estrat\u00e9gico na integra\u00e7\u00e3o regional e merece investimentos estruturantes que gerem desenvolvimento e qualidade de vida\u201d, afirmou o governador.<\/p>\n<p>Atualmente, est\u00e3o em execu\u00e7\u00e3o a constru\u00e7\u00e3o de uma Unidade de Sa\u00fade de Urg\u00eancia, a edifica\u00e7\u00e3o de 50 novas unidades habitacionais e a universaliza\u00e7\u00e3o do sistema de esgotamento sanit\u00e1rio.<\/p>\n<p>O prefeito Henrique Budke apresentou ainda um plano de trabalho para os pr\u00f3ximos anos, contemplando investimentos nas \u00e1reas de educa\u00e7\u00e3o, sa\u00fade, infraestrutura e assist\u00eancia social.<\/p>\n<p>\u201cA cidade caminha de forma organizada, est\u00e1 atraindo empresas e estamos oferecendo as condi\u00e7\u00f5es necess\u00e1rias para isso\u201d, destacou.<\/p>\n<p>Em acordo com os representantes dos legislativos municipal e estadual, Governo do Estado e Preferitura, foram priorizadas obras para a continuidade da Avenida Perimetral e a melhoria dos acessos ao munic\u00edpio, refor\u00e7ando a conectividade urbana e o escoamento da produ\u00e7\u00e3o local.<\/p>\n<p>Entre as obras previstas, est\u00e3o projetos de pavimenta\u00e7\u00e3o e drenagem, substitui\u00e7\u00e3o de pontes e amplia\u00e7\u00e3o do sistema de abastecimento de \u00e1gua, com a instala\u00e7\u00e3o de novos reservat\u00f3rios e redes.<\/p>\n<p>A reuni\u00e3o contou com a participa\u00e7\u00e3o dos deputados federais Beto Pereira e Geraldo Resende; dos deputados estaduais Mara Caseiro, Rinaldo Modesto, Jamilson Name, Gerson Claro e Paulo Corr\u00eaa; al\u00e9m do vice-governador Barbosinha e dos secret\u00e1rios estaduais Guilherme Alc\u00e2ntara (Infraestrutura e Log\u00edstica \u2013 Seilog) e Eduardo Rocha (Casa Civil).<\/p>\n<p><em>Alexandre Gonzaga \u2013 Comunica\u00e7\u00e3o do Governo de MS<\/em><br \/><em>Fotos: Bruno Rezende<\/em><\/p>\n<\/div>\n","protected":false},"excerpt":{"rendered":"<p>O munic\u00edpio de Terenos, sob a gest\u00e3o do prefeito Henrique Budke, tem priorizado investimentos em infraestrutura urbana, saneamento, educa\u00e7\u00e3o e<\/p>\n","protected":false},"author":2,"featured_media":0,"comment_status":"","ping_status":"","sticky":false,"template":"","format":"standard","meta":{"colormag_page_container_layout":"default_layout","colormag_page_sidebar_layout":"default_layout","footnotes":""},"categories":[1],"tags":[],"class_list":["post-48640","post","type-post","status-publish","format-standard","hentry","category-ejornais"],"aioseo_notices":[],"amp_enabled":true,"_links":{"self":[{"href":"https:\/\/ejornais.com.br\/index.php\/wp-json\/wp\/v2\/posts\/48640","targetHints":{"allow":["GET"]}}],"collection":[{"href":"https:\/\/ejornais.com.br\/index.php\/wp-json\/wp\/v2\/posts"}],"about":[{"href":"https:\/\/ejornais.com.br\/index.php\/wp-json\/wp\/v2\/types\/post"}],"author":[{"embeddable":true,"href":"https:\/\/ejornais.com.br\/index.php\/wp-json\/wp\/v2\/users\/2"}],"replies":[{"embeddable":true,"href":"https:\/\/ejornais.com.br\/index.php\/wp-json\/wp\/v2\/comments?post=48640"}],"version-history":[{"count":0,"href":"https:\/\/ejornais.com.br\/index.php\/wp-json\/wp\/v2\/posts\/48640\/revisions"}],"wp:attachment":[{"href":"https:\/\/ejornais.com.br\/index.php\/wp-json\/wp\/v2\/media?parent=48640"}],"wp:term":[{"taxonomy":"category","embeddable":true,"href":"https:\/\/ejornais.com.br\/index.php\/wp-json\/wp\/v2\/categories?post=48640"},{"taxonomy":"post_tag","embeddable":true,"href":"https:\/\/ejornais.com.br\/index.php\/wp-json\/wp\/v2\/tags?post=48640"}],"curies":[{"name":"wp","href":"https:\/\/api.w.org\/{rel}","templated":true}]}}