{"id":48643,"date":"2025-07-14T18:09:59","date_gmt":"2025-07-14T21:09:59","guid":{"rendered":"https:\/\/ejornais.com.br\/index.php\/2025\/07\/14\/comunidades-indigenas-assentamentos-e-ribeirinhos-serao-contemplados-com-novas-moradias-agencia-de-noticias-do-governo-de-mato-grosso-do-sul\/"},"modified":"2025-07-14T18:09:59","modified_gmt":"2025-07-14T21:09:59","slug":"comunidades-indigenas-assentamentos-e-ribeirinhos-serao-contemplados-com-novas-moradias-agencia-de-noticias-do-governo-de-mato-grosso-do-sul","status":"publish","type":"post","link":"https:\/\/ejornais.com.br\/index.php\/2025\/07\/14\/comunidades-indigenas-assentamentos-e-ribeirinhos-serao-contemplados-com-novas-moradias-agencia-de-noticias-do-governo-de-mato-grosso-do-sul\/","title":{"rendered":"comunidades ind\u00edgenas, assentamentos e ribeirinhos ser\u00e3o contemplados com novas moradias \u2013 Ag\u00eancia de Noticias do Governo de Mato Grosso do Sul"},"content":{"rendered":"<p><\/p>\n<div>\n<p>Mais 249 fam\u00edlias v\u00e3o realizar o sonho da casa pr\u00f3pria no Estado. As novas moradias ir\u00e3o contemplar comunidades ind\u00edgenas, ribeirinhos, assentamentos e p\u00fablico em geral. Este grande investimento faz parte da parceria entre Uni\u00e3o, Governo do Estado e seis mun\u00edcios, entre eles Anauril\u00e2ndia, Bela Vista, Bonito, Lad\u00e1rio, Miranda e Ponta Por\u00e3.<\/p>\n<p>A solenidade de assinatura para constru\u00e7\u00e3o das novas moradias ocorreu nesta segunda-feira (14), na sala de reuni\u00f5es da Governadoria. \u201cNo come\u00e7o da nossa gest\u00e3o estivemos em Bras\u00edlia discutindo novas moradias. A habita\u00e7\u00e3o sempre teve um cuidado especial e nossa aten\u00e7\u00e3o. Estamos em um Estado em pleno crescimento, que recebe grandes investimentos privados e precisa de casas, at\u00e9 para quem vem de fora\u201d, destacou o governador.<\/p>\n<p>Riedel destacou que esta parceria \u00e9 fundamental para o sucesso. \u201cConseguimos avan\u00e7ar bastante, sempre damos nossa contrapartida, que n\u00e3o \u00e9 pequena. Nosso foco \u00e9 fazer parcerias que v\u00e3o melhorar a vida das pessoas. E mais uma vez incluindo as comunidades ind\u00edgenas, sem deixar ningu\u00e9m para tr\u00e1s\u201d, completou.<\/p>\n<figure id=\"attachment_516156\" aria-describedby=\"caption-attachment-516156\" style=\"width: 1024px\" class=\"wp-caption aligncenter\"><figcaption id=\"caption-attachment-516156\" class=\"wp-caption-text\"><em>Governador assinou os novos contratos de habita\u00e7\u00e3o nesta segunda (Foto Saul Schramm)<\/em><\/figcaption><\/figure>\n<p>As novas assinaturas fazem parte do Programa Minha Casa, Minha Vida (PMCMV), nas modalidades Rural e Entidades &#8211; \u00a0por meio de parceria entre a Agehab (Ag\u00eancia de Habita\u00e7\u00e3o Popular de MS) e o Governo Federal.<\/p>\n<p>Nesta edi\u00e7\u00e3o s\u00e3o 249 moradias, com investimento de R$ 32,8 milh\u00f5es, com aporte federal de R$ 24,5 (milh\u00f5es) e estadual de R$ 7,1 (milh\u00f5es). Ao todo Mato Grosso do Sul alcan\u00e7a a marca de 2.077 moradias contratadas, somando as modalidades rural e entidades, dispondo de R$ 246,4 milh\u00f5es de investimento.<\/p>\n<p>\u201cMato Grosso do Sul sabe construir esta parceria de sucesso com o Governo Federal. Ela s\u00f3 se completa por causa desta gest\u00e3o municipalista que tem por aqui, que \u00e9 uma bandeira da gest\u00e3o estadual. Assim cada vez mais fam\u00edlias s\u00e3o beneficiadas, com esta a\u00e7\u00e3o coletiva\u201d, destacou o secret\u00e1rio de Articula\u00e7\u00e3o Institucional do Minist\u00e9rio do Planejamento e Or\u00e7amento, Jo\u00e3o Victor Villaverde.<\/p>\n<div id=\"gallery-1\" class=\"gallery galleryid-516139 gallery-columns-2 gallery-size-large\">\n<figure class=\"gallery-item\">\n<div class=\"gallery-icon landscape\"><\/div>\n<\/figure>\n<figure class=\"gallery-item\">\n<div class=\"gallery-icon landscape\"><\/div>\n<\/figure><\/div>\n<p><strong>Contemplados<\/strong><\/p>\n<p>Seis munic\u00edpios ser\u00e3o contemplados com novas moradias. Anauril\u00e2ndia vai receber 14 moradias no Assentamento Esperan\u00e7a. J\u00e1 Bela Vista ter\u00e1 43 casas para comunidade ind\u00edgena Aldeia Pirakua. A cidade de Lad\u00e1rio ir\u00e1 dispor de 13 (moradias) \u00e0 comunidade ribeirinha APA Ba\u00eda Negra.<\/p>\n<p>Principal ponto tur\u00edstico do Estado, Bonito vai ganhar 114 moradias. J\u00e1 Miranda ter\u00e1 30 (casas), que ser\u00e3o constru\u00eddas na Aldeia M\u00e3e Terra e Ponta Por\u00e3 mais 35 resid\u00eancias (23 na Aldeia Lima Campos e 12 na Aldeia Piraqu\u00e1). \u00a0<\/p>\n<figure id=\"attachment_516152\" aria-describedby=\"caption-attachment-516152\" style=\"width: 1024px\" class=\"wp-caption aligncenter\"><figcaption id=\"caption-attachment-516152\" class=\"wp-caption-text\"><em>Solenidade foi na sala de reuni\u00f5es da Governadoria <\/em><\/figcaption><\/figure>\n<p>\u201cO momento \u00e9 de agradecer esta parceria que traz novas moradias aos munic\u00edpios. Todos os envolvidos contribuem para este processo. A gente corre atr\u00e1s e a popula\u00e7\u00e3o pode confiar e acreditar, que os benef\u00edcios est\u00e3o acontecendo\u201d, garantiu o prefeito de Bonito, Josmail Rodrigues.<\/p>\n<p>Para o superintendente da Caixa Econ\u00f4mica Federal, Augusto C\u00e9sar Vilhalba, Mato Grosso do Sul \u00e9 destaque no setor de habita\u00e7\u00e3o. \u201cSe levar em conta o tamanho do Estado e o que j\u00e1 conseguiu (casas), podemos dizer que est\u00e1 em destaque nacional. Desde janeiro de 2014 j\u00e1 s\u00e3o R$ 570 milh\u00f5es de investimento, com 3,6 mil unidades em 36 cidades do Estado. Temos que celebrar estas parcerias\u201d.<\/p>\n<p><em>Leonardo Rocha, Comunica\u00e7\u00e3o do Governo de MS<\/em><br \/><em>Fotos: Saul Schramm\/Secom<\/em><\/p>\n<p><strong>ATEN\u00c7\u00c3O<\/strong>: confira\u00a0<span style=\"color: #0000ff;\">aqui o pack imprensa c<\/span>om imagens da solenidade e entrevistas<\/p>\n<\/div>\n","protected":false},"excerpt":{"rendered":"<p>Mais 249 fam\u00edlias v\u00e3o realizar o sonho da casa pr\u00f3pria no Estado. As novas moradias ir\u00e3o contemplar comunidades ind\u00edgenas, ribeirinhos,<\/p>\n","protected":false},"author":2,"featured_media":0,"comment_status":"","ping_status":"","sticky":false,"template":"","format":"standard","meta":{"colormag_page_container_layout":"default_layout","colormag_page_sidebar_layout":"default_layout","footnotes":""},"categories":[1],"tags":[],"class_list":["post-48643","post","type-post","status-publish","format-standard","hentry","category-ejornais"],"aioseo_notices":[],"amp_enabled":true,"_links":{"self":[{"href":"https:\/\/ejornais.com.br\/index.php\/wp-json\/wp\/v2\/posts\/48643","targetHints":{"allow":["GET"]}}],"collection":[{"href":"https:\/\/ejornais.com.br\/index.php\/wp-json\/wp\/v2\/posts"}],"about":[{"href":"https:\/\/ejornais.com.br\/index.php\/wp-json\/wp\/v2\/types\/post"}],"author":[{"embeddable":true,"href":"https:\/\/ejornais.com.br\/index.php\/wp-json\/wp\/v2\/users\/2"}],"replies":[{"embeddable":true,"href":"https:\/\/ejornais.com.br\/index.php\/wp-json\/wp\/v2\/comments?post=48643"}],"version-history":[{"count":0,"href":"https:\/\/ejornais.com.br\/index.php\/wp-json\/wp\/v2\/posts\/48643\/revisions"}],"wp:attachment":[{"href":"https:\/\/ejornais.com.br\/index.php\/wp-json\/wp\/v2\/media?parent=48643"}],"wp:term":[{"taxonomy":"category","embeddable":true,"href":"https:\/\/ejornais.com.br\/index.php\/wp-json\/wp\/v2\/categories?post=48643"},{"taxonomy":"post_tag","embeddable":true,"href":"https:\/\/ejornais.com.br\/index.php\/wp-json\/wp\/v2\/tags?post=48643"}],"curies":[{"name":"wp","href":"https:\/\/api.w.org\/{rel}","templated":true}]}}