{"id":48679,"date":"2025-07-15T09:33:44","date_gmt":"2025-07-15T12:33:44","guid":{"rendered":"https:\/\/ejornais.com.br\/index.php\/2025\/07\/15\/assistencia-social-de-bonito-reforca-acoes-e-atende-mais-de-4-mil-familias-no-primeiro-semestre-de-2025-prefeitura-municipal-de-bonito\/"},"modified":"2025-07-15T09:33:44","modified_gmt":"2025-07-15T12:33:44","slug":"assistencia-social-de-bonito-reforca-acoes-e-atende-mais-de-4-mil-familias-no-primeiro-semestre-de-2025-prefeitura-municipal-de-bonito","status":"publish","type":"post","link":"https:\/\/ejornais.com.br\/index.php\/2025\/07\/15\/assistencia-social-de-bonito-reforca-acoes-e-atende-mais-de-4-mil-familias-no-primeiro-semestre-de-2025-prefeitura-municipal-de-bonito\/","title":{"rendered":"Assist\u00eancia Social de Bonito refor\u00e7a a\u00e7\u00f5es e atende mais de 4 mil fam\u00edlias no primeiro semestre de 2025 &#8211; Prefeitura Municipal de Bonito"},"content":{"rendered":"<p><\/p>\n<div>\n<div class=\"td-post-featured-image\"><\/div>\n<p>A Secretaria Municipal de Assist\u00eancia Social de Bonito apresentou os resultados do trabalho realizado entre janeiro e junho de 2025, mostrando n\u00fameros que refletem o compromisso em garantir direitos e oferecer acolhimento \u00e0s fam\u00edlias em situa\u00e7\u00e3o de vulnerabilidade social.<\/p>\n<p>No per\u00edodo, mais de 4.200 fam\u00edlias receberam atendimento no Centro de Refer\u00eancia de Assist\u00eancia Social (CRAS) \u201cDra. Irene dos Santos\u201d, que atua como porta de entrada para os servi\u00e7os da Prote\u00e7\u00e3o Social B\u00e1sica. S\u00f3 pelo Servi\u00e7o de Prote\u00e7\u00e3o e Atendimento Integral \u00e0 Fam\u00edlia (PAIF), 271 fam\u00edlias foram acompanhadas regularmente, enquanto outras 2.124 passaram por atendimentos pontuais, como orienta\u00e7\u00f5es para benef\u00edcios, emiss\u00e3o de documentos, passe livre, entre outros.<\/p>\n<p>Atrav\u00e9s de visitas domiciliares, palestras e oficinas, os t\u00e9cnicos do CRAS tamb\u00e9m intensificaram o contato direto com a comunidade. Foram mais de 500 visitas domiciliares e cerca de 291 fam\u00edlias participaram de atividades em grupo.<\/p>\n<p><strong>Crian\u00e7as, adolescentes e idosos assistidos<\/strong><\/p>\n<p>Os servi\u00e7os de conviv\u00eancia seguem fortalecidos em v\u00e1rias faixas et\u00e1rias. Programas como o Crian\u00e7a Feliz e a Banda Municipal Kids atendem mais de 270 crian\u00e7as de 0 a 6 anos. Para crian\u00e7as e adolescentes de 7 a 16 anos, parcerias com institui\u00e7\u00f5es como Vis\u00e3o de Vida, Mirim Ambiental, Fam\u00edlia Legal e Associa\u00e7\u00e3o Pestalozzi alcan\u00e7am uma m\u00e9dia de 345 jovens. J\u00e1 a Banda Municipal atende outros 120 participantes, incluindo jovens e adultos, com ensaios e apresenta\u00e7\u00f5es semanais.<\/p>\n<p>O grupo Mulheres que Criam re\u00fane 82 participantes em oficinas de artesanato, expandindo suas a\u00e7\u00f5es para distritos e assentamentos. Na faixa dos idosos (+60), cerca de 250 pessoas participam de atividades de conviv\u00eancia, inclusive com encontros no distrito de \u00c1guas do Miranda.<\/p>\n<p><strong>Rede de prote\u00e7\u00e3o ampliada<\/strong><\/p>\n<p>Na Prote\u00e7\u00e3o Social Especial, o Centro de Refer\u00eancia Especializado de Assist\u00eancia Social (CREAS) \u201cFa\u00e7a Bonito\u201d acompanhou 46 fam\u00edlias por meio do Servi\u00e7o de Prote\u00e7\u00e3o e Atendimento Especializado a Fam\u00edlias e Indiv\u00edduos (PAEFI). Foram realizados mais de 730 atendimentos, al\u00e9m de visitas domiciliares, encaminhamentos e orienta\u00e7\u00f5es para garantia de direitos.<\/p>\n<p>A Casa de Acolhimento Raio de Sol segue oferecendo moradia tempor\u00e1ria e prote\u00e7\u00e3o integral a crian\u00e7as e adolescentes em situa\u00e7\u00e3o de abandono, amea\u00e7a ou viola\u00e7\u00e3o de direitos. A institui\u00e7\u00e3o, que hoje acolhe sete menores, tem estrutura para atender at\u00e9 20 acolhidos, garantindo acesso \u00e0 sa\u00fade, educa\u00e7\u00e3o, lazer e conviv\u00eancia familiar.<\/p>\n<p>O munic\u00edpio tamb\u00e9m conta com uma Institui\u00e7\u00e3o de Longa Perman\u00eancia para Idosos (ILPI), que abriga atualmente 22 idosos, oferecendo moradia digna, cuidados de sa\u00fade e conviv\u00eancia comunit\u00e1ria.<\/p>\n<p><strong>Programas de transfer\u00eancia de renda<\/strong><\/p>\n<p>O Cadastro \u00danico e o Programa Bolsa Fam\u00edlia seguem como importantes instrumentos de inclus\u00e3o. At\u00e9 junho, Bonito registrou 4.820 fam\u00edlias cadastradas, totalizando mais de 11.700 pessoas. S\u00f3 o Bolsa Fam\u00edlia atinge 9.472 benefici\u00e1rios, garantindo apoio direto \u00e0s fam\u00edlias em situa\u00e7\u00e3o de pobreza e extrema pobreza.<\/p>\n<p><strong>Apoio emergencial<\/strong><\/p>\n<p>Al\u00e9m dos atendimentos regulares, a Assist\u00eancia Social distribuiu benef\u00edcios eventuais como cestas b\u00e1sicas (1.433), cobertores (1.608), aux\u00edlio funeral, natalidade e passagens.<\/p>\n<p>Para a secret\u00e1ria municipal de Assist\u00eancia Social, os n\u00fameros refor\u00e7am o compromisso da gest\u00e3o em garantir prote\u00e7\u00e3o, acolhimento e condi\u00e7\u00f5es para que cada fam\u00edlia avance na supera\u00e7\u00e3o das situa\u00e7\u00f5es de vulnerabilidade. O trabalho \u00e9 constante e envolve equipe t\u00e9cnica, parceiros e toda a rede de apoio local.<\/p>\n<figure class=\"wp-block-gallery has-nested-images columns-5 is-cropped wp-block-gallery-1 is-layout-flex wp-block-gallery-is-layout-flex\">\n<figure class=\"wp-block-image size-large\"><\/figure>\n<figure class=\"wp-block-image size-large\"><\/figure>\n<figure class=\"wp-block-image size-large\"><\/figure>\n<figure class=\"wp-block-image size-large\"><\/figure>\n<figure class=\"wp-block-image size-large\"><\/figure>\n<figure class=\"wp-block-image size-large\"><\/figure>\n<figure class=\"wp-block-image size-large\"><\/figure>\n<figure class=\"wp-block-image size-large\"><\/figure>\n<figure class=\"wp-block-image size-large\"><\/figure>\n<figure class=\"wp-block-image size-large\"><\/figure>\n<figure class=\"wp-block-image size-large\"><\/figure>\n<figure class=\"wp-block-image size-large\"><\/figure>\n<figure class=\"wp-block-image size-large\"><\/figure>\n<figure class=\"wp-block-image size-large\"><\/figure>\n<figure class=\"wp-block-image size-large\"><\/figure>\n<figure class=\"wp-block-image size-large\"><\/figure>\n<figure class=\"wp-block-image size-large\"><\/figure>\n<figure class=\"wp-block-image size-large\"><\/figure>\n<figure class=\"wp-block-image size-large\"><\/figure>\n<figure class=\"wp-block-image size-large\"><\/figure>\n<figure class=\"wp-block-image size-large\"><\/figure>\n<figure class=\"wp-block-image size-large\"><\/figure>\n<\/figure><\/div>\n","protected":false},"excerpt":{"rendered":"<p>A Secretaria Municipal de Assist\u00eancia Social de Bonito apresentou os resultados do trabalho realizado entre janeiro e junho de 2025,<\/p>\n","protected":false},"author":2,"featured_media":0,"comment_status":"","ping_status":"","sticky":false,"template":"","format":"standard","meta":{"colormag_page_container_layout":"default_layout","colormag_page_sidebar_layout":"default_layout","footnotes":""},"categories":[1],"tags":[],"class_list":["post-48679","post","type-post","status-publish","format-standard","hentry","category-ejornais"],"aioseo_notices":[],"amp_enabled":true,"_links":{"self":[{"href":"https:\/\/ejornais.com.br\/index.php\/wp-json\/wp\/v2\/posts\/48679","targetHints":{"allow":["GET"]}}],"collection":[{"href":"https:\/\/ejornais.com.br\/index.php\/wp-json\/wp\/v2\/posts"}],"about":[{"href":"https:\/\/ejornais.com.br\/index.php\/wp-json\/wp\/v2\/types\/post"}],"author":[{"embeddable":true,"href":"https:\/\/ejornais.com.br\/index.php\/wp-json\/wp\/v2\/users\/2"}],"replies":[{"embeddable":true,"href":"https:\/\/ejornais.com.br\/index.php\/wp-json\/wp\/v2\/comments?post=48679"}],"version-history":[{"count":0,"href":"https:\/\/ejornais.com.br\/index.php\/wp-json\/wp\/v2\/posts\/48679\/revisions"}],"wp:attachment":[{"href":"https:\/\/ejornais.com.br\/index.php\/wp-json\/wp\/v2\/media?parent=48679"}],"wp:term":[{"taxonomy":"category","embeddable":true,"href":"https:\/\/ejornais.com.br\/index.php\/wp-json\/wp\/v2\/categories?post=48679"},{"taxonomy":"post_tag","embeddable":true,"href":"https:\/\/ejornais.com.br\/index.php\/wp-json\/wp\/v2\/tags?post=48679"}],"curies":[{"name":"wp","href":"https:\/\/api.w.org\/{rel}","templated":true}]}}