{"id":48710,"date":"2025-07-15T18:26:40","date_gmt":"2025-07-15T21:26:40","guid":{"rendered":"https:\/\/ejornais.com.br\/index.php\/2025\/07\/15\/aposentados-tem-ate-dia-21-para-aderir-ao-plano-de-devolucao\/"},"modified":"2025-07-15T18:26:40","modified_gmt":"2025-07-15T21:26:40","slug":"aposentados-tem-ate-dia-21-para-aderir-ao-plano-de-devolucao","status":"publish","type":"post","link":"https:\/\/ejornais.com.br\/index.php\/2025\/07\/15\/aposentados-tem-ate-dia-21-para-aderir-ao-plano-de-devolucao\/","title":{"rendered":"Aposentados t\u00eam at\u00e9 dia 21 para aderir ao plano de devolu\u00e7\u00e3o"},"content":{"rendered":"<p> Por MRNews<br \/>\n<\/p>\n<div wp_automatic_readability=\"56.082928981032\">\n<p><strong>Os aposentados e pensionistas do Instituto Nacional do Seguro Social (INSS) que tiveram descontos indevidos por entidades associativas t\u00eam at\u00e9 a pr\u00f3xima segunda-feira (21) para aderir ao acordo de devolu\u00e7\u00e3o dos recursos oferecido pelo governo federal.<\/strong><\/p>\n<p>O benefici\u00e1rio que aderir \u00e0 proposta do Minist\u00e9rio da Previd\u00eancia Social vai receber o pagamento dos valores descontados na semana do dia 24 de julho.<\/p>\n<p>O acordo diz respeito aos valores descontados entre mar\u00e7o de 2020 e mar\u00e7o de 2025. Assim, o benefici\u00e1rio n\u00e3o precisa recorrer \u00e0 Justi\u00e7a. Para tanto, <strong>aqueles que foram lesados podem acessar ao aplicativo Meu INSS ou ir a uma ag\u00eancia dos Correios. A ades\u00e3o \u00e9 gratuita e n\u00e3o exige envio de documentos.<\/strong><\/p>\n<p><strong><a href=\"https:\/\/mrnews.com.br\/index.php\/2025\/07\/15\/tv-brasil-conversa-com-ana-maria-goncalves-nova-imortal-da-abl\/\">TV Brasil conversa com Ana Maria Gon\u00e7alves, nova imortal da ABL<\/a><\/strong><\/p>\n<p><strong><a href=\"https:\/\/mrnews.com.br\/index.php\/2025\/07\/15\/servicos-ja-respondem-por-57-dos-empregos-formais-no-pais-diz-cns\/\">Servi\u00e7os j\u00e1 respondem por 57% dos empregos formais no pa\u00eds, diz CNS<\/a><\/strong><\/p>\n<p>Os recursos ser\u00e3o pagos aos pensionistas e aposentados que j\u00e1 questionaram os valores transferidos pelas associa\u00e7\u00f5es e, ap\u00f3s o prazo de 15 dias \u00fateis, n\u00e3o receberam retorno das entidades.<\/p>\n<p>O INSS recebeu cerca de 3,8 milh\u00f5es de contesta\u00e7\u00f5es, sendo que tr\u00eas milh\u00f5es delas n\u00e3o receberam respostas de seus questionamentos por parte das entidades.<\/p>\n<p><strong>Os valores ser\u00e3o depositados na mesma conta onde o aposentado ou pensionista j\u00e1 recebe normalmente seu benef\u00edcio.<\/strong><\/p>\n<p>A partir do dia 24, ser\u00e3o processados diversos lotes di\u00e1rios de recursos com os repasses de modo que todos aqueles prejudicados sejam ressarcidos.<\/p>\n<p><strong><a href=\"https:\/\/mrnews.com.br\/index.php\/2025\/07\/15\/em-artigo-no-ny-times-jorge-messias-defende-stf-e-soberania-do-brasil\/\">Em artigo no NY Times, Jorge Messias defende STF e soberania do Brasil<\/a><\/strong><\/p>\n<p><strong><a href=\"https:\/\/mrnews.com.br\/index.php\/2025\/07\/15\/tv-brasil-exibe-bolivia-x-brasil-pela-copa-america-feminina-as-18h\/\">TV Brasil exibe Bol\u00edvia x Brasil pela Copa Am\u00e9rica Feminina \u00e0s 18h<\/a><\/strong><\/p>\n<p><strong>Os pensionistas e aposentados que ainda n\u00e3o contestaram os descontos ainda pode faz\u00ea-lo no aplicativo MEU INSS, pelo telefone 135, do Minist\u00e9rio da Previd\u00eancia Social, ou presencialmente nas ag\u00eancias dos Correios. <\/strong>As novas contesta\u00e7\u00f5es dever\u00e3o ser aceitas, pelo menos, at\u00e9 14 de novembro deste ano.<\/p>\n<p>O acordo de devolu\u00e7\u00e3o dos valores foi homologado pelo Supremo Tribunal Federal (STF), resultado de um acordo entre o Minist\u00e9rio da Previd\u00eancia Social, o INSS, a Advogacia-Geral da Uni\u00e3o (AGU), o Minist\u00e9rio P\u00fablico Federal (MPF) e o Conselho Federal da Ordem dos Advogados do Brasil (OAB).<\/p>\n<p>\u00a0<\/p>\n<\/div>\n","protected":false},"excerpt":{"rendered":"<p>Por MRNews Os aposentados e pensionistas do Instituto Nacional do Seguro Social (INSS) que tiveram descontos indevidos por entidades associativas<\/p>\n","protected":false},"author":2,"featured_media":0,"comment_status":"","ping_status":"","sticky":false,"template":"","format":"standard","meta":{"colormag_page_container_layout":"default_layout","colormag_page_sidebar_layout":"default_layout","footnotes":""},"categories":[1],"tags":[],"class_list":["post-48710","post","type-post","status-publish","format-standard","hentry","category-ejornais"],"aioseo_notices":[],"amp_enabled":true,"_links":{"self":[{"href":"https:\/\/ejornais.com.br\/index.php\/wp-json\/wp\/v2\/posts\/48710","targetHints":{"allow":["GET"]}}],"collection":[{"href":"https:\/\/ejornais.com.br\/index.php\/wp-json\/wp\/v2\/posts"}],"about":[{"href":"https:\/\/ejornais.com.br\/index.php\/wp-json\/wp\/v2\/types\/post"}],"author":[{"embeddable":true,"href":"https:\/\/ejornais.com.br\/index.php\/wp-json\/wp\/v2\/users\/2"}],"replies":[{"embeddable":true,"href":"https:\/\/ejornais.com.br\/index.php\/wp-json\/wp\/v2\/comments?post=48710"}],"version-history":[{"count":0,"href":"https:\/\/ejornais.com.br\/index.php\/wp-json\/wp\/v2\/posts\/48710\/revisions"}],"wp:attachment":[{"href":"https:\/\/ejornais.com.br\/index.php\/wp-json\/wp\/v2\/media?parent=48710"}],"wp:term":[{"taxonomy":"category","embeddable":true,"href":"https:\/\/ejornais.com.br\/index.php\/wp-json\/wp\/v2\/categories?post=48710"},{"taxonomy":"post_tag","embeddable":true,"href":"https:\/\/ejornais.com.br\/index.php\/wp-json\/wp\/v2\/tags?post=48710"}],"curies":[{"name":"wp","href":"https:\/\/api.w.org\/{rel}","templated":true}]}}