{"id":48728,"date":"2025-07-15T23:50:46","date_gmt":"2025-07-16T02:50:46","guid":{"rendered":"https:\/\/ejornais.com.br\/index.php\/2025\/07\/15\/pos-graduacao-ainda-e-concentrada-na-populacao-branca-aponta-estudo\/"},"modified":"2025-07-15T23:50:46","modified_gmt":"2025-07-16T02:50:46","slug":"pos-graduacao-ainda-e-concentrada-na-populacao-branca-aponta-estudo","status":"publish","type":"post","link":"https:\/\/ejornais.com.br\/index.php\/2025\/07\/15\/pos-graduacao-ainda-e-concentrada-na-populacao-branca-aponta-estudo\/","title":{"rendered":"P\u00f3s- gradua\u00e7\u00e3o \u201cainda \u00e9 concentrada na popula\u00e7\u00e3o branca\u201d, aponta estudo"},"content":{"rendered":"<p> Por MRNews<br \/>\n<\/p>\n<div wp_automatic_readability=\"74.125714285714\">\n<p>Entre os anos de 1996 a 2021, quase a metade dos t\u00edtulos de mestrado (49,5%) e um sexto das titula\u00e7\u00f5es de doutorado (57,8%) foram obtidos por pessoas brancas. Apesar de majorit\u00e1rios na popula\u00e7\u00e3o brasileira (55,5%, conforme o Censo 2022), os negros s\u00e3o minorit\u00e1rios nos cursos de p\u00f3s-gradua\u00e7\u00e3o stricto sensu.<\/p>\n<p>\u201cPretos representam apenas 4,1% dos mestres e 3,4% dos doutores, enquanto pardos somam 16,7% e 14,9%, respectivamente. Os ind\u00edgenas correspondem a apenas 0,23% das titula\u00e7\u00f5es de mestrado e 0,3% das de doutorado no per\u00edodo\u201d, descreve nota \u00e0 imprensa sobre levantamento do Centro de Gest\u00e3o e Estudos Estrat\u00e9gicos (CGEE), uma associa\u00e7\u00e3o civil sem fins lucrativos, sediada em Bras\u00edlia, supervisionada pelo Minist\u00e9rio da Ci\u00eancia, Tecnologia e Inova\u00e7\u00e3o (MCTI).<\/p>\n<p>Al\u00e9m dos resultados acumulados em 25 anos 1996 a 2021, o flagrante da desigualdade tamb\u00e9m \u00e9 capturado de outra forma pelo CGEE: \u201cem 2021, enquanto havia 38,9 mestres brancos por 100 mil habitantes, havia apenas 21,4 entre pretos, 16,1 entre pardos e 16 entre ind\u00edgenas. A diferen\u00e7a \u00e9 ainda mais cr\u00edtica no doutorado: brancos somavam 14,5 por 100 mil habitantes, ante cerca de 5 por 100 mil para pretos, pardos e ind\u00edgenas.\u201d<\/p>\n<p><strong><a href=\"https:\/\/mrnews.com.br\/index.php\/2025\/07\/15\/camaras-de-comercio-nos-eua-e-no-brasil-pedem-suspensao-de-taxas\/\">C\u00e2maras de com\u00e9rcio nos EUA e no Brasil pedem suspens\u00e3o de taxas<\/a><\/strong><\/p>\n<p><strong><a href=\"https:\/\/mrnews.com.br\/index.php\/2025\/07\/15\/janones-e-suspenso-por-tres-meses-em-conselho-de-etica-da-camara\/\">Janones \u00e9 suspenso por tr\u00eas meses em Conselho de \u00c9tica da C\u00e2mara<\/a><\/strong><\/p>\n<p>As disparidades permanecem no mercado de trabalho, ap\u00f3s a conclus\u00e3o dos cursos entre quem tem a mesma titula\u00e7\u00e3o. \u201cos brancos ainda concentram a maior parte dos v\u00ednculos empregat\u00edcios\u201d, assim como permanecem as diferen\u00e7as de remunera\u00e7\u00e3o. \u201cEm 2021, os mestres pretos recebiam, em m\u00e9dia, 13,6% a menos que os mestres brancos. Entre os doutores, a diferen\u00e7a foi de 6,4%.\u201d<\/p>\n<p>\u201cQuando se analisa a remunera\u00e7\u00e3o, observa-se uma desvantagem significativa, com sal\u00e1rios inferiores aos da popula\u00e7\u00e3o branca, tomada como refer\u00eancia por apresentar as maiores remunera\u00e7\u00f5es entre mestres e doutores\u201d, acrescenta em nota coordenadora do estudo, Sofia Daher assessora t\u00e9cnica do CGEE e analista em ci\u00eancia e tecnologia.<\/p>\n<p>O estudo sobre diversidade racial est\u00e1 sendo apresentado nesta ter\u00e7a-feira (15) na 77\u00aa Reuni\u00e3o Anual da Sociedade Brasileira para o Progresso da Ci\u00eanca\u00a0(SBPC), que acontece em Recife (PE).<\/p>\n<p><strong><a href=\"https:\/\/mrnews.com.br\/index.php\/2025\/07\/15\/alckmin-diz-que-governo-tentara-acordo-antes-do-prazo-para-tarifaco\/\">Alckmin diz que governo tentar\u00e1 acordo antes do prazo para tarifa\u00e7o<\/a><\/strong><\/p>\n<p><strong><a href=\"https:\/\/mrnews.com.br\/index.php\/2025\/07\/15\/audiencia-no-stf-termina-sem-acordo-sobre-iof\/\">Audi\u00eancia no STF termina sem acordo sobre IOF<\/a><\/strong><\/p>\n<\/div>\n","protected":false},"excerpt":{"rendered":"<p>Por MRNews Entre os anos de 1996 a 2021, quase a metade dos t\u00edtulos de mestrado (49,5%) e um sexto<\/p>\n","protected":false},"author":2,"featured_media":0,"comment_status":"","ping_status":"","sticky":false,"template":"","format":"standard","meta":{"colormag_page_container_layout":"default_layout","colormag_page_sidebar_layout":"default_layout","footnotes":""},"categories":[1],"tags":[],"class_list":["post-48728","post","type-post","status-publish","format-standard","hentry","category-ejornais"],"aioseo_notices":[],"aioseo_head":"\n\t\t<!-- All in One SEO 5.0.1.1 - aioseo.com -->\n\t<meta name=\"description\" content=\"Por MRNews Entre os anos de 1996 a 2021, quase a metade dos t\u00edtulos de mestrado (49,5%) e um sexto das titula\u00e7\u00f5es de doutorado (57,8%) foram obtidos por pessoas brancas. Apesar de majorit\u00e1rios na popula\u00e7\u00e3o brasileira (55,5%, conforme o Censo 2022), os negros s\u00e3o minorit\u00e1rios nos cursos de p\u00f3s-gradua\u00e7\u00e3o stricto sensu. \u201cPretos representam apenas 4,1%\" \/>\n\t<meta name=\"robots\" content=\"max-image-preview:large\" \/>\n\t<meta name=\"author\" content=\"admin1\"\/>\n\t<link rel=\"canonical\" href=\"https:\/\/ejornais.com.br\/index.php\/2025\/07\/15\/pos-graduacao-ainda-e-concentrada-na-populacao-branca-aponta-estudo\/\" \/>\n\t<meta name=\"generator\" content=\"All in One SEO (AIOSEO) 5.0.1.1\" \/>\n\t\t<meta property=\"og:locale\" content=\"pt_BR\" \/>\n\t\t<meta property=\"og:site_name\" content=\"eJornais - Cat\u00e1logo de Jornais no mundo, Not\u00edcias, Blog e Esportes ao vivo\" \/>\n\t\t<meta property=\"og:type\" content=\"article\" \/>\n\t\t<meta property=\"og:title\" content=\"P\u00f3s- gradua\u00e7\u00e3o \u201cainda \u00e9 concentrada na popula\u00e7\u00e3o branca\u201d, aponta estudo - eJornais\" \/>\n\t\t<meta property=\"og:description\" content=\"Por MRNews Entre os anos de 1996 a 2021, quase a metade dos t\u00edtulos de mestrado (49,5%) e um sexto das titula\u00e7\u00f5es de doutorado (57,8%) foram obtidos por pessoas brancas. Apesar de majorit\u00e1rios na popula\u00e7\u00e3o brasileira (55,5%, conforme o Censo 2022), os negros s\u00e3o minorit\u00e1rios nos cursos de p\u00f3s-gradua\u00e7\u00e3o stricto sensu. \u201cPretos representam apenas 4,1%\" \/>\n\t\t<meta property=\"og:url\" content=\"https:\/\/ejornais.com.br\/index.php\/2025\/07\/15\/pos-graduacao-ainda-e-concentrada-na-populacao-branca-aponta-estudo\/\" \/>\n\t\t<meta property=\"article:published_time\" content=\"2025-07-16T02:50:46+00:00\" \/>\n\t\t<meta property=\"article:modified_time\" content=\"2025-07-16T02:50:46+00:00\" \/>\n\t\t<meta name=\"twitter:card\" content=\"summary_large_image\" \/>\n\t\t<meta name=\"twitter:title\" content=\"P\u00f3s- gradua\u00e7\u00e3o \u201cainda \u00e9 concentrada na popula\u00e7\u00e3o branca\u201d, aponta estudo - eJornais\" \/>\n\t\t<meta name=\"twitter:description\" content=\"Por MRNews Entre os anos de 1996 a 2021, quase a metade dos t\u00edtulos de mestrado (49,5%) e um sexto das titula\u00e7\u00f5es de doutorado (57,8%) foram obtidos por pessoas brancas. Apesar de majorit\u00e1rios na popula\u00e7\u00e3o brasileira (55,5%, conforme o Censo 2022), os negros s\u00e3o minorit\u00e1rios nos cursos de p\u00f3s-gradua\u00e7\u00e3o stricto sensu. \u201cPretos representam apenas 4,1%\" \/>\n\t\t<script type=\"application\/ld+json\" class=\"aioseo-schema\">\n\t\t\t{\"@context\":\"https:\\\/\\\/schema.org\",\"@graph\":[{\"@type\":\"BlogPosting\",\"@id\":\"https:\\\/\\\/ejornais.com.br\\\/index.php\\\/2025\\\/07\\\/15\\\/pos-graduacao-ainda-e-concentrada-na-populacao-branca-aponta-estudo\\\/#blogposting\",\"name\":\"P\\u00f3s- gradua\\u00e7\\u00e3o \\u201cainda \\u00e9 concentrada na popula\\u00e7\\u00e3o branca\\u201d, aponta estudo - eJornais\",\"headline\":\"P\\u00f3s- gradua\\u00e7\\u00e3o \\u201cainda \\u00e9 concentrada na popula\\u00e7\\u00e3o branca\\u201d, aponta estudo\",\"author\":{\"@id\":\"https:\\\/\\\/ejornais.com.br\\\/index.php\\\/author\\\/admin1\\\/#author\"},\"publisher\":{\"@id\":\"https:\\\/\\\/ejornais.com.br\\\/#organization\"},\"datePublished\":\"2025-07-15T23:50:46-03:00\",\"dateModified\":\"2025-07-15T23:50:46-03:00\",\"inLanguage\":\"pt-BR\",\"mainEntityOfPage\":{\"@id\":\"https:\\\/\\\/ejornais.com.br\\\/index.php\\\/2025\\\/07\\\/15\\\/pos-graduacao-ainda-e-concentrada-na-populacao-branca-aponta-estudo\\\/#webpage\"},\"isPartOf\":{\"@id\":\"https:\\\/\\\/ejornais.com.br\\\/index.php\\\/2025\\\/07\\\/15\\\/pos-graduacao-ainda-e-concentrada-na-populacao-branca-aponta-estudo\\\/#webpage\"},\"articleSection\":\"Cat\\u00e1logo de Jornais\"},{\"@type\":\"BreadcrumbList\",\"@id\":\"https:\\\/\\\/ejornais.com.br\\\/index.php\\\/2025\\\/07\\\/15\\\/pos-graduacao-ainda-e-concentrada-na-populacao-branca-aponta-estudo\\\/#breadcrumblist\",\"itemListElement\":[{\"@type\":\"ListItem\",\"@id\":\"https:\\\/\\\/ejornais.com.br#listItem\",\"position\":1,\"name\":\"In\\u00edcio\",\"item\":\"https:\\\/\\\/ejornais.com.br\",\"nextItem\":{\"@type\":\"ListItem\",\"@id\":\"https:\\\/\\\/ejornais.com.br\\\/index.php\\\/category\\\/ejornais\\\/#listItem\",\"name\":\"Cat\\u00e1logo de Jornais\"}},{\"@type\":\"ListItem\",\"@id\":\"https:\\\/\\\/ejornais.com.br\\\/index.php\\\/category\\\/ejornais\\\/#listItem\",\"position\":2,\"name\":\"Cat\\u00e1logo de Jornais\",\"item\":\"https:\\\/\\\/ejornais.com.br\\\/index.php\\\/category\\\/ejornais\\\/\",\"nextItem\":{\"@type\":\"ListItem\",\"@id\":\"https:\\\/\\\/ejornais.com.br\\\/index.php\\\/2025\\\/07\\\/15\\\/pos-graduacao-ainda-e-concentrada-na-populacao-branca-aponta-estudo\\\/#listItem\",\"name\":\"P\\u00f3s- gradua\\u00e7\\u00e3o \\u201cainda \\u00e9 concentrada na popula\\u00e7\\u00e3o branca\\u201d, aponta estudo\"},\"previousItem\":{\"@type\":\"ListItem\",\"@id\":\"https:\\\/\\\/ejornais.com.br#listItem\",\"name\":\"In\\u00edcio\"}},{\"@type\":\"ListItem\",\"@id\":\"https:\\\/\\\/ejornais.com.br\\\/index.php\\\/2025\\\/07\\\/15\\\/pos-graduacao-ainda-e-concentrada-na-populacao-branca-aponta-estudo\\\/#listItem\",\"position\":3,\"name\":\"P\\u00f3s- gradua\\u00e7\\u00e3o \\u201cainda \\u00e9 concentrada na popula\\u00e7\\u00e3o branca\\u201d, aponta estudo\",\"previousItem\":{\"@type\":\"ListItem\",\"@id\":\"https:\\\/\\\/ejornais.com.br\\\/index.php\\\/category\\\/ejornais\\\/#listItem\",\"name\":\"Cat\\u00e1logo de Jornais\"}}]},{\"@type\":\"Organization\",\"@id\":\"https:\\\/\\\/ejornais.com.br\\\/#organization\",\"name\":\"eJornais\",\"description\":\"Cat\\u00e1logo de Jornais no mundo, Not\\u00edcias, Blog e Esportes ao vivo\",\"url\":\"https:\\\/\\\/ejornais.com.br\\\/\"},{\"@type\":\"Person\",\"@id\":\"https:\\\/\\\/ejornais.com.br\\\/index.php\\\/author\\\/admin1\\\/#author\",\"url\":\"https:\\\/\\\/ejornais.com.br\\\/index.php\\\/author\\\/admin1\\\/\",\"name\":\"admin1\",\"image\":{\"@type\":\"ImageObject\",\"@id\":\"https:\\\/\\\/ejornais.com.br\\\/index.php\\\/2025\\\/07\\\/15\\\/pos-graduacao-ainda-e-concentrada-na-populacao-branca-aponta-estudo\\\/#authorImage\",\"url\":\"https:\\\/\\\/secure.gravatar.com\\\/avatar\\\/04084e6d73c042b8646e7c17b494073bf0ede3ea13c7105cfc45cbbbc28385a4?s=96&d=mm&r=g\",\"width\":96,\"height\":96,\"caption\":\"admin1\"}},{\"@type\":\"WebPage\",\"@id\":\"https:\\\/\\\/ejornais.com.br\\\/index.php\\\/2025\\\/07\\\/15\\\/pos-graduacao-ainda-e-concentrada-na-populacao-branca-aponta-estudo\\\/#webpage\",\"url\":\"https:\\\/\\\/ejornais.com.br\\\/index.php\\\/2025\\\/07\\\/15\\\/pos-graduacao-ainda-e-concentrada-na-populacao-branca-aponta-estudo\\\/\",\"name\":\"P\\u00f3s- gradua\\u00e7\\u00e3o \\u201cainda \\u00e9 concentrada na popula\\u00e7\\u00e3o branca\\u201d, aponta estudo - eJornais\",\"description\":\"Por MRNews Entre os anos de 1996 a 2021, quase a metade dos t\\u00edtulos de mestrado (49,5%) e um sexto das titula\\u00e7\\u00f5es de doutorado (57,8%) foram obtidos por pessoas brancas. Apesar de majorit\\u00e1rios na popula\\u00e7\\u00e3o brasileira (55,5%, conforme o Censo 2022), os negros s\\u00e3o minorit\\u00e1rios nos cursos de p\\u00f3s-gradua\\u00e7\\u00e3o stricto sensu. \\u201cPretos representam apenas 4,1%\",\"inLanguage\":\"pt-BR\",\"isPartOf\":{\"@id\":\"https:\\\/\\\/ejornais.com.br\\\/#website\"},\"breadcrumb\":{\"@id\":\"https:\\\/\\\/ejornais.com.br\\\/index.php\\\/2025\\\/07\\\/15\\\/pos-graduacao-ainda-e-concentrada-na-populacao-branca-aponta-estudo\\\/#breadcrumblist\"},\"author\":{\"@id\":\"https:\\\/\\\/ejornais.com.br\\\/index.php\\\/author\\\/admin1\\\/#author\"},\"creator\":{\"@id\":\"https:\\\/\\\/ejornais.com.br\\\/index.php\\\/author\\\/admin1\\\/#author\"},\"datePublished\":\"2025-07-15T23:50:46-03:00\",\"dateModified\":\"2025-07-15T23:50:46-03:00\"},{\"@type\":\"WebSite\",\"@id\":\"https:\\\/\\\/ejornais.com.br\\\/#website\",\"url\":\"https:\\\/\\\/ejornais.com.br\\\/\",\"name\":\"eJornais\",\"description\":\"Cat\\u00e1logo de Jornais no mundo, Not\\u00edcias, Blog e Esportes ao vivo\",\"inLanguage\":\"pt-BR\",\"publisher\":{\"@id\":\"https:\\\/\\\/ejornais.com.br\\\/#organization\"}}]}\n\t\t<\/script>\n\t\t<!-- All in One SEO -->\n\n","aioseo_head_json":{"title":"P\u00f3s- gradua\u00e7\u00e3o \u201cainda \u00e9 concentrada na popula\u00e7\u00e3o branca\u201d, aponta estudo - eJornais","description":"Por MRNews Entre os anos de 1996 a 2021, quase a metade dos t\u00edtulos de mestrado (49,5%) e um sexto das titula\u00e7\u00f5es de doutorado (57,8%) foram obtidos por pessoas brancas. Apesar de majorit\u00e1rios na popula\u00e7\u00e3o brasileira (55,5%, conforme o Censo 2022), os negros s\u00e3o minorit\u00e1rios nos cursos de p\u00f3s-gradua\u00e7\u00e3o stricto sensu. \u201cPretos representam apenas 4,1%","canonical_url":"https:\/\/ejornais.com.br\/index.php\/2025\/07\/15\/pos-graduacao-ainda-e-concentrada-na-populacao-branca-aponta-estudo\/","robots":"max-image-preview:large","keywords":"","webmasterTools":{"miscellaneous":""},"schema":{"@context":"https:\/\/schema.org","@graph":[{"@type":"BlogPosting","@id":"https:\/\/ejornais.com.br\/index.php\/2025\/07\/15\/pos-graduacao-ainda-e-concentrada-na-populacao-branca-aponta-estudo\/#blogposting","name":"P\u00f3s- gradua\u00e7\u00e3o \u201cainda \u00e9 concentrada na popula\u00e7\u00e3o branca\u201d, aponta estudo - eJornais","headline":"P\u00f3s- gradua\u00e7\u00e3o \u201cainda \u00e9 concentrada na popula\u00e7\u00e3o branca\u201d, aponta estudo","author":{"@id":"https:\/\/ejornais.com.br\/index.php\/author\/admin1\/#author"},"publisher":{"@id":"https:\/\/ejornais.com.br\/#organization"},"datePublished":"2025-07-15T23:50:46-03:00","dateModified":"2025-07-15T23:50:46-03:00","inLanguage":"pt-BR","mainEntityOfPage":{"@id":"https:\/\/ejornais.com.br\/index.php\/2025\/07\/15\/pos-graduacao-ainda-e-concentrada-na-populacao-branca-aponta-estudo\/#webpage"},"isPartOf":{"@id":"https:\/\/ejornais.com.br\/index.php\/2025\/07\/15\/pos-graduacao-ainda-e-concentrada-na-populacao-branca-aponta-estudo\/#webpage"},"articleSection":"Cat\u00e1logo de Jornais"},{"@type":"BreadcrumbList","@id":"https:\/\/ejornais.com.br\/index.php\/2025\/07\/15\/pos-graduacao-ainda-e-concentrada-na-populacao-branca-aponta-estudo\/#breadcrumblist","itemListElement":[{"@type":"ListItem","@id":"https:\/\/ejornais.com.br#listItem","position":1,"name":"In\u00edcio","item":"https:\/\/ejornais.com.br","nextItem":{"@type":"ListItem","@id":"https:\/\/ejornais.com.br\/index.php\/category\/ejornais\/#listItem","name":"Cat\u00e1logo de Jornais"}},{"@type":"ListItem","@id":"https:\/\/ejornais.com.br\/index.php\/category\/ejornais\/#listItem","position":2,"name":"Cat\u00e1logo de Jornais","item":"https:\/\/ejornais.com.br\/index.php\/category\/ejornais\/","nextItem":{"@type":"ListItem","@id":"https:\/\/ejornais.com.br\/index.php\/2025\/07\/15\/pos-graduacao-ainda-e-concentrada-na-populacao-branca-aponta-estudo\/#listItem","name":"P\u00f3s- gradua\u00e7\u00e3o \u201cainda \u00e9 concentrada na popula\u00e7\u00e3o branca\u201d, aponta estudo"},"previousItem":{"@type":"ListItem","@id":"https:\/\/ejornais.com.br#listItem","name":"In\u00edcio"}},{"@type":"ListItem","@id":"https:\/\/ejornais.com.br\/index.php\/2025\/07\/15\/pos-graduacao-ainda-e-concentrada-na-populacao-branca-aponta-estudo\/#listItem","position":3,"name":"P\u00f3s- gradua\u00e7\u00e3o \u201cainda \u00e9 concentrada na popula\u00e7\u00e3o branca\u201d, aponta estudo","previousItem":{"@type":"ListItem","@id":"https:\/\/ejornais.com.br\/index.php\/category\/ejornais\/#listItem","name":"Cat\u00e1logo de Jornais"}}]},{"@type":"Organization","@id":"https:\/\/ejornais.com.br\/#organization","name":"eJornais","description":"Cat\u00e1logo de Jornais no mundo, Not\u00edcias, Blog e Esportes ao vivo","url":"https:\/\/ejornais.com.br\/"},{"@type":"Person","@id":"https:\/\/ejornais.com.br\/index.php\/author\/admin1\/#author","url":"https:\/\/ejornais.com.br\/index.php\/author\/admin1\/","name":"admin1","image":{"@type":"ImageObject","@id":"https:\/\/ejornais.com.br\/index.php\/2025\/07\/15\/pos-graduacao-ainda-e-concentrada-na-populacao-branca-aponta-estudo\/#authorImage","url":"https:\/\/secure.gravatar.com\/avatar\/04084e6d73c042b8646e7c17b494073bf0ede3ea13c7105cfc45cbbbc28385a4?s=96&d=mm&r=g","width":96,"height":96,"caption":"admin1"}},{"@type":"WebPage","@id":"https:\/\/ejornais.com.br\/index.php\/2025\/07\/15\/pos-graduacao-ainda-e-concentrada-na-populacao-branca-aponta-estudo\/#webpage","url":"https:\/\/ejornais.com.br\/index.php\/2025\/07\/15\/pos-graduacao-ainda-e-concentrada-na-populacao-branca-aponta-estudo\/","name":"P\u00f3s- gradua\u00e7\u00e3o \u201cainda \u00e9 concentrada na popula\u00e7\u00e3o branca\u201d, aponta estudo - eJornais","description":"Por MRNews Entre os anos de 1996 a 2021, quase a metade dos t\u00edtulos de mestrado (49,5%) e um sexto das titula\u00e7\u00f5es de doutorado (57,8%) foram obtidos por pessoas brancas. Apesar de majorit\u00e1rios na popula\u00e7\u00e3o brasileira (55,5%, conforme o Censo 2022), os negros s\u00e3o minorit\u00e1rios nos cursos de p\u00f3s-gradua\u00e7\u00e3o stricto sensu. \u201cPretos representam apenas 4,1%","inLanguage":"pt-BR","isPartOf":{"@id":"https:\/\/ejornais.com.br\/#website"},"breadcrumb":{"@id":"https:\/\/ejornais.com.br\/index.php\/2025\/07\/15\/pos-graduacao-ainda-e-concentrada-na-populacao-branca-aponta-estudo\/#breadcrumblist"},"author":{"@id":"https:\/\/ejornais.com.br\/index.php\/author\/admin1\/#author"},"creator":{"@id":"https:\/\/ejornais.com.br\/index.php\/author\/admin1\/#author"},"datePublished":"2025-07-15T23:50:46-03:00","dateModified":"2025-07-15T23:50:46-03:00"},{"@type":"WebSite","@id":"https:\/\/ejornais.com.br\/#website","url":"https:\/\/ejornais.com.br\/","name":"eJornais","description":"Cat\u00e1logo de Jornais no mundo, Not\u00edcias, Blog e Esportes ao vivo","inLanguage":"pt-BR","publisher":{"@id":"https:\/\/ejornais.com.br\/#organization"}}]},"og:locale":"pt_BR","og:site_name":"eJornais - Cat\u00e1logo de Jornais no mundo, Not\u00edcias, Blog e Esportes ao vivo","og:type":"article","og:title":"P\u00f3s- gradua\u00e7\u00e3o \u201cainda \u00e9 concentrada na popula\u00e7\u00e3o branca\u201d, aponta estudo - eJornais","og:description":"Por MRNews Entre os anos de 1996 a 2021, quase a metade dos t\u00edtulos de mestrado (49,5%) e um sexto das titula\u00e7\u00f5es de doutorado (57,8%) foram obtidos por pessoas brancas. Apesar de majorit\u00e1rios na popula\u00e7\u00e3o brasileira (55,5%, conforme o Censo 2022), os negros s\u00e3o minorit\u00e1rios nos cursos de p\u00f3s-gradua\u00e7\u00e3o stricto sensu. \u201cPretos representam apenas 4,1%","og:url":"https:\/\/ejornais.com.br\/index.php\/2025\/07\/15\/pos-graduacao-ainda-e-concentrada-na-populacao-branca-aponta-estudo\/","article:published_time":"2025-07-16T02:50:46+00:00","article:modified_time":"2025-07-16T02:50:46+00:00","twitter:card":"summary_large_image","twitter:title":"P\u00f3s- gradua\u00e7\u00e3o \u201cainda \u00e9 concentrada na popula\u00e7\u00e3o branca\u201d, aponta estudo - eJornais","twitter:description":"Por MRNews Entre os anos de 1996 a 2021, quase a metade dos t\u00edtulos de mestrado (49,5%) e um sexto das titula\u00e7\u00f5es de doutorado (57,8%) foram obtidos por pessoas brancas. Apesar de majorit\u00e1rios na popula\u00e7\u00e3o brasileira (55,5%, conforme o Censo 2022), os negros s\u00e3o minorit\u00e1rios nos cursos de p\u00f3s-gradua\u00e7\u00e3o stricto sensu. \u201cPretos representam apenas 4,1%"},"aioseo_meta_data":{"post_id":"48728","title":null,"description":null,"keywords":null,"keyphrases":null,"primary_term":null,"canonical_url":null,"og_title":null,"og_description":null,"og_object_type":"default","og_image_type":"default","og_image_url":null,"og_image_width":null,"og_image_height":null,"og_image_custom_url":null,"og_image_custom_fields":null,"og_video":null,"og_custom_url":null,"og_article_section":null,"og_article_tags":null,"twitter_use_og":false,"twitter_card":"default","twitter_image_type":"default","twitter_image_url":null,"twitter_image_custom_url":null,"twitter_image_custom_fields":null,"twitter_title":null,"twitter_description":null,"schema":{"blockGraphs":[],"customGraphs":[],"default":{"data":{"Article":[],"Course":[],"Dataset":[],"FAQPage":[],"Movie":[],"Person":[],"Product":[],"ProductReview":[],"Car":[],"Recipe":[],"Service":[],"SoftwareApplication":[],"WebPage":[]},"graphName":"","isEnabled":true},"graphs":[]},"schema_type":"default","schema_type_options":null,"pillar_content":false,"robots_default":true,"robots_noindex":false,"robots_noarchive":false,"robots_nosnippet":false,"robots_nofollow":false,"robots_noimageindex":false,"robots_noodp":false,"robots_notranslate":false,"robots_max_snippet":null,"robots_max_videopreview":null,"robots_max_imagepreview":"large","priority":null,"frequency":null,"local_seo":null,"breadcrumb_settings":null,"limit_modified_date":false,"ai":null,"created":"2025-07-16 03:00:19","updated":"2025-07-16 03:00:19","seo_analyzer_scan_date":null,"focus_keyword":null,"additional_keywords":null,"truseo_locale":null},"aioseo_breadcrumb":"<div class=\"aioseo-breadcrumbs\"><span class=\"aioseo-breadcrumb\">\n\t\t\t<a href=\"https:\/\/ejornais.com.br\" title=\"In\u00edcio\">In\u00edcio<\/a>\n\t\t<\/span><span class=\"aioseo-breadcrumb-separator\">&raquo;<\/span><span class=\"aioseo-breadcrumb\">\n\t\t\t<a href=\"https:\/\/ejornais.com.br\/index.php\/category\/ejornais\/\" title=\"Cat\u00e1logo de Jornais\">Cat\u00e1logo de Jornais<\/a>\n\t\t<\/span><span class=\"aioseo-breadcrumb-separator\">&raquo;<\/span><span class=\"aioseo-breadcrumb\">\n\t\t\tP\u00f3s- gradua\u00e7\u00e3o \u201cainda \u00e9 concentrada na popula\u00e7\u00e3o branca\u201d, aponta estudo\n\t\t<\/span><\/div>","aioseo_breadcrumb_json":[{"label":"In\u00edcio","link":"https:\/\/ejornais.com.br"},{"label":"Cat\u00e1logo de Jornais","link":"https:\/\/ejornais.com.br\/index.php\/category\/ejornais\/"},{"label":"P\u00f3s- gradua\u00e7\u00e3o \u201cainda \u00e9 concentrada na popula\u00e7\u00e3o branca\u201d, aponta estudo","link":"https:\/\/ejornais.com.br\/index.php\/2025\/07\/15\/pos-graduacao-ainda-e-concentrada-na-populacao-branca-aponta-estudo\/"}],"amp_enabled":true,"_links":{"self":[{"href":"https:\/\/ejornais.com.br\/index.php\/wp-json\/wp\/v2\/posts\/48728","targetHints":{"allow":["GET"]}}],"collection":[{"href":"https:\/\/ejornais.com.br\/index.php\/wp-json\/wp\/v2\/posts"}],"about":[{"href":"https:\/\/ejornais.com.br\/index.php\/wp-json\/wp\/v2\/types\/post"}],"author":[{"embeddable":true,"href":"https:\/\/ejornais.com.br\/index.php\/wp-json\/wp\/v2\/users\/2"}],"replies":[{"embeddable":true,"href":"https:\/\/ejornais.com.br\/index.php\/wp-json\/wp\/v2\/comments?post=48728"}],"version-history":[{"count":0,"href":"https:\/\/ejornais.com.br\/index.php\/wp-json\/wp\/v2\/posts\/48728\/revisions"}],"wp:attachment":[{"href":"https:\/\/ejornais.com.br\/index.php\/wp-json\/wp\/v2\/media?parent=48728"}],"wp:term":[{"taxonomy":"category","embeddable":true,"href":"https:\/\/ejornais.com.br\/index.php\/wp-json\/wp\/v2\/categories?post=48728"},{"taxonomy":"post_tag","embeddable":true,"href":"https:\/\/ejornais.com.br\/index.php\/wp-json\/wp\/v2\/tags?post=48728"}],"curies":[{"name":"wp","href":"https:\/\/api.w.org\/{rel}","templated":true}]}}