{"id":48757,"date":"2025-07-16T11:59:43","date_gmt":"2025-07-16T14:59:43","guid":{"rendered":"https:\/\/ejornais.com.br\/index.php\/2025\/07\/16\/90-do-decreto-do-iof-e-incontroverso\/"},"modified":"2025-07-16T11:59:43","modified_gmt":"2025-07-16T14:59:43","slug":"90-do-decreto-do-iof-e-incontroverso","status":"publish","type":"post","link":"https:\/\/ejornais.com.br\/index.php\/2025\/07\/16\/90-do-decreto-do-iof-e-incontroverso\/","title":{"rendered":"90% do decreto do IOF \u00e9 incontroverso"},"content":{"rendered":"<p> Por MRNews<br \/>\n<\/p>\n<div wp_automatic_readability=\"83.690721649485\">\n<p><strong>O ministro da Fazenda, Fernando Haddad, espera uma decis\u00e3o r\u00e1pida, ainda esta semana, do Supremo Tribunal Federal (STF) sobre o impasse entre o governo federal e o Legislativo sobre as medidas que aumentavam al\u00edquotas do Imposto sobre Opera\u00e7\u00f5es Financeiras (IOF), em afirma\u00e7\u00e3o feita nessa ter\u00e7a-feira (15). Para Haddad, 90% do decreto do governo \u00e9 incontroverso.<\/strong><\/p>\n<p>Ontem, o ministro do STF, Alexandre de Moraes, relator do caso, promoveu audi\u00eancia de concilia\u00e7\u00e3o, mas n\u00e3o houve acordo. Segundo Haddad, a quest\u00e3o pendente \u00e9 sobre as opera\u00e7\u00f5es sobre risco sacado, quando o fornecedor recebe do banco antecipadamente o valor que receberia do comprador.<\/p>\n<p>\u201cO ministro Alexandre est\u00e1 totalmente apropriado. Falou com os presidentes das duas casas [C\u00e2mara e Senado], falou comigo pessoalmente, depois falou comigo por telefone. Ele est\u00e1 bem apropriado da situa\u00e7\u00e3o, tirou todas as d\u00favidas a respeito, tanto do ponto de vista econ\u00f4mico quanto do ponto de vista jur\u00eddico, formal\u201d, disse Haddad.<\/p>\n<p><strong><a href=\"https:\/\/mrnews.com.br\/index.php\/2025\/07\/16\/aposta-do-rs-acerta-na-mega-sena-e-leva-premio-de-r-451-milhoes\/\">Aposta do RS acerta na Mega-Sena e leva pr\u00eamio de R$ 45,1 milh\u00f5es<\/a><\/strong><\/p>\n<p><strong><a href=\"https:\/\/mrnews.com.br\/index.php\/2025\/07\/16\/abertas-inscricoes-para-estudos-cientificos-sobre-economia-e-clima\/\">Abertas inscri\u00e7\u00f5es para estudos cient\u00edficos sobre economia e clima<\/a><\/strong><\/p>\n<blockquote wp_automatic_readability=\"9\">\n<p>\u201cE eu tenho impress\u00e3o que \u00e9 uma decis\u00e3o que sai r\u00e1pido e muito convergente com as necessidades do pa\u00eds. Independentemente de um detalhe ou outro que possa ter ficado\u201d, acrescentou o ministro em conversa com jornalistas, no Minist\u00e9rio da Fazenda.<\/p>\n<\/blockquote>\n<p><strong>&gt;&gt;Entenda como fica o IOF ap\u00f3s derrubada de decreto<\/strong><\/p>\n<p>Em maio, decreto elaborado pelo Minist\u00e9rio da Fazenda aumentou o IOF para opera\u00e7\u00f5es de cr\u00e9dito, de seguros e de c\u00e2mbio, com o objetivo de refor\u00e7ar as receitas do governo e atender \u00e0s metas do arcabou\u00e7o fiscal. <strong>A estimativa \u00e9 de R$ 12 bilh\u00f5es em aumento de arrecada\u00e7\u00e3o. Segundo Haddad, a quest\u00e3o do risco, representa cerca de 10% desse volume.<\/strong><\/p>\n<blockquote wp_automatic_readability=\"10.189393939394\">\n<p>\u201cA Fazenda entende que o risco sacado \u00e9 uma opera\u00e7\u00e3o de cr\u00e9dito como outra qualquer. Quando voc\u00ea desonera o risco sacado de IOF, voc\u00ea est\u00e1 favorecendo a grande empresa em detrimento da pequena. A pequena paga. A opera\u00e7\u00e3o \u00e9, geralmente, a mesma\u201d, explicou.<\/p>\n<p><strong><a href=\"https:\/\/mrnews.com.br\/index.php\/2025\/07\/16\/seminario-sobre-35-anos-do-eca-termina-nesta-quinta-feira\/\">Semin\u00e1rio sobre 35 anos do ECA termina nesta quinta-feira<\/a><\/strong><\/p>\n<p><strong><a href=\"https:\/\/mrnews.com.br\/index.php\/2025\/07\/16\/usp-pesquisa-de-vacina-contra-zika-avanca-em-testes-com-camundongos\/\">USP: pesquisa de vacina contra zika avan\u00e7a em testes com camundongos<\/a><\/strong><\/p>\n<\/blockquote>\n<p>&gt;&gt; Siga o canal da <strong>Ag\u00eancia Brasil <\/strong>no WhatsApp<\/p>\n<p>A maioria dos parlamentares, entretanto, n\u00e3o concordou com a eleva\u00e7\u00e3o das al\u00edquotas e, em junho, derrubou o decreto presidencial. No in\u00edcio deste m\u00eas, a Advocacia-Geral da Uni\u00e3o (AGU), ent\u00e3o, protocolou a\u00e7\u00e3o declarat\u00f3ria de constitucionalidade, e, ap\u00f3s ser designado relator do caso na Corte, Alexandre de Moraes suspendeu todos os decretos sobre as mudan\u00e7as na cobran\u00e7a do imposto.<\/p>\n<p>Segundo Haddad, n\u00e3o h\u00e1 mais conversas marcadas e as partes aguardam, agora, a decis\u00e3o do ministro. <strong>\u201cEu entendo que, pelas discuss\u00f5es que n\u00f3s fizemos sobre o que \u00e9 controverso e que \u00e9 incontroverso, n\u00f3s vamos chegar numa boa solu\u00e7\u00e3o. \u00c9 a minha expectativa, pode ser que eu me frustre\u201d, destacou.<\/strong><\/p>\n<\/div>\n","protected":false},"excerpt":{"rendered":"<p>Por MRNews O ministro da Fazenda, Fernando Haddad, espera uma decis\u00e3o r\u00e1pida, ainda esta semana, do Supremo Tribunal Federal (STF)<\/p>\n","protected":false},"author":2,"featured_media":0,"comment_status":"","ping_status":"","sticky":false,"template":"","format":"standard","meta":{"colormag_page_container_layout":"default_layout","colormag_page_sidebar_layout":"default_layout","footnotes":""},"categories":[1],"tags":[],"class_list":["post-48757","post","type-post","status-publish","format-standard","hentry","category-ejornais"],"aioseo_notices":[],"amp_enabled":true,"_links":{"self":[{"href":"https:\/\/ejornais.com.br\/index.php\/wp-json\/wp\/v2\/posts\/48757","targetHints":{"allow":["GET"]}}],"collection":[{"href":"https:\/\/ejornais.com.br\/index.php\/wp-json\/wp\/v2\/posts"}],"about":[{"href":"https:\/\/ejornais.com.br\/index.php\/wp-json\/wp\/v2\/types\/post"}],"author":[{"embeddable":true,"href":"https:\/\/ejornais.com.br\/index.php\/wp-json\/wp\/v2\/users\/2"}],"replies":[{"embeddable":true,"href":"https:\/\/ejornais.com.br\/index.php\/wp-json\/wp\/v2\/comments?post=48757"}],"version-history":[{"count":0,"href":"https:\/\/ejornais.com.br\/index.php\/wp-json\/wp\/v2\/posts\/48757\/revisions"}],"wp:attachment":[{"href":"https:\/\/ejornais.com.br\/index.php\/wp-json\/wp\/v2\/media?parent=48757"}],"wp:term":[{"taxonomy":"category","embeddable":true,"href":"https:\/\/ejornais.com.br\/index.php\/wp-json\/wp\/v2\/categories?post=48757"},{"taxonomy":"post_tag","embeddable":true,"href":"https:\/\/ejornais.com.br\/index.php\/wp-json\/wp\/v2\/tags?post=48757"}],"curies":[{"name":"wp","href":"https:\/\/api.w.org\/{rel}","templated":true}]}}