{"id":48797,"date":"2025-07-17T00:08:41","date_gmt":"2025-07-17T03:08:41","guid":{"rendered":"https:\/\/ejornais.com.br\/index.php\/2025\/07\/17\/ataques-em-sp-ja-atingiram-460-onibus-e-deixam-feridos\/"},"modified":"2025-07-17T00:08:41","modified_gmt":"2025-07-17T03:08:41","slug":"ataques-em-sp-ja-atingiram-460-onibus-e-deixam-feridos","status":"publish","type":"post","link":"https:\/\/ejornais.com.br\/index.php\/2025\/07\/17\/ataques-em-sp-ja-atingiram-460-onibus-e-deixam-feridos\/","title":{"rendered":"Ataques em SP j\u00e1 atingiram 460 \u00f4nibus e deixam feridos"},"content":{"rendered":"<p> Por MRNews<br \/>\n<\/p>\n<div wp_automatic_readability=\"57.630118890357\">\n<p>Iniciada no m\u00eas passado, a <strong>onda de ataques a \u00f4nibus na capital paulista e regi\u00e3o metropolitana atingiu mais de 460 ve\u00edculos e deixa feridos<\/strong>. Na <strong>noite dessa ter\u00e7a-feira (15), foram registrados 32 apedrejamentos de \u00f4nibus<\/strong> na capital e\u00a0nos munic\u00edpios de Cotia, Itapevi e Osasco. Ao menos duas pessoas ficaram\u00a0feridas.\u00a0<\/p>\n<p>A <strong>Pol\u00edcia Civil informou que oito suspeitos de participa\u00e7\u00e3o nos ataques foram presos<\/strong>.<\/p>\n<p>Na regi\u00e3o do Morumbi, uma crian\u00e7a de 10 anos ficou ferida pelos estilha\u00e7os e foi socorrida.\u00a0Em Osasco, foram quatro ocorr\u00eancias na noite de ter\u00e7a-feira. Segundo a prefeitura, os epis\u00f3dios ocorreram\u00a0em diferentes regi\u00f5es da cidade, sem\u00a0v\u00edtimas. A cidade j\u00e1 teve 19 ataques.<\/p>\n<p><strong><a href=\"https:\/\/mrnews.com.br\/index.php\/2025\/07\/16\/camara-aprova-projeto-que-cria-fundo-para-o-mpu\/\">C\u00e2mara aprova projeto que cria fundo para o MPU<\/a><\/strong><\/p>\n<p><strong><a href=\"https:\/\/mrnews.com.br\/index.php\/2025\/07\/16\/em-primeiro-turno-senado-aprova-pec-que-muda-regras-dos-precatorios\/\">Em primeiro turno, Senado aprova PEC que muda regras dos precat\u00f3rios<\/a><\/strong><\/p>\n<p>Em Cotia, conforme\u00a0a prefeitura, a empresa Via\u00e7\u00e3o Raposo teve dez \u00f4nibus vandalizados. Uma pessoa foi atingida por estilha\u00e7os de vidro.<\/p>\n<p>Em nota,\u00a0a Secretaria Municipal de Mobilidade Urbana e Transporte informou que repudia os atos de vandalismo\u00a0e que segue fornecendo todas as informa\u00e7\u00f5es necess\u00e1rias para auxiliar nas investiga\u00e7\u00f5es.<\/p>\n<p>O Sindicato dos Motoristas de \u00d4nibus (Sindimotoristas) informou \u00e0 reportagem, por meio da assessoria,\u00a0que acompanha a situa\u00e7\u00e3o e que o sentimento dos trabalhadores\u00a0\u00e9 de apreens\u00e3o e medo.\u00a0A categoria n\u00e3o registrou condutores entre os feridos.<\/p>\n<h2>Onda de crimes<\/h2>\n<p>A Grande S\u00e3o Paulo e a Baixada Santista registraram in\u00fameras ondas de ataque a \u00f4nibus. O n\u00famero foi totalizado em mais de 600.<\/p>\n<p><strong><a href=\"https:\/\/mrnews.com.br\/index.php\/2025\/07\/16\/haddad-perda-de-receita-com-decisao-de-moraes-sobre-iof-e-limitada\/\">Haddad: perda de receita com decis\u00e3o de Moraes sobre IOF \u00e9 limitada<\/a><\/strong><\/p>\n<p><strong><a href=\"https:\/\/mrnews.com.br\/index.php\/2025\/07\/16\/liderada-por-kerolin-selecao-goleia-bolivia-na-copa-america\/\">Liderada por Kerolin, sele\u00e7\u00e3o goleia Bol\u00edvia na Copa Am\u00e9rica<\/a><\/strong><\/p>\n<p>A investiga\u00e7\u00e3o da pol\u00edcia segue tr\u00eas linhas principais: liga\u00e7\u00e3o dos casos com o PCC [Primeiro Comando da Capital]; desafios de internet; e funcion\u00e1rios ou empresas que trabalham com transporte urbano coletivo, essa sendo considerada a mais prov\u00e1vel.<\/p>\n<p>\u00a0No dia 3 de julho, a Pol\u00edcia Militar anunciou a implanta\u00e7\u00e3o de uma opera\u00e7\u00e3o especial para intensificar a seguran\u00e7a em corredores, garagens e terminais de \u00f4nibus em todo o estado, com a utiliza\u00e7\u00e3o de 7,8 mil policiais e 3,6 mil viaturas em pontos estrat\u00e9gicos.<\/p>\n<p>\u00a0<\/p>\n<\/div>\n","protected":false},"excerpt":{"rendered":"<p>Por MRNews Iniciada no m\u00eas passado, a onda de ataques a \u00f4nibus na capital paulista e regi\u00e3o metropolitana atingiu mais<\/p>\n","protected":false},"author":2,"featured_media":0,"comment_status":"","ping_status":"","sticky":false,"template":"","format":"standard","meta":{"colormag_page_container_layout":"default_layout","colormag_page_sidebar_layout":"default_layout","footnotes":""},"categories":[1],"tags":[],"class_list":["post-48797","post","type-post","status-publish","format-standard","hentry","category-ejornais"],"aioseo_notices":[],"amp_enabled":true,"_links":{"self":[{"href":"https:\/\/ejornais.com.br\/index.php\/wp-json\/wp\/v2\/posts\/48797","targetHints":{"allow":["GET"]}}],"collection":[{"href":"https:\/\/ejornais.com.br\/index.php\/wp-json\/wp\/v2\/posts"}],"about":[{"href":"https:\/\/ejornais.com.br\/index.php\/wp-json\/wp\/v2\/types\/post"}],"author":[{"embeddable":true,"href":"https:\/\/ejornais.com.br\/index.php\/wp-json\/wp\/v2\/users\/2"}],"replies":[{"embeddable":true,"href":"https:\/\/ejornais.com.br\/index.php\/wp-json\/wp\/v2\/comments?post=48797"}],"version-history":[{"count":0,"href":"https:\/\/ejornais.com.br\/index.php\/wp-json\/wp\/v2\/posts\/48797\/revisions"}],"wp:attachment":[{"href":"https:\/\/ejornais.com.br\/index.php\/wp-json\/wp\/v2\/media?parent=48797"}],"wp:term":[{"taxonomy":"category","embeddable":true,"href":"https:\/\/ejornais.com.br\/index.php\/wp-json\/wp\/v2\/categories?post=48797"},{"taxonomy":"post_tag","embeddable":true,"href":"https:\/\/ejornais.com.br\/index.php\/wp-json\/wp\/v2\/tags?post=48797"}],"curies":[{"name":"wp","href":"https:\/\/api.w.org\/{rel}","templated":true}]}}