{"id":48927,"date":"2025-07-18T19:33:42","date_gmt":"2025-07-18T22:33:42","guid":{"rendered":"https:\/\/ejornais.com.br\/index.php\/2025\/07\/18\/campo-grande-recebe-tratores-para-fomentar-a-agricultura-familiar-cgnoticias\/"},"modified":"2025-07-18T19:33:42","modified_gmt":"2025-07-18T22:33:42","slug":"campo-grande-recebe-tratores-para-fomentar-a-agricultura-familiar-cgnoticias","status":"publish","type":"post","link":"https:\/\/ejornais.com.br\/index.php\/2025\/07\/18\/campo-grande-recebe-tratores-para-fomentar-a-agricultura-familiar-cgnoticias\/","title":{"rendered":"Campo Grande recebe tratores para fomentar a agricultura familiar \u2013 CGNot\u00edcias"},"content":{"rendered":"<p><\/p>\n<div>\n<p><em>Investimento federal fortalece a produ\u00e7\u00e3o rural e beneficia pequenos produtores<\/em><\/p>\n<p>Campo Grande foi contemplada nesta sexta-feira (18) com dois dos 14 tratores entregues pelo Minist\u00e9rio da Agricultura e Pecu\u00e1ria (Mapa) a munic\u00edpios de Mato Grosso do Sul. A entrega, realizada na sede da Agraer, representa mais um passo concreto no fortalecimento da agricultura familiar e contou com a presen\u00e7a de diversas autoridades como a prefeita de Campo Grande, Adriane Lopes, o governador Eduardo Riedel e o senador Nelsinho Trad (PSD\/MS), respons\u00e1vel pela articula\u00e7\u00e3o junto ao Governo Federal.<\/p>\n<p>\u201cA mecaniza\u00e7\u00e3o agr\u00edcola \u00e9 crucial para os agricultores, pois aumenta a efici\u00eancia, a produtividade e a lucratividade, al\u00e9m de melhorar as condi\u00e7\u00f5es de trabalho e reduzir custos.\u00a0A implementa\u00e7\u00e3o de m\u00e1quinas e equipamentos agr\u00edcolas permite que os agricultores realizem tarefas de forma mais r\u00e1pida e precisa, otimizando o uso do tempo e dos recursos. A mecaniza\u00e7\u00e3o permite que os agricultores cultivem uma \u00e1rea maior em menos tempo, utilizando menos m\u00e3o de obra e aumentando a produ\u00e7\u00e3o\u201d disse a prefeita de Campo Grande.<\/p>\n<figure class=\"wp-block-image size-large\"><\/figure>\n<p>O investimento, de aproximadamente R$ 2,5 milh\u00f5es, integra o Programa de Moderniza\u00e7\u00e3o e Apoio \u00e0 Produ\u00e7\u00e3o Agr\u00edcola (Promaq), voltado a pequenos produtores. Os tratores modelo John Deere 5070E, com 70 cavalos de pot\u00eancia e valor unit\u00e1rio de R$ 185 mil, chegam para ampliar a capacidade de produ\u00e7\u00e3o rural e melhorar a qualidade de vida de fam\u00edlias que vivem da terra.<\/p>\n<p>\u201cO agro \u00e9 uma for\u00e7a viva na nossa economia e precisa de suporte para crescer com sustentabilidade. Essa entrega \u00e9 uma conquista importante para dar mais autonomia aos pequenos produtores, permitindo que avancem em produtividade, renda e qualidade de vida\u201d, afirma o secret\u00e1rio da Secretaria Municipal de Meio Ambiente, Gest\u00e3o Urbana e Desenvolvimento Econ\u00f4mico, Tur\u00edstico e Sustent\u00e1vel (Semades), Ademar Silva Jr.<\/p>\n<p>A entrega dos dois equipamentos refor\u00e7a o trabalho que j\u00e1 vem sendo realizado pela Semades, que tem priorizado pol\u00edticas p\u00fablicas voltadas ao desenvolvimento da agricultura familiar, com foco em capacita\u00e7\u00e3o, acesso \u00e0 tecnologia e oportunidades de mercado. Al\u00e9m de Campo Grande, tamb\u00e9m foram contemplados os munic\u00edpios de Mundo Novo (2 tratores), Coxim, Dois Irm\u00e3os do Buriti, Dourados, Eldorado, Gl\u00f3ria de Dourados, Iguatemi, Japor\u00e3, Jate\u00ed, Rio Brilhante e Vicentina, com um trator cada.<\/p>\n<figure class=\"wp-block-image size-large\"><\/figure>\n<p>A iniciativa fortalece a estrutura de produ\u00e7\u00e3o dos pequenos agricultores, contribuindo diretamente para a seguran\u00e7a alimentar, gera\u00e7\u00e3o de renda no campo e redu\u00e7\u00e3o das desigualdades regionais.<\/p>\n<\/div>\n<p><script async defer async defer src=\"https:\/\/connect.facebook.net\/en_US\/sdk.js?ver=1#xfbml=1&amp;version=v3.2\" id=\"prefeitura-campogrande-script-facebook-sdk-js\"><\/script><\/p>\n","protected":false},"excerpt":{"rendered":"<p>Investimento federal fortalece a produ\u00e7\u00e3o rural e beneficia pequenos produtores Campo Grande foi contemplada nesta sexta-feira (18) com dois dos<\/p>\n","protected":false},"author":2,"featured_media":0,"comment_status":"","ping_status":"","sticky":false,"template":"","format":"standard","meta":{"colormag_page_container_layout":"default_layout","colormag_page_sidebar_layout":"default_layout","footnotes":""},"categories":[1],"tags":[],"class_list":["post-48927","post","type-post","status-publish","format-standard","hentry","category-ejornais"],"aioseo_notices":[],"amp_enabled":true,"_links":{"self":[{"href":"https:\/\/ejornais.com.br\/index.php\/wp-json\/wp\/v2\/posts\/48927","targetHints":{"allow":["GET"]}}],"collection":[{"href":"https:\/\/ejornais.com.br\/index.php\/wp-json\/wp\/v2\/posts"}],"about":[{"href":"https:\/\/ejornais.com.br\/index.php\/wp-json\/wp\/v2\/types\/post"}],"author":[{"embeddable":true,"href":"https:\/\/ejornais.com.br\/index.php\/wp-json\/wp\/v2\/users\/2"}],"replies":[{"embeddable":true,"href":"https:\/\/ejornais.com.br\/index.php\/wp-json\/wp\/v2\/comments?post=48927"}],"version-history":[{"count":0,"href":"https:\/\/ejornais.com.br\/index.php\/wp-json\/wp\/v2\/posts\/48927\/revisions"}],"wp:attachment":[{"href":"https:\/\/ejornais.com.br\/index.php\/wp-json\/wp\/v2\/media?parent=48927"}],"wp:term":[{"taxonomy":"category","embeddable":true,"href":"https:\/\/ejornais.com.br\/index.php\/wp-json\/wp\/v2\/categories?post=48927"},{"taxonomy":"post_tag","embeddable":true,"href":"https:\/\/ejornais.com.br\/index.php\/wp-json\/wp\/v2\/tags?post=48927"}],"curies":[{"name":"wp","href":"https:\/\/api.w.org\/{rel}","templated":true}]}}