{"id":49077,"date":"2025-07-21T18:58:51","date_gmt":"2025-07-21T21:58:51","guid":{"rendered":"https:\/\/ejornais.com.br\/index.php\/2025\/07\/21\/em-parceria-com-hemosul-sesau-lanca-campanha-de-doacao-de-sangue-e-medula-cgnoticias\/"},"modified":"2025-07-21T18:58:51","modified_gmt":"2025-07-21T21:58:51","slug":"em-parceria-com-hemosul-sesau-lanca-campanha-de-doacao-de-sangue-e-medula-cgnoticias","status":"publish","type":"post","link":"https:\/\/ejornais.com.br\/index.php\/2025\/07\/21\/em-parceria-com-hemosul-sesau-lanca-campanha-de-doacao-de-sangue-e-medula-cgnoticias\/","title":{"rendered":"Em parceria com\u00a0Hemosul,\u00a0Sesau\u00a0lan\u00e7a campanha de doa\u00e7\u00e3o de sangue e medula\u00a0 \u2013 CGNot\u00edcias"},"content":{"rendered":"<p><\/p>\n<div>\n<p>Uma parceria entre a Secretaria Municipal de Sa\u00fade (Sesau) e o\u00a0Hemosul\u00a0Campo Grande\u00a0visa incentivar servidores da pasta e a popula\u00e7\u00e3o sobre a import\u00e2ncia da doa\u00e7\u00e3o de sangue e do cadastro como doador de medula \u00f3ssea. A campanha acontece durante toda a semana.\u00a0<\/p>\n<p>Servidora da secretaria h\u00e1 22 anos, Regina Meirelles\u00a0se viu em uma situa\u00e7\u00e3o em que se sentiu no dever de doar sangue pela primeira vez. \u201cEu tinha medo, mas meu sobrinho sofreu um acidente e precisou de sangue. A fam\u00edlia inteira se mobilizou e desde l\u00e1, j\u00e1 tem aproximadamente sete anos, eu fa\u00e7o a doa\u00e7\u00e3o pelo menos uma vez por ano\u201d, explica.\u00a0<\/p>\n<p>Assim como ela, Luzinete Dias, de 44 anos, comenta sobre a necessidade de solidariedade com o pr\u00f3ximo. \u201cDoar sangue \u00e9 doar vida. Acreditamos que precisamos ter amor ao pr\u00f3ximo,\u00a0porque n\u00e3o sabemos se em algum momento n\u00e3o ser\u00e1 com algu\u00e9m da nossa fam\u00edlia\u201d, complementa.\u00a0<\/p>\n<p>Tanto trabalhadores da sede quanto aqueles que atuam nas unidades de sa\u00fade est\u00e3o convidados para fazer sua doa\u00e7\u00e3o e, assim que poss\u00edvel, tamb\u00e9m realizar o cadastro na lista\u00a0pessoas dispon\u00edveis para doa\u00e7\u00e3o de medula \u00f3ssea.\u00a0<\/p>\n<p>\u201cA sa\u00fade sempre ser\u00e1 nossa prioridade, ent\u00e3o temos que nos mobilizar para que possamos\u00a0garantir o cuidado, mesmo quando n\u00e3o sabemos a quem iremos beneficiar\u201d, comenta a secret\u00e1ria Municipal de Sa\u00fade, Rosana Leite.\u00a0<\/p>\n<p>Cleber Francisco, 43,\u00a0n\u00e3o \u00e9 servidor na\u00a0Sesau, mas aproveitou o dia de anivers\u00e1rio para comparecer novamente ao\u00a0Hemosul. \u201cEu doo cerca de quatro vezes no ano, e muitas pessoas n\u00e3o t\u00eam essa consci\u00eancia sobre a necessidade de doa\u00e7\u00e3o. Aqui, por exemplo, poderia estar cheio, mas sempre que eu venho est\u00e1 vazio\u201d, lamenta o\u00a0conferente de carga\u00a0e descarga.\u00a0<\/p>\n<p><strong>Servi\u00e7o:<\/strong>\u00a0<\/p>\n<p>O\u00a0Hemosul\u00a0Coordenador\u00a0funciona de segunda a sexta-feira, entre 7h e 17h e aos s\u00e1bados das 7h \u00e0s 12h.\u00a0Em Campo Grande a doa\u00e7\u00e3o de sangue tamb\u00e9m pode ser feito em outros\u00a0dois locais:\u00a0<\/p>\n<p>O\u00a0Hemosul\u00a0Santa Casa funciona de segunda a sexta-feira, das 7h \u00e0s 11h e no Hospital Regional, tamb\u00e9m de segunda a sexta-feira, mas entre 7h e 12h.\u00a0<\/p>\n<p><em><br \/><strong>#PraTodosVerem<\/strong>: Na capa da mat\u00e9ria h\u00e1 uma foto que mostra algumas bolsas de sangue.<\/em><\/p>\n<\/div>\n<p><script async defer async defer src=\"https:\/\/connect.facebook.net\/en_US\/sdk.js?ver=1#xfbml=1&amp;version=v3.2\" id=\"prefeitura-campogrande-script-facebook-sdk-js\"><\/script><\/p>\n","protected":false},"excerpt":{"rendered":"<p>Uma parceria entre a Secretaria Municipal de Sa\u00fade (Sesau) e o\u00a0Hemosul\u00a0Campo Grande\u00a0visa incentivar servidores da pasta e a popula\u00e7\u00e3o sobre<\/p>\n","protected":false},"author":2,"featured_media":0,"comment_status":"","ping_status":"","sticky":false,"template":"","format":"standard","meta":{"colormag_page_container_layout":"default_layout","colormag_page_sidebar_layout":"default_layout","footnotes":""},"categories":[1],"tags":[],"class_list":["post-49077","post","type-post","status-publish","format-standard","hentry","category-ejornais"],"aioseo_notices":[],"amp_enabled":true,"_links":{"self":[{"href":"https:\/\/ejornais.com.br\/index.php\/wp-json\/wp\/v2\/posts\/49077","targetHints":{"allow":["GET"]}}],"collection":[{"href":"https:\/\/ejornais.com.br\/index.php\/wp-json\/wp\/v2\/posts"}],"about":[{"href":"https:\/\/ejornais.com.br\/index.php\/wp-json\/wp\/v2\/types\/post"}],"author":[{"embeddable":true,"href":"https:\/\/ejornais.com.br\/index.php\/wp-json\/wp\/v2\/users\/2"}],"replies":[{"embeddable":true,"href":"https:\/\/ejornais.com.br\/index.php\/wp-json\/wp\/v2\/comments?post=49077"}],"version-history":[{"count":0,"href":"https:\/\/ejornais.com.br\/index.php\/wp-json\/wp\/v2\/posts\/49077\/revisions"}],"wp:attachment":[{"href":"https:\/\/ejornais.com.br\/index.php\/wp-json\/wp\/v2\/media?parent=49077"}],"wp:term":[{"taxonomy":"category","embeddable":true,"href":"https:\/\/ejornais.com.br\/index.php\/wp-json\/wp\/v2\/categories?post=49077"},{"taxonomy":"post_tag","embeddable":true,"href":"https:\/\/ejornais.com.br\/index.php\/wp-json\/wp\/v2\/tags?post=49077"}],"curies":[{"name":"wp","href":"https:\/\/api.w.org\/{rel}","templated":true}]}}