{"id":49149,"date":"2025-07-23T01:50:12","date_gmt":"2025-07-23T04:50:12","guid":{"rendered":"https:\/\/ejornais.com.br\/index.php\/2025\/07\/23\/lounge-3-group-se-apresenta-na-sala-fundec-nesta-sexta-feira-25-agencia-de-noticias\/"},"modified":"2025-07-23T01:50:12","modified_gmt":"2025-07-23T04:50:12","slug":"lounge-3-group-se-apresenta-na-sala-fundec-nesta-sexta-feira-25-agencia-de-noticias","status":"publish","type":"post","link":"https:\/\/ejornais.com.br\/index.php\/2025\/07\/23\/lounge-3-group-se-apresenta-na-sala-fundec-nesta-sexta-feira-25-agencia-de-noticias\/","title":{"rendered":"Lounge 3 Group se apresenta na Sala Fundec nesta sexta-feira (25) \u2013 Ag\u00eancia de Not\u00edcias"},"content":{"rendered":"<p><\/p>\n<div>\n<div class=\"col\">\n<p class=\"mt-0\">\n                        <strong><br \/>\n                            <span class=\"far fa-calendar mr-1 mt-2\"\/><br \/>\n                            22 de julho de 2025<br \/>\n                            <span class=\"far fa-clock ml-3 mt-2\"\/><br \/>\n                            18:05<br \/>\n                        <\/strong>\n                    <\/p>\n<p class=\"mb-0\">Por: <strong>Evelyn Azevedo<\/strong><\/p>\n<\/p><\/div>\n<\/p><\/div>\n<div>\n<p>Nesta sexta-feira (25), \u00e0s, 20h, o Lounge 3 Group se apresentar\u00e1 na Sala Fundec, no Centro de Sorocaba. A apresenta\u00e7\u00e3o abra\u00e7a uma causa social, com 20% da venda dos ingressos destinada ao projeto Reciclac\u00e3o, que atua no acolhimento de animais abandonados, promovendo o cuidado, conscientiza\u00e7\u00e3o ambiental e afetiva.<\/p>\n<p>Formado pela cantora Emanuela Saccomano, pelo percussionista Rog\u00e9rio Simizu e pelo pianista Daniel Guimar\u00e3es, o trio apresenta sonoridade sofisticada e interpreta\u00e7\u00e3o sens\u00edvel, com um repert\u00f3rio que passeia por cl\u00e1ssicos do jazz, da MPB e do pop nacional e internacional. Com uma roupagem elegante no estilo lounge, a apresenta\u00e7\u00e3o \u00e9 ideal para quem aprecia boa m\u00fasica com atmosfera intimista e refinada.<\/p>\n<p>Durante a noite, o p\u00fablico poder\u00e1 conferir can\u00e7\u00f5es como \u201cI\u2019ve Got You Under My Skin\u201d, \u201cUnforgettable\u201d, \u201cLe Festin\u201d, \u201cChuva de Prata\u201d e \u201cAt Last\u201d, entre outras surpresas escolhidas para emocionar o p\u00fablico. A apresenta\u00e7\u00e3o contar\u00e1, ainda, com a participa\u00e7\u00e3o especial da bailarina Thalma Di Lelli, com uma dan\u00e7a c\u00eanica e corporal por meio da arte do flamenco.<\/p>\n<p>Os ingressos podem ser adquiridos a R$ 60 (inteira) e R$ 30 (meia), na sede da Fundec, localizada na Rua Brigadeiro Tobias, 73, no Centro, das 8h30 \u00e0s 17h30, ou pelo site: https:\/\/site.bileto.sympla.com.br\/fundec\/. Mais informa\u00e7\u00f5es podem ser obtidas pelo WhatsApp: (15) 99669-2817 ou pelo telefone: (15) 3233-2220.<\/p>\n<\/p><\/div>\n","protected":false},"excerpt":{"rendered":"<p>22 de julho de 2025 18:05 Por: Evelyn Azevedo Nesta sexta-feira (25), \u00e0s, 20h, o Lounge 3 Group se apresentar\u00e1<\/p>\n","protected":false},"author":2,"featured_media":0,"comment_status":"","ping_status":"","sticky":false,"template":"","format":"standard","meta":{"colormag_page_container_layout":"default_layout","colormag_page_sidebar_layout":"default_layout","footnotes":""},"categories":[1],"tags":[],"class_list":["post-49149","post","type-post","status-publish","format-standard","hentry","category-ejornais"],"aioseo_notices":[],"amp_enabled":true,"_links":{"self":[{"href":"https:\/\/ejornais.com.br\/index.php\/wp-json\/wp\/v2\/posts\/49149","targetHints":{"allow":["GET"]}}],"collection":[{"href":"https:\/\/ejornais.com.br\/index.php\/wp-json\/wp\/v2\/posts"}],"about":[{"href":"https:\/\/ejornais.com.br\/index.php\/wp-json\/wp\/v2\/types\/post"}],"author":[{"embeddable":true,"href":"https:\/\/ejornais.com.br\/index.php\/wp-json\/wp\/v2\/users\/2"}],"replies":[{"embeddable":true,"href":"https:\/\/ejornais.com.br\/index.php\/wp-json\/wp\/v2\/comments?post=49149"}],"version-history":[{"count":0,"href":"https:\/\/ejornais.com.br\/index.php\/wp-json\/wp\/v2\/posts\/49149\/revisions"}],"wp:attachment":[{"href":"https:\/\/ejornais.com.br\/index.php\/wp-json\/wp\/v2\/media?parent=49149"}],"wp:term":[{"taxonomy":"category","embeddable":true,"href":"https:\/\/ejornais.com.br\/index.php\/wp-json\/wp\/v2\/categories?post=49149"},{"taxonomy":"post_tag","embeddable":true,"href":"https:\/\/ejornais.com.br\/index.php\/wp-json\/wp\/v2\/tags?post=49149"}],"curies":[{"name":"wp","href":"https:\/\/api.w.org\/{rel}","templated":true}]}}