{"id":49252,"date":"2025-07-24T15:52:42","date_gmt":"2025-07-24T18:52:42","guid":{"rendered":"https:\/\/ejornais.com.br\/index.php\/2025\/07\/24\/delegado-da-pf-nega-omissao-em-8-1-e-diz-que-pm-nao-cumpriu-combinado\/"},"modified":"2025-07-24T15:52:42","modified_gmt":"2025-07-24T18:52:42","slug":"delegado-da-pf-nega-omissao-em-8-1-e-diz-que-pm-nao-cumpriu-combinado","status":"publish","type":"post","link":"https:\/\/ejornais.com.br\/index.php\/2025\/07\/24\/delegado-da-pf-nega-omissao-em-8-1-e-diz-que-pm-nao-cumpriu-combinado\/","title":{"rendered":"Delegado da PF nega omiss\u00e3o em 8\/1 e diz que PM n\u00e3o cumpriu combinado"},"content":{"rendered":"<p> Por MRNews<br \/>\n<\/p>\n<div wp_automatic_readability=\"120.83767313019\">\n<p><strong>O delegado de Pol\u00edcia Federal Fernando de Souza Oliveira negou nesta quinta-feira (24) que tenha se omitido durante os atos golpistas de 8 de janeiro de 2023,<\/strong> quando era secret\u00e1rio-executivo da Secretaria de Seguran\u00e7a P\u00fablica do Distrito Federal e esteve \u00e0 frente da resposta aos v\u00e2ndalos.\u00a0<\/p>\n<p><strong>Ele afirmou que a Pol\u00edcia Militar do Distrito Federal (PMDF)\u00a0 descumpriu o combinado em planejamento pr\u00e9vio<\/strong>, que foi realizado para proteger justamente os pr\u00e9dios p\u00fablicos que acabaram sendo depredados na Pra\u00e7a dos Tr\u00eas Poderes.\u00a0<\/p>\n<blockquote wp_automatic_readability=\"5.5966386554622\">\n<p>\u201cN\u00e3o sei por que a PM n\u00e3o cumpriu nada que foi estabelecido no PAI [Plano de A\u00e7\u00e3o Integrada]\u201d, disse.\u00a0<\/p>\n<p><strong><a href=\"https:\/\/mrnews.com.br\/index.php\/2025\/07\/24\/rio-minas-e-sao-paulo-lideram-adesoes-a-acordo-com-o-inss\/\">Rio, Minas e S\u00e3o Paulo lideram ades\u00f5es a acordo com o INSS<\/a><\/strong><\/p>\n<p><strong><a href=\"https:\/\/mrnews.com.br\/index.php\/2025\/07\/24\/capital-moto-week-deve-reunir-800-mil-pessoas-a-partir-desta-quinta\/\">Capital Moto Week deve reunir 800 mil pessoas a partir desta quinta<\/a><\/strong><\/p>\n<\/blockquote>\n<p>Oliveira prestou depoimento como um dos seis r\u00e9us do n\u00facleo 2 da trama golpista que teria atuado para manter o ex-presidente Jair Bolsonaro no poder, mesmo ap\u00f3s derrota eleitoral, conforme narra den\u00fancia apresentada pela Procuradoria-Geral da Rep\u00fablica (PGR).\u00a0<\/p>\n<p>Os seis r\u00e9us est\u00e3o sendo ouvidos nesta quinta por videoconfer\u00eancia, em ordem alfab\u00e9tica. Os depoimentos s\u00e3o transmitidos ao vivo nos canais do Supremo Tribunal Federal (STF). A audi\u00eancia \u00e9 presidida pelo juiz auxiliar Rafael Henrique Janela Tamai Rocha, que atua no gabinete do ministro Alexandre de Moraes, relator do caso.\u00a0<\/p>\n<p>&gt;&gt; Siga o canal da <strong>Ag\u00eancia Brasil <\/strong>no WhatsApp<\/p>\n<p>O n\u00facleo 2 foi apontado pela PGR como sendo composto por assessores de alto escal\u00e3o que desempenharam papel de gerenciamento de a\u00e7\u00f5es, como a reda\u00e7\u00e3o de uma minuta de decreto golpista ou o uso da Pol\u00edcia Rodovi\u00e1ria Federal (PRF) em prol dos objetivos do compl\u00f4.\u00a0<\/p>\n<p><strong><a href=\"https:\/\/mrnews.com.br\/index.php\/2025\/07\/24\/pesquisa-identifica-205-milhoes-de-brasileiros-sem-acesso-a-internet\/\">Pesquisa identifica 20,5 milh\u00f5es de brasileiros sem acesso \u00e0 internet<\/a><\/strong><\/p>\n<p><strong><a href=\"https:\/\/mrnews.com.br\/index.php\/2025\/07\/24\/moraes-decide-nao-prender-bolsonaro-por-descumprimento-de-cautelar\/\">Moraes decide n\u00e3o prender Bolsonaro por descumprimento de cautelar<\/a><\/strong><\/p>\n<p><strong>Todos os r\u00e9us respondem por cinco crimes:\u00a0<\/strong><\/p>\n<ul>\n<li>Organiza\u00e7\u00e3o criminosa armada,\u00a0<\/li>\n<li>Golpe de Estado,\u00a0<\/li>\n<li>Tentativa de abolir o Estado Democr\u00e1tico de Direito,\u00a0<\/li>\n<li>Dano qualificado,<\/li>\n<li>Deteriora\u00e7\u00e3o de patrim\u00f4nio tombado<\/li>\n<\/ul>\n<p>Somadas, as penas podem superar os 30 anos de cadeia.\u00a0<\/p>\n<p>O interrogat\u00f3rio dos r\u00e9us \u00e9 uma das principais etapas do processo criminal, em que os acusados t\u00eam a oportunidade de falar por contra pr\u00f3pria e realizar sua autodefesa das acusa\u00e7\u00f5es.\u00a0<\/p>\n<h2>Depoimento<\/h2>\n<p>Primeiro a falar, Oliveira buscou detalhar todos os seus passos antes, durante e depois do 8 de janeiro. <strong>Ele foi acusado pela PGR de ter se omitido e permitido que os atos golpistas ocorressem, mas o delegado alegou que esteve ativo durante os acontecimentos.\u00a0<\/strong><\/p>\n<p>O delegado afirmou ter inspecionado pessoalmente, por volta da hora do almo\u00e7o, as conten\u00e7\u00f5es colocadas na Esplanada dos Minist\u00e9rios para impedir o acesso de manifestantes \u00e0 Pra\u00e7a dos Tr\u00eas Poderes. Na ocasi\u00e3o, foi novamente tranquilizado pelo comando da PM, contou.\u00a0<\/p>\n<p>Ele disse ter juntado aos autos \u00e1udio que prova a presen\u00e7a dele no local quando come\u00e7am os atos violentos contra o pr\u00e9dio do Congresso Nacional. \u201cAssumo imediatamente o gabinete de crise, aciono o governador para pedir For\u00e7a Nacional\u201d, relatou.\u00a0<\/p>\n<blockquote wp_automatic_readability=\"12\">\n<p>\u201cEu pe\u00e7o desesperadamente o refor\u00e7o, j\u00e1 em gabinete de crise, que sejam colocadas todas as tropas no Supremo Tribunal Federal (STF) e no Pal\u00e1cio do Planalto, porque j\u00e1 estavam entrando no Congresso, e eu queria ali salvar os pr\u00e9dios dos outros poderes\u201d, disse.\u00a0<\/p>\n<\/blockquote>\n<p><strong>Segundo ele, houve um \u201cerro operacional\u201d, pois a PM n\u00e3o atendeu a nenhum dos comandos feitos pelas autoridades civis.\u00a0<\/strong><\/p>\n<p>Ele disse tamb\u00e9m ter se surpreendido, assim como o governador distrital Ibaneis Rocha, ao saber que o ent\u00e3o secret\u00e1rio de Seguran\u00e7a P\u00fablica, Anderson Torres, havia viajado para fora do pa\u00eds, mesmo tendo sido alertado sobre a poss\u00edvel ocorr\u00eancia de atos violentos no dia 8 de janeiro.\u00a0<\/p>\n<blockquote wp_automatic_readability=\"11\">\n<p>\u201cQuestionei sobre a viagem, se n\u00e3o seria correto ele adiar\u201d, disse Oliveira. \u201cEle disse que demonstrava confian\u00e7a na Pol\u00edcia Militar do Distrito Federal e no PAI [Plano de A\u00e7\u00e3o Integrada], que julgou perfeito e na sequ\u00eancia mant\u00e9m a viagem\u201d, disse Oliveira.\u00a0<\/p>\n<\/blockquote>\n<h2>Acusa\u00e7\u00e3o<\/h2>\n<p>Al\u00e9m de se omitir no 8 de janeiro, <strong>Fernando de Souza Oliveira foi acusado pela Procuradoria-Geral da Rep\u00fablica (PGR) de ter atuado em prol do sucesso do golpe quando ocupava um cargo no Minist\u00e9rio da Justi\u00e7a.<\/strong> L\u00e1, segundo a den\u00fancia, ele teria ordenado a produ\u00e7\u00e3o de relat\u00f3rios com o objetivo de relacionar o ent\u00e3o candidato Luiz In\u00e1cio Lula da Silva, advers\u00e1rio de Bolsonaro na corrida presidencial, ao crime organizado.\u00a0<\/p>\n<p>Oliveira negou qualquer direcionamento em seu trabalho. Ele afirmou ter sido convidado a Bras\u00edlia ainda na gest\u00e3o do ministro da Justi\u00e7a Andr\u00e9 Mendon\u00e7a, hoje ministro do Supremo, e que o convite se deu por seu perfil t\u00e9cnico-operacional. O delegado da PF alegou ainda n\u00e3o ter filia\u00e7\u00e3o partid\u00e1ria ou ideol\u00f3gica, ou mesmo contato com qualquer pol\u00edtico.\u00a0<\/p>\n<p>Ele alegou ter aceitado o convite para trabalhar em Bras\u00edlia para poder ter acesso a melhores tratamentos de fertilidade, pois tentava ter filhos com a esposa.\u00a0<\/p>\n<blockquote wp_automatic_readability=\"9\">\n<p>\u201cJamais arriscaria a minha vida profissional, a minha fam\u00edlia, em prol de qualquer a\u00e7\u00e3o de qualquer pessoa que n\u00e3o conhe\u00e7o. N\u00e3o conhe\u00e7o qualquer militar ou pol\u00edtico\u201d, concluiu.\u00a0<\/p>\n<\/blockquote>\n<p>Ap\u00f3s a fala do delegado, a audi\u00eancia seguiu com o interrogat\u00f3rio de Filipe Martins, ex-assessor para Assuntos Internacionais de Bolsonaro.\u00a0<\/p>\n<\/div>\n","protected":false},"excerpt":{"rendered":"<p>Por MRNews O delegado de Pol\u00edcia Federal Fernando de Souza Oliveira negou nesta quinta-feira (24) que tenha se omitido durante<\/p>\n","protected":false},"author":2,"featured_media":0,"comment_status":"","ping_status":"","sticky":false,"template":"","format":"standard","meta":{"colormag_page_container_layout":"default_layout","colormag_page_sidebar_layout":"default_layout","footnotes":""},"categories":[1],"tags":[],"class_list":["post-49252","post","type-post","status-publish","format-standard","hentry","category-ejornais"],"aioseo_notices":[],"amp_enabled":true,"_links":{"self":[{"href":"https:\/\/ejornais.com.br\/index.php\/wp-json\/wp\/v2\/posts\/49252","targetHints":{"allow":["GET"]}}],"collection":[{"href":"https:\/\/ejornais.com.br\/index.php\/wp-json\/wp\/v2\/posts"}],"about":[{"href":"https:\/\/ejornais.com.br\/index.php\/wp-json\/wp\/v2\/types\/post"}],"author":[{"embeddable":true,"href":"https:\/\/ejornais.com.br\/index.php\/wp-json\/wp\/v2\/users\/2"}],"replies":[{"embeddable":true,"href":"https:\/\/ejornais.com.br\/index.php\/wp-json\/wp\/v2\/comments?post=49252"}],"version-history":[{"count":0,"href":"https:\/\/ejornais.com.br\/index.php\/wp-json\/wp\/v2\/posts\/49252\/revisions"}],"wp:attachment":[{"href":"https:\/\/ejornais.com.br\/index.php\/wp-json\/wp\/v2\/media?parent=49252"}],"wp:term":[{"taxonomy":"category","embeddable":true,"href":"https:\/\/ejornais.com.br\/index.php\/wp-json\/wp\/v2\/categories?post=49252"},{"taxonomy":"post_tag","embeddable":true,"href":"https:\/\/ejornais.com.br\/index.php\/wp-json\/wp\/v2\/tags?post=49252"}],"curies":[{"name":"wp","href":"https:\/\/api.w.org\/{rel}","templated":true}]}}