{"id":49310,"date":"2025-07-25T16:51:08","date_gmt":"2025-07-25T19:51:08","guid":{"rendered":"https:\/\/ejornais.com.br\/index.php\/2025\/07\/25\/mesmo-sem-notificacoes-capital-alerta-a-necessidade-de-vacinacao-contra-sarampo-cgnoticias\/"},"modified":"2025-07-25T16:51:08","modified_gmt":"2025-07-25T19:51:08","slug":"mesmo-sem-notificacoes-capital-alerta-a-necessidade-de-vacinacao-contra-sarampo-cgnoticias","status":"publish","type":"post","link":"https:\/\/ejornais.com.br\/index.php\/2025\/07\/25\/mesmo-sem-notificacoes-capital-alerta-a-necessidade-de-vacinacao-contra-sarampo-cgnoticias\/","title":{"rendered":"Mesmo sem notifica\u00e7\u00f5es, Capital alerta a necessidade de vacina\u00e7\u00e3o contra sarampo\u00a0 \u2013 CGNot\u00edcias"},"content":{"rendered":"<p><\/p>\n<div>\n<p>Campo Grande n\u00e3o tem casos notificados de Sarampo desde 2021, ap\u00f3s a reintrodu\u00e7\u00e3o do v\u00edrus no pa\u00eds dois anos antes, mesmo assim, autoridades de sa\u00fade da Capital refor\u00e7am a necessidade de vacina\u00e7\u00e3o em decorr\u00eancia de um\u00a0surto\u00a0da doen\u00e7a na Bol\u00edvia, pr\u00f3ximo \u00e0 divisa com o estado.\u00a0<\/p>\n<p>Provocado pelo\u00a0Morbillivirus, o sarampo voltou a circular pelo territ\u00f3rio brasileiro em 2019, ano em que foram confirmados dois casos, importados, da doen\u00e7a em Campo Grande. No ano seguinte\u00a0foram 10 pacientes com o v\u00edrus, mas desde ent\u00e3o nenhuma nova notifica\u00e7\u00e3o foi registrada no munic\u00edpio.\u00a0<\/p>\n<p>Com a\u00a0confirma\u00e7\u00e3o\u00a0de\u00a0um\u00a0surto de novos casos de sarampo na Bol\u00edvia,\u00a0a Secretaria Municipal de Sa\u00fade refor\u00e7a qual a principal medida para evitar a infec\u00e7\u00e3o: vacina\u00e7\u00e3o. O imunizante, que tamb\u00e9m protege contra\u00a0a caxumba e a rub\u00e9ola, est\u00e1 dispon\u00edvel em todas as unidades de sa\u00fade da Capital.\u00a0<\/p>\n<p>\u201cA orienta\u00e7\u00e3o do Minist\u00e9rio da Sa\u00fade \u00e9 que toda a popula\u00e7\u00e3o que tenha entre um e 49 anos de idade e n\u00e3o tenha registro vacinal, ou n\u00e3o sabe se possui as duas doses da vacina, buque uma das nossas\u00a0USFs\u00a0para garantir a imuniza\u00e7\u00e3o\u201d, explica\u00a0o diretor nacional do departamento nacional de imuniza\u00e7\u00e3o, Eder Gatti, durante a imers\u00e3o sobre o v\u00edrus para profissionais e estudantes da \u00e1rea de sa\u00fade.\u00a0<\/p>\n<p>Essa orienta\u00e7\u00e3o se d\u00e1 em decorr\u00eancia \u00e0 uma mudan\u00e7a no protocolo de vacina\u00e7\u00e3o que aconteceu em meados dos anos 2000, onde a vacina deixou de ser dose \u00fanica e passou a ser aplicada em duas doses.\u00a0<\/p>\n<p>Ele ainda complementa que n\u00e3o h\u00e1 nenhuma crise relacionada ao sarampo\u00a0no estado, mas que a regi\u00e3o vive um momento de sensibiliza\u00e7\u00e3o da popula\u00e7\u00e3o sobre a import\u00e2ncia de se prevenir em rela\u00e7\u00e3o ao v\u00edrus.\u00a0<\/p>\n<p>\u201cO imunizante est\u00e1 dispon\u00edvel e \u00e9 aplicado em toda a popula\u00e7\u00e3o que n\u00e3o possui registro de duas doses. Aqueles que s\u00f3 tem conhecimento de uma dose aplicada, uma segunda \u00e9 ministrada,\u00a0caso n\u00e3o haja ci\u00eancia da vacina\u00e7\u00e3o, o calend\u00e1rio completo ser\u00e1 realizado\u201d, conclui a secret\u00e1ria municipal de sa\u00fade,\u00a0Rosana Leite.\u00a0<\/p>\n<\/div>\n<p><script async defer async defer src=\"https:\/\/connect.facebook.net\/en_US\/sdk.js?ver=1#xfbml=1&amp;version=v3.2\" id=\"prefeitura-campogrande-script-facebook-sdk-js\"><\/script><\/p>\n","protected":false},"excerpt":{"rendered":"<p>Campo Grande n\u00e3o tem casos notificados de Sarampo desde 2021, ap\u00f3s a reintrodu\u00e7\u00e3o do v\u00edrus no pa\u00eds dois anos antes,<\/p>\n","protected":false},"author":2,"featured_media":0,"comment_status":"","ping_status":"","sticky":false,"template":"","format":"standard","meta":{"colormag_page_container_layout":"default_layout","colormag_page_sidebar_layout":"default_layout","footnotes":""},"categories":[1],"tags":[],"class_list":["post-49310","post","type-post","status-publish","format-standard","hentry","category-ejornais"],"aioseo_notices":[],"amp_enabled":true,"_links":{"self":[{"href":"https:\/\/ejornais.com.br\/index.php\/wp-json\/wp\/v2\/posts\/49310","targetHints":{"allow":["GET"]}}],"collection":[{"href":"https:\/\/ejornais.com.br\/index.php\/wp-json\/wp\/v2\/posts"}],"about":[{"href":"https:\/\/ejornais.com.br\/index.php\/wp-json\/wp\/v2\/types\/post"}],"author":[{"embeddable":true,"href":"https:\/\/ejornais.com.br\/index.php\/wp-json\/wp\/v2\/users\/2"}],"replies":[{"embeddable":true,"href":"https:\/\/ejornais.com.br\/index.php\/wp-json\/wp\/v2\/comments?post=49310"}],"version-history":[{"count":0,"href":"https:\/\/ejornais.com.br\/index.php\/wp-json\/wp\/v2\/posts\/49310\/revisions"}],"wp:attachment":[{"href":"https:\/\/ejornais.com.br\/index.php\/wp-json\/wp\/v2\/media?parent=49310"}],"wp:term":[{"taxonomy":"category","embeddable":true,"href":"https:\/\/ejornais.com.br\/index.php\/wp-json\/wp\/v2\/categories?post=49310"},{"taxonomy":"post_tag","embeddable":true,"href":"https:\/\/ejornais.com.br\/index.php\/wp-json\/wp\/v2\/tags?post=49310"}],"curies":[{"name":"wp","href":"https:\/\/api.w.org\/{rel}","templated":true}]}}