{"id":49340,"date":"2025-07-26T04:46:56","date_gmt":"2025-07-26T07:46:56","guid":{"rendered":"https:\/\/ejornais.com.br\/index.php\/2025\/07\/26\/agencia-minas-gerais-programa-se-liga-e-inaugurado-em-montes-claros-ampliando-rede-de-apoio-a-adolescentes-egressos-do-sistema-socioeducativo\/"},"modified":"2025-07-26T04:46:56","modified_gmt":"2025-07-26T07:46:56","slug":"agencia-minas-gerais-programa-se-liga-e-inaugurado-em-montes-claros-ampliando-rede-de-apoio-a-adolescentes-egressos-do-sistema-socioeducativo","status":"publish","type":"post","link":"https:\/\/ejornais.com.br\/index.php\/2025\/07\/26\/agencia-minas-gerais-programa-se-liga-e-inaugurado-em-montes-claros-ampliando-rede-de-apoio-a-adolescentes-egressos-do-sistema-socioeducativo\/","title":{"rendered":"Ag\u00eancia Minas Gerais | Programa Se Liga! \u00e9 inaugurado em Montes Claros, ampliando rede de apoio a adolescentes egressos do sistema socioeducativo"},"content":{"rendered":"<p><\/p>\n<div>\n<p>O Programa Se Liga!, voltado para o acompanhamento de jovens e adolescentes egressos das medidas socioeducativas, agora tem atua\u00e7\u00e3o tamb\u00e9m em Montes Claros, no Norte de Minas. Coordenado pela Secretaria de Estado de Justi\u00e7a e Seguran\u00e7a P\u00fablica de Minas Gerais (Sejusp MG), o programa iniciou suas atividades na cidade na segunda quinzena deste m\u00eas.\u00a0<\/p>\n<figure class=\"image\" style=\"float:left\">&#13;<figcaption><em><sup>Sejusp \/ Divulga\u00e7\u00e3o<\/sup><\/em><\/figcaption>&#13;<br \/>\n<\/figure>\n<p>Fundado em 2010, o Se Liga! presta ajuda a adolescentes que est\u00e3o cumprindo ou j\u00e1 cumpriram medidas de semiliberdade e interna\u00e7\u00e3o, acompanhando-os em seu processo de inser\u00e7\u00e3o no mercado de trabalho, no acesso a\u00a0servi\u00e7os p\u00fablicos de sa\u00fade, assist\u00eancia social, em atividades culturais e esportivas, assegurando ainda a continuidade de seus estudos\u00a0ap\u00f3s o cumprimento das medidas.<\/p>\n<p>Executado pela Subsecretaria de Atendimento Socioeducativo (Suase), o programa n\u00e3o \u00e9 uma extens\u00e3o das medidas socioeducativas, mas uma rede de apoio para que os adolescentes adquiram a chance de encontrar alternativas \u00e0 criminalidade com autonomia.<\/p>\n<p>Para o secret\u00e1rio de Estado de Justi\u00e7a e Seguran\u00e7a P\u00fablica, Rog\u00e9rio Greco, com a expans\u00e3o do Se Liga! o Governo de Minas d\u00e1 mais um passo importante para o fortalecimento dos atendimentos socioeducativos. \u201cO programa contribui para que os participantes construam novas oportunidades, reduzindo a reincid\u00eancia e servindo como uma ponte entre o sistema socioeducativo e a reintegra\u00e7\u00e3o dos adolescentes \u00e0 sociedade\u201d, destaca.\u00a0<\/p>\n<p>O projeto j\u00e1 possui atua\u00e7\u00e3o consolidada em Belo Horizonte, Juiz de Fora e Uberl\u00e2ndia. Agora, sua abrang\u00eancia atinge a 11\u00aa Regi\u00e3o Integrada de Seguran\u00e7a P\u00fablica (Risp), com proje\u00e7\u00e3o de inser\u00e7\u00e3o em Governador Valadares, tamb\u00e9m na Regi\u00e3o Norte, prevista ainda para 2025. Dessa forma, o Se Liga! passar\u00e1 a atuar em todos os maiores polos socioeducativos de Minas Gerais. \u00a0<\/p>\n<p>Segundo a subsecret\u00e1ria de Atendimento Socioeducativo, Giselle Cyrillo, a iniciativa representa uma estrat\u00e9gia fundamental na consolida\u00e7\u00e3o da socioeduca\u00e7\u00e3o e dos encaminhamentos socioeducativos em Minas Gerais. \u201cAl\u00e9m de mitigar o retorno dos jovens \u00e0 trajet\u00f3ria infracional, o programa oferece subs\u00eddios para a avalia\u00e7\u00e3o da efetividade da pol\u00edtica p\u00fablica\u201d, afirma.\u00a0<\/p>\n<p>Cada adolescente do projeto tem liberdade para decidir, junto de uma equipe, quais \u00e1reas deseja priorizar durante o acompanhamento, que dura at\u00e9 um ano, desde sua inclus\u00e3o. Os encaminhamentos e os temas trabalhados dentro das atividades respeitam seus interesses individuais, contribuindo para a manuten\u00e7\u00e3o de garantias asseguradas durante o cumprimento das medidas socioeducativas, previstas no Estatuto da Crian\u00e7a e do Adolescente (ECA).<\/p>\n<p>\u00a0<\/p>\n<\/p><\/div>\n","protected":false},"excerpt":{"rendered":"<p>O Programa Se Liga!, voltado para o acompanhamento de jovens e adolescentes egressos das medidas socioeducativas, agora tem atua\u00e7\u00e3o tamb\u00e9m<\/p>\n","protected":false},"author":2,"featured_media":0,"comment_status":"","ping_status":"","sticky":false,"template":"","format":"standard","meta":{"colormag_page_container_layout":"default_layout","colormag_page_sidebar_layout":"default_layout","footnotes":""},"categories":[1],"tags":[],"class_list":["post-49340","post","type-post","status-publish","format-standard","hentry","category-ejornais"],"aioseo_notices":[],"amp_enabled":true,"_links":{"self":[{"href":"https:\/\/ejornais.com.br\/index.php\/wp-json\/wp\/v2\/posts\/49340","targetHints":{"allow":["GET"]}}],"collection":[{"href":"https:\/\/ejornais.com.br\/index.php\/wp-json\/wp\/v2\/posts"}],"about":[{"href":"https:\/\/ejornais.com.br\/index.php\/wp-json\/wp\/v2\/types\/post"}],"author":[{"embeddable":true,"href":"https:\/\/ejornais.com.br\/index.php\/wp-json\/wp\/v2\/users\/2"}],"replies":[{"embeddable":true,"href":"https:\/\/ejornais.com.br\/index.php\/wp-json\/wp\/v2\/comments?post=49340"}],"version-history":[{"count":0,"href":"https:\/\/ejornais.com.br\/index.php\/wp-json\/wp\/v2\/posts\/49340\/revisions"}],"wp:attachment":[{"href":"https:\/\/ejornais.com.br\/index.php\/wp-json\/wp\/v2\/media?parent=49340"}],"wp:term":[{"taxonomy":"category","embeddable":true,"href":"https:\/\/ejornais.com.br\/index.php\/wp-json\/wp\/v2\/categories?post=49340"},{"taxonomy":"post_tag","embeddable":true,"href":"https:\/\/ejornais.com.br\/index.php\/wp-json\/wp\/v2\/tags?post=49340"}],"curies":[{"name":"wp","href":"https:\/\/api.w.org\/{rel}","templated":true}]}}