{"id":49445,"date":"2025-07-28T13:28:40","date_gmt":"2025-07-28T16:28:40","guid":{"rendered":"https:\/\/ejornais.com.br\/index.php\/2025\/07\/28\/guaratingueta-brilha-nos-esportes-no-fim-de-semana-prefeitura-estancia-turistica-guaratingueta\/"},"modified":"2025-07-28T13:28:40","modified_gmt":"2025-07-28T16:28:40","slug":"guaratingueta-brilha-nos-esportes-no-fim-de-semana-prefeitura-estancia-turistica-guaratingueta","status":"publish","type":"post","link":"https:\/\/ejornais.com.br\/index.php\/2025\/07\/28\/guaratingueta-brilha-nos-esportes-no-fim-de-semana-prefeitura-estancia-turistica-guaratingueta\/","title":{"rendered":"Guaratinguet\u00e1 brilha nos esportes no fim de semana \u2013 Prefeitura Est\u00e2ncia Tur\u00edstica Guaratinguet\u00e1"},"content":{"rendered":"<p><\/p>\n<div>\n<p>O \u00faltimo domingo (27) foi marcado por grandes conquistas para o esporte de Guaratinguet\u00e1, com destaque para as vit\u00f3rias no basquete, t\u00eanis de mesa e gin\u00e1stica r\u00edtmica, mostrando o talento e a dedica\u00e7\u00e3o dos nossos atletas em diferentes modalidades:<\/p>\n<p>\u00a0Basquete Campe\u00e3o em Taubat\u00e9<br \/>A equipe Sub-15 masculina de Guaratinguet\u00e1 sagrou-se campe\u00e3 do Interc\u00e2mbio Anual de F\u00e9rias de Julho \u2013 Quadrangular da Regi\u00e3o III. Em partidas emocionantes, o time venceu Caraguatatuba por 54 a 25, Novo Basquete Angra\/RJ por 37 a 30 e Taubat\u00e9 por 32 a 28, garantindo o t\u00edtulo da competi\u00e7\u00e3o.<\/p>\n<p>T\u00eanis de Mesa conquista p\u00f3dios na Liga Valeparaibana<br \/>A equipe tamb\u00e9m se destacou na 5\u00aa Etapa da Liga Valeparaibana de T\u00eanis de Mesa, realizada no SESI de Taubat\u00e9. Confira os resultados:<\/p>\n<p>\u00a01\u00ba lugar nas Duplas Masculinas: Marci Ant\u00f4nio e Lucas Gabriel<\/p>\n<p>\u00a03\u00ba lugar nas Duplas Masculinas: Jo\u00e3o Vitor e Luis Felipe<\/p>\n<p>\u00a01\u00ba lugar no Sub 15 Masculino: Jo\u00e3o Vitor<\/p>\n<p>\u00a02\u00ba lugar no Sub 19 Masculino: Luis Takacs<\/p>\n<p>\u00a03\u00ba lugar no Sub 15: Guilherme de Castro<\/p>\n<p>4\u00ba lugar no Sub 15: Luis Henrique<\/p>\n<p>5\u00ba lugar no Sub 15: Luis Raphael<\/p>\n<p>\u00a03\u00ba lugar no Sub 11 Masculino: Theo Schmidt<\/p>\n<p>4\u00ba lugar no Veterano 50: Luiz Roberto<\/p>\n<p>\u00a0Gin\u00e1stica R\u00edtmica Juvenil faz bonito no Estadual<br \/>A ginasta Rafaela Ales representou Guaratinguet\u00e1 no Campeonato Estadual Paulista Juvenil, realizado em Atibaia, enfrentando 24 atletas de todo o estado. Com uma excelente performance, conquistou:<\/p>\n<p>5\u00ba lugar no Individual Geral<br \/>5\u00ba lugar no aparelho Arco<br \/>4\u00ba lugar no aparelho Bola<br \/>6\u00ba lugar no aparelho Ma\u00e7as<br \/>9\u00ba lugar no aparelho Fita<\/p>\n<p>Parabenizamos todos os atletas pelas conquistas e por levarem o nome de Guaratinguet\u00e1 com garra e determina\u00e7\u00e3o!    8<\/p>\n<\/p><\/div>\n","protected":false},"excerpt":{"rendered":"<p>O \u00faltimo domingo (27) foi marcado por grandes conquistas para o esporte de Guaratinguet\u00e1, com destaque para as vit\u00f3rias no<\/p>\n","protected":false},"author":2,"featured_media":0,"comment_status":"","ping_status":"","sticky":false,"template":"","format":"standard","meta":{"colormag_page_container_layout":"default_layout","colormag_page_sidebar_layout":"default_layout","footnotes":""},"categories":[1],"tags":[],"class_list":["post-49445","post","type-post","status-publish","format-standard","hentry","category-ejornais"],"aioseo_notices":[],"amp_enabled":true,"_links":{"self":[{"href":"https:\/\/ejornais.com.br\/index.php\/wp-json\/wp\/v2\/posts\/49445","targetHints":{"allow":["GET"]}}],"collection":[{"href":"https:\/\/ejornais.com.br\/index.php\/wp-json\/wp\/v2\/posts"}],"about":[{"href":"https:\/\/ejornais.com.br\/index.php\/wp-json\/wp\/v2\/types\/post"}],"author":[{"embeddable":true,"href":"https:\/\/ejornais.com.br\/index.php\/wp-json\/wp\/v2\/users\/2"}],"replies":[{"embeddable":true,"href":"https:\/\/ejornais.com.br\/index.php\/wp-json\/wp\/v2\/comments?post=49445"}],"version-history":[{"count":0,"href":"https:\/\/ejornais.com.br\/index.php\/wp-json\/wp\/v2\/posts\/49445\/revisions"}],"wp:attachment":[{"href":"https:\/\/ejornais.com.br\/index.php\/wp-json\/wp\/v2\/media?parent=49445"}],"wp:term":[{"taxonomy":"category","embeddable":true,"href":"https:\/\/ejornais.com.br\/index.php\/wp-json\/wp\/v2\/categories?post=49445"},{"taxonomy":"post_tag","embeddable":true,"href":"https:\/\/ejornais.com.br\/index.php\/wp-json\/wp\/v2\/tags?post=49445"}],"curies":[{"name":"wp","href":"https:\/\/api.w.org\/{rel}","templated":true}]}}