{"id":49453,"date":"2025-07-28T16:14:41","date_gmt":"2025-07-28T19:14:41","guid":{"rendered":"https:\/\/ejornais.com.br\/index.php\/2025\/07\/28\/campo-grande-lidera-abertura-de-empresas-e-impulsiona-economia-sul-mato-grossense-cgnoticias\/"},"modified":"2025-07-28T16:14:41","modified_gmt":"2025-07-28T19:14:41","slug":"campo-grande-lidera-abertura-de-empresas-e-impulsiona-economia-sul-mato-grossense-cgnoticias","status":"publish","type":"post","link":"https:\/\/ejornais.com.br\/index.php\/2025\/07\/28\/campo-grande-lidera-abertura-de-empresas-e-impulsiona-economia-sul-mato-grossense-cgnoticias\/","title":{"rendered":"Campo Grande lidera abertura de empresas e impulsiona economia sul-mato-grossense \u2013 CGNot\u00edcias"},"content":{"rendered":"<p><\/p>\n<div>\n<p>Com um ambiente cada vez mais favor\u00e1vel ao desenvolvimento econ\u00f4mico, Campo Grande se consolida como o principal polo de gera\u00e7\u00e3o de novos neg\u00f3cios em Mato Grosso do Sul. Entre janeiro e abril de 2025, a capital sul-mato-grossense registrou a cria\u00e7\u00e3o de 2.046 empresas e a formaliza\u00e7\u00e3o de 8.713 microempreendedores individuais (MEIs), liderando o ranking estadual de abertura de CNPJs.<\/p>\n<p>O n\u00famero representa 42% do total de novas empresas abertas em Mato Grosso do Sul entre janeiro e abril deste ano. No caso dos MEIs, a capital participou com 45% do total no mesmo per\u00edodo, consolidando a import\u00e2ncia da capital e o impacto das a\u00e7\u00f5es realizadas pela Secretaria Municipal de Meio Ambiente, Gest\u00e3o Urbana e Desenvolvimento Econ\u00f4mico, Tur\u00edstico e Sustent\u00e1vel para aumentar a liberdade econ\u00f4mica e o ambiente de neg\u00f3cios.<\/p>\n<p>\u201cOs n\u00fameros demonstram que todo o esfor\u00e7o que estamos fazendo para reduzir a burocracia aplicada \u00e0s atividades econ\u00f4micas, otimizando e favorecendo o ambiente de neg\u00f3cios vale a pena. J\u00e1 temos os dados, s\u00e3o empresas sendo formalizadas em menos tempo, reduzindo custos e atraindo investimentos\u201d, explica o secret\u00e1rio Municipal de Meio Ambiente, Gest\u00e3o Urbana e Desenvolvimento Econ\u00f4mico, Tur\u00edstico e Sustent\u00e1vel, Ademar Silva Junior.<\/p>\n<p>Campo Grande tamb\u00e9m se destaca por ser o munic\u00edpio de MS que possui o menor tempo m\u00e9dio de abertura de empresas de 02h53 (duas horas e cinquenta e tr\u00eas minutos) conforme dados do Dashboard do Ranking dos Munic\u00edpios da Junta Comercial de Mato Grosso do Sul.<\/p>\n<p>Os dados integram o novo Mapa de Empresas de MS, levantamento divulgado pela Junta Comercial de Mato Grosso do Sul (Jucems), vinculada \u00e0 Secretaria de Meio Ambiente, Desenvolvimento, Ci\u00eancia, Tecnologia e Inova\u00e7\u00e3o (Semadesc), com apoio do Sebrae\/MS, por meio do conv\u00eanio Redesim Conectada.<\/p>\n<p><strong>MS<\/strong><\/p>\n<p>Ao todo, o estado contabilizou 24.116 novos empreendimentos formalizados no primeiro quadrimestre deste ano, sendo 4.868 empresas e 19.248 MEIs. O com\u00e9rcio continua sendo a grande for\u00e7a motriz da economia local, concentrando 3.664 registros entre empresas e 13.808 entre os microempreendedores. A ind\u00fastria aparece em segundo lugar, com 1.033 novas empresas e 3.966 MEIs, seguida pelo setor de servi\u00e7os, que, embora registre menor n\u00famero absoluto de empresas (171), representa mais de 66% das atividades secund\u00e1rias dos novos neg\u00f3cios.<\/p>\n<p>#ParaTodosVerem A imagem de capa mostra a Rua 14 de Julho no Centro de Campo Grande-MS.<\/p>\n<\/div>\n<p><script async defer async defer src=\"https:\/\/connect.facebook.net\/en_US\/sdk.js?ver=1#xfbml=1&amp;version=v3.2\" id=\"prefeitura-campogrande-script-facebook-sdk-js\"><\/script><\/p>\n","protected":false},"excerpt":{"rendered":"<p>Com um ambiente cada vez mais favor\u00e1vel ao desenvolvimento econ\u00f4mico, Campo Grande se consolida como o principal polo de gera\u00e7\u00e3o<\/p>\n","protected":false},"author":2,"featured_media":0,"comment_status":"","ping_status":"","sticky":false,"template":"","format":"standard","meta":{"colormag_page_container_layout":"default_layout","colormag_page_sidebar_layout":"default_layout","footnotes":""},"categories":[1],"tags":[],"class_list":["post-49453","post","type-post","status-publish","format-standard","hentry","category-ejornais"],"aioseo_notices":[],"amp_enabled":true,"_links":{"self":[{"href":"https:\/\/ejornais.com.br\/index.php\/wp-json\/wp\/v2\/posts\/49453","targetHints":{"allow":["GET"]}}],"collection":[{"href":"https:\/\/ejornais.com.br\/index.php\/wp-json\/wp\/v2\/posts"}],"about":[{"href":"https:\/\/ejornais.com.br\/index.php\/wp-json\/wp\/v2\/types\/post"}],"author":[{"embeddable":true,"href":"https:\/\/ejornais.com.br\/index.php\/wp-json\/wp\/v2\/users\/2"}],"replies":[{"embeddable":true,"href":"https:\/\/ejornais.com.br\/index.php\/wp-json\/wp\/v2\/comments?post=49453"}],"version-history":[{"count":0,"href":"https:\/\/ejornais.com.br\/index.php\/wp-json\/wp\/v2\/posts\/49453\/revisions"}],"wp:attachment":[{"href":"https:\/\/ejornais.com.br\/index.php\/wp-json\/wp\/v2\/media?parent=49453"}],"wp:term":[{"taxonomy":"category","embeddable":true,"href":"https:\/\/ejornais.com.br\/index.php\/wp-json\/wp\/v2\/categories?post=49453"},{"taxonomy":"post_tag","embeddable":true,"href":"https:\/\/ejornais.com.br\/index.php\/wp-json\/wp\/v2\/tags?post=49453"}],"curies":[{"name":"wp","href":"https:\/\/api.w.org\/{rel}","templated":true}]}}