{"id":49475,"date":"2025-07-28T23:58:28","date_gmt":"2025-07-29T02:58:28","guid":{"rendered":"https:\/\/ejornais.com.br\/index.php\/2025\/07\/28\/agencia-minas-gerais-cemig-ja-retirou-mais-de-16-toneladas-de-cabos-irregulares-de-telecomunicacao-em-postes-em-2025\/"},"modified":"2025-07-28T23:58:28","modified_gmt":"2025-07-29T02:58:28","slug":"agencia-minas-gerais-cemig-ja-retirou-mais-de-16-toneladas-de-cabos-irregulares-de-telecomunicacao-em-postes-em-2025","status":"publish","type":"post","link":"https:\/\/ejornais.com.br\/index.php\/2025\/07\/28\/agencia-minas-gerais-cemig-ja-retirou-mais-de-16-toneladas-de-cabos-irregulares-de-telecomunicacao-em-postes-em-2025\/","title":{"rendered":"Ag\u00eancia Minas Gerais | Cemig j\u00e1 retirou mais de 16 toneladas de cabos irregulares de telecomunica\u00e7\u00e3o em postes em 2025"},"content":{"rendered":"<p><\/p>\n<div>\n<section class=\"news-related \/ col-md-4 col-lg-3 \/ margin-md-bottom-2 margin-left-1 \/ pull-right \/ hidden-xs hidden-sm\">\n<header>\n<p class=\"text-title-section \/ margin-bottom-1\">Relacionadas<\/p>\n<\/header>\n<p>\t\t\t\t\t\t\t<main><\/p>\n<hr class=\"row margin-md-bottom-2\"\/>\n<hr class=\"row margin-md-bottom-2\"\/>\n<hr class=\"row margin-md-bottom-2\"\/>\n\t\t\t\t\t\t\t<\/main><br \/>\n\t\t\t\t\t\t<\/section>\n<p>A Companhia Energ\u00e9tica de Minas Gerais (Cemig) j\u00e1 retirou 16,2 toneladas de cabos irregulares de empresas de telecomunica\u00e7\u00e3o em seus postes, em 66 cidades de Minas Gerais, apenas nos primeiros seis meses de 2025. A estatal est\u00e1 intensificando o combate aos fios de empresas de internet, telefonia e TV a cabo que est\u00e3o instalados irregularmente ou que n\u00e3o possuem contratos de compartilhamento nas estruturas da companhia.<\/p>\n<p>Nas \u00faltimas semanas, essa fiscaliza\u00e7\u00e3o foi realizada nas cidades de Ribeir\u00e3o das Neves, Sete Lagoas, Juatuba, Ipatinga, Itabira, Nanuque, Capelinha, Una\u00ed, Jana\u00faba, Janu\u00e1ria, Ja\u00edba, Guaxup\u00e9, Paragua\u00e7u, Tr\u00eas Pontas, Cambuquira, Conselheiro Lafaiete, S\u00e3o Jo\u00e3o del-Rei, Lima Duarte, Patroc\u00ednio e Passos. Nesta semana, equipes da empresa atuar\u00e3o em Belo Horizonte, retirando cabos obsoletos e que estavam oferecendo riscos \u00e0 popula\u00e7\u00e3o.<\/p>\n<p>A gerente de Efici\u00eancia Energ\u00e9tica e Receitas Acess\u00f3rias da Cemig, Amanda Mascarenhas, detalha as a\u00e7\u00f5es para reduzir os danos gerados pelo material instalado clandestinamente. &#8220;A Cemig tem refor\u00e7ado a notifica\u00e7\u00e3o das empresas que operam de forma irregular e trabalhado em conjunto com os munic\u00edpios para promover a\u00e7\u00f5es de conscientiza\u00e7\u00e3o que visam educar sobre os riscos e a necessidade de regulariza\u00e7\u00e3o&#8221;.<\/p>\n<p>A Cemig mant\u00e9m um cadastro atualizado das empresas que utilizam seus postes de forma regular, registro alimentado pelas informa\u00e7\u00f5es obtidas no censo, que identificou cabos de empresas que compartilham postes em sua \u00e1rea de concess\u00e3o, vistoriando cerca de 2,3 milh\u00f5es de postes em 774 munic\u00edpios mineiros, onde identificou a exist\u00eancia de mais de 900 empresas que operavam de forma clandestina, irregular e sem projetos, o que pode comprometer a resist\u00eancia mec\u00e2nica dos postes.<\/p>\n<p>No primeiro semestre de 2025, os t\u00e9cnicos da Cemig j\u00e1 vistoriaram mais de 46 mil postes e retiraram a fia\u00e7\u00e3o de 45 empresas que atuavam de forma irregular. Neste per\u00edodo, a Cemig fez mais de 17 mil notifica\u00e7\u00f5es a empresas de telecomunica\u00e7\u00f5es para fazer a adequa\u00e7\u00e3o de fia\u00e7\u00f5es em toda a \u00e1rea de concess\u00e3o. Esse n\u00famero j\u00e1 \u00e9 30,5 % superior a todo o ano passado, quando foram realizadas 10.524 notifica\u00e7\u00f5es a empresas de processamentos de dados.<\/p>\n<p><strong>Modicidade tarif\u00e1ria<\/strong><\/p>\n<p>O compartilhamento dos postes com essas empresas \u00e9 determinado por resolu\u00e7\u00f5es da Ag\u00eancia Nacional de Energia El\u00e9trica (Aneel) e da Ag\u00eancia Nacional de Telecomunica\u00e7\u00f5es (Anatel).\u00a0<\/p>\n<p>Al\u00e9m de levar servi\u00e7os b\u00e1sicos para a popula\u00e7\u00e3o, o compartilhamento dos postes com as empresas de telecomunica\u00e7\u00f5es contribui para a modicidade tarif\u00e1ria. De acordo com a legisla\u00e7\u00e3o do setor el\u00e9trico, 60% do valor faturado com este servi\u00e7o s\u00e3o utilizados para reduzir a fatura de energia.<\/p>\n<p>Nem todos os cabos presentes nos postes da Cemig s\u00e3o de responsabilidade direta da empresa estatal. De acordo com as normas de seguran\u00e7a, os cabos da rede el\u00e9trica, que s\u00e3o energizados, est\u00e3o localizados na parte superior da estrutura dos postes. J\u00e1 os cabos de telecomunica\u00e7\u00f5es, utilizados por empresas que alugam a infraestrutura da Cemig, devem ocupar\u202fa parte baixa,\u202fimediatamente\u202fabaixo do bra\u00e7o da ilumina\u00e7\u00e3o p\u00fablica,\u202faltura segura em rela\u00e7\u00e3o ao solo.<\/p>\n<\/p><\/div>\n","protected":false},"excerpt":{"rendered":"<p>Relacionadas A Companhia Energ\u00e9tica de Minas Gerais (Cemig) j\u00e1 retirou 16,2 toneladas de cabos irregulares de empresas de telecomunica\u00e7\u00e3o em<\/p>\n","protected":false},"author":2,"featured_media":0,"comment_status":"","ping_status":"","sticky":false,"template":"","format":"standard","meta":{"colormag_page_container_layout":"default_layout","colormag_page_sidebar_layout":"default_layout","footnotes":""},"categories":[1],"tags":[],"class_list":["post-49475","post","type-post","status-publish","format-standard","hentry","category-ejornais"],"aioseo_notices":[],"amp_enabled":true,"_links":{"self":[{"href":"https:\/\/ejornais.com.br\/index.php\/wp-json\/wp\/v2\/posts\/49475","targetHints":{"allow":["GET"]}}],"collection":[{"href":"https:\/\/ejornais.com.br\/index.php\/wp-json\/wp\/v2\/posts"}],"about":[{"href":"https:\/\/ejornais.com.br\/index.php\/wp-json\/wp\/v2\/types\/post"}],"author":[{"embeddable":true,"href":"https:\/\/ejornais.com.br\/index.php\/wp-json\/wp\/v2\/users\/2"}],"replies":[{"embeddable":true,"href":"https:\/\/ejornais.com.br\/index.php\/wp-json\/wp\/v2\/comments?post=49475"}],"version-history":[{"count":0,"href":"https:\/\/ejornais.com.br\/index.php\/wp-json\/wp\/v2\/posts\/49475\/revisions"}],"wp:attachment":[{"href":"https:\/\/ejornais.com.br\/index.php\/wp-json\/wp\/v2\/media?parent=49475"}],"wp:term":[{"taxonomy":"category","embeddable":true,"href":"https:\/\/ejornais.com.br\/index.php\/wp-json\/wp\/v2\/categories?post=49475"},{"taxonomy":"post_tag","embeddable":true,"href":"https:\/\/ejornais.com.br\/index.php\/wp-json\/wp\/v2\/tags?post=49475"}],"curies":[{"name":"wp","href":"https:\/\/api.w.org\/{rel}","templated":true}]}}