{"id":49477,"date":"2025-07-29T01:22:42","date_gmt":"2025-07-29T04:22:42","guid":{"rendered":"https:\/\/ejornais.com.br\/index.php\/2025\/07\/29\/mais-18-familias-do-bairro-sao-jose-sao-beneficiadas-pelo-programa-compra-assistida\/"},"modified":"2025-07-29T01:22:42","modified_gmt":"2025-07-29T04:22:42","slug":"mais-18-familias-do-bairro-sao-jose-sao-beneficiadas-pelo-programa-compra-assistida","status":"publish","type":"post","link":"https:\/\/ejornais.com.br\/index.php\/2025\/07\/29\/mais-18-familias-do-bairro-sao-jose-sao-beneficiadas-pelo-programa-compra-assistida\/","title":{"rendered":"Mais 18 fam\u00edlias do Bairro S\u00e3o Jos\u00e9 s\u00e3o beneficiadas pelo programa Compra Assistida"},"content":{"rendered":"<p><\/p>\n<div>\n<p>Mais 18 fam\u00edlias da Comunidade S\u00e3o Jos\u00e9 foram atendidas pelo programa \u2018Compra Assistida\u2019, mantido pela Prefeitura de Jo\u00e3o Pessoa, por meio da Secretaria Municipal de Habita\u00e7\u00e3o Social (Semhab), em parceria com o Governo Federal, atrav\u00e9s do Programa Pr\u00f3 Moradia e a Caixa Econ\u00f4mica Federal, que \u00e9 o agente financeiro. Com o grupo desta segunda-feira (28), j\u00e1 s\u00e3o 109 fam\u00edlias beneficiadas de um total de 250 inscri\u00e7\u00f5es, apenas no S\u00e3o Jos\u00e9.<\/p>\n<figure class=\"wp-block-gallery has-nested-images columns-default is-cropped wp-block-gallery-1 is-layout-flex wp-block-gallery-is-layout-flex\">\n<figure class=\"wp-block-image size-large\"><\/figure>\n<figure class=\"wp-block-image size-large\"><\/figure>\n<\/figure>\n<p>A secret\u00e1ria de Habita\u00e7\u00e3o Social do Munic\u00edpio, Socorro Gadelha, explicou que hoje foi resolvida a parte do cart\u00f3rio com a assinatura dos documentos relacionados a compra e venda que vai resultar na lavratura da escritura do im\u00f3vel e a pr\u00f3xima etapa vai ser a libera\u00e7\u00e3o do pagamento, para que os beneficiados possam se instalar em sua nova moradia. O programa atende fam\u00edlias que moravam em \u00e1reas de risco na Comunidade S\u00e3o Jos\u00e9, foram retiradas pela Prefeitura de Jo\u00e3o Pessoa devido ao risco de inunda\u00e7\u00f5es e est\u00e3o sendo atendidas pelos programas sociais do Munic\u00edpio.<\/p>\n<p>Socorro Gadelha lembrou que na gest\u00e3o do prefeito C\u00edcero Lucena e do vice-prefeito Leo Bezerra, o setor de habita\u00e7\u00e3o tem recebido aten\u00e7\u00e3o especial e o programa \u2018Compra Assistida\u2019 \u00e9 mais uma alternativa do programa habitacional para atender as fam\u00edlias que n\u00e3o t\u00eam uma moradia, al\u00e9m dos projetos de constru\u00e7\u00e3o de novos residenciais, como est\u00e1 acontecendo nos bairros de Jardim Veneza, Alto do Mateus, Gramame e o Residencial Dubai que est\u00e1 na fase de acabamento.<\/p>\n<figure class=\"wp-block-gallery has-nested-images columns-default is-cropped wp-block-gallery-2 is-layout-flex wp-block-gallery-is-layout-flex\">\n<figure class=\"wp-block-image size-large\"><\/figure>\n<figure class=\"wp-block-image size-large\"><\/figure>\n<figure class=\"wp-block-image size-large\"><\/figure>\n<\/figure>\n<p>A secret\u00e1ria adiantou que as fam\u00edlias recebem a moradia quitada, al\u00e9m de ter a oportunidade de sair de um local insalubre, escolher a moradia e o bairro onde deseja morar e receber o im\u00f3vel escriturado em cart\u00f3rio e, como incentivo, a Prefeitura de Jo\u00e3o Pessoa ainda oferece a isen\u00e7\u00e3o do Imposto sobre Transmiss\u00e3o de Bens Im\u00f3veis (ITBI).<\/p>\n<p>\u201cN\u00f3s estamos atendendo a Comunidade S\u00e3o Jos\u00e9, mas o prefeito j\u00e1 autorizou o atendimento de mais 60 fam\u00edlias da Comunidade do \u2018S\u2019, pois elas moravam em \u00e1rea de risco, foram removidas e est\u00e3o sendo atendidas atrav\u00e9s do aluguel social\u201d, comentou Socorro Gadelha, acrescentando que essas fam\u00edlias j\u00e1 est\u00e3o procurando o im\u00f3vel no bairro que desejam morar.<\/p>\n<p><strong>Beneficiados<\/strong> \u2013 A dona de casa Luciana de Fran\u00e7a Silva morava na beira do Rio Jaguaribe na Comunidade S\u00e3o Jos\u00e9 e foi beneficiada pelo programa \u2018Compra Assistida\u2019. Ela contou que morava em condi\u00e7\u00f5es prec\u00e1rias e quando chegava o inverno o rio subia e a \u00e1gua invadia a casa dela, destruindo tudo que ela tinha. \u201cAtualmente, eu moro num apartamento confort\u00e1vel no Bairro Jos\u00e9 Am\u00e9rico\u201d, acrescentando que a m\u00e3e dela tamb\u00e9m est\u00e1 sendo beneficiada pelo programa Compra Assistida e tamb\u00e9m vai morar perto da casa dela.<\/p>\n<p>Maria Aparecida da Silva vai morar no bairro de Mangabeira, depois de ter vivido durante muitos anos na Comunidade S\u00e3o Jos\u00e9. \u201cQuando chegava o inverno, a vida da fam\u00edlia toda virava um desespero e agora estamos contando os dias para viver no apartamento novo\u201d, relatou.<\/p>\n<p>O programa \u2018Compra Assistida\u2019 tamb\u00e9m \u00e9 um bom neg\u00f3cio para os corretores de im\u00f3veis, que t\u00eam a oportunidade de fechar uma venda e melhorar o sal\u00e1rio. \u00c9 o caso da corretora Ros\u00e2ngela Silva, que disse que eles ajudam as pessoas interessadas a encontrar o im\u00f3vel desejado, fazem as visitas e quando a pessoa se interessa pela orienta\u00e7\u00e3o na organiza\u00e7\u00e3o dos documentos, tudo \u00e9 feito de acordo com a proposta oferecida pelo programa da Prefeitura.<\/p>\n<p>\u201cN\u00f3s conversamos com a pessoa interessada para saber o que ela deseja, apresentamos o im\u00f3vel e tudo \u00e9 feito com o acompanhamento da Prefeitura de Jo\u00e3o Pessoa. Um engenheiro verifica a estrutura e condi\u00e7\u00f5es de habitabilidade, se estiver tudo de acordo com o desejado, \u00e9 autorizada a compra do im\u00f3vel\u201d, afirmou.<\/p>\n<figure class=\"wp-block-gallery has-nested-images columns-default is-cropped wp-block-gallery-3 is-layout-flex wp-block-gallery-is-layout-flex\">\n<figure class=\"wp-block-image size-large\"><\/figure>\n<\/figure>\n<p><strong>O programa \u2013 <\/strong>Na modalidade Compra Assistida, t\u00eam prioridade as fam\u00edlias que se encontram em aluguel emergencial, ap\u00f3s terem seus im\u00f3veis interditados pela Defesa Civil. Elas podem escolher uma nova resid\u00eancia em qualquer local da cidade, desde que esteja devidamente regularizada, no valor de at\u00e9 R$ 115 mil. A Prefeitura arca com o custo total do im\u00f3vel, bem como com as despesas cartoriais e o ITBI.<\/p>\n<\/p><\/div>\n","protected":false},"excerpt":{"rendered":"<p>Mais 18 fam\u00edlias da Comunidade S\u00e3o Jos\u00e9 foram atendidas pelo programa \u2018Compra Assistida\u2019, mantido pela Prefeitura de Jo\u00e3o Pessoa, por<\/p>\n","protected":false},"author":2,"featured_media":0,"comment_status":"","ping_status":"","sticky":false,"template":"","format":"standard","meta":{"colormag_page_container_layout":"default_layout","colormag_page_sidebar_layout":"default_layout","footnotes":""},"categories":[1],"tags":[],"class_list":["post-49477","post","type-post","status-publish","format-standard","hentry","category-ejornais"],"aioseo_notices":[],"amp_enabled":true,"_links":{"self":[{"href":"https:\/\/ejornais.com.br\/index.php\/wp-json\/wp\/v2\/posts\/49477","targetHints":{"allow":["GET"]}}],"collection":[{"href":"https:\/\/ejornais.com.br\/index.php\/wp-json\/wp\/v2\/posts"}],"about":[{"href":"https:\/\/ejornais.com.br\/index.php\/wp-json\/wp\/v2\/types\/post"}],"author":[{"embeddable":true,"href":"https:\/\/ejornais.com.br\/index.php\/wp-json\/wp\/v2\/users\/2"}],"replies":[{"embeddable":true,"href":"https:\/\/ejornais.com.br\/index.php\/wp-json\/wp\/v2\/comments?post=49477"}],"version-history":[{"count":0,"href":"https:\/\/ejornais.com.br\/index.php\/wp-json\/wp\/v2\/posts\/49477\/revisions"}],"wp:attachment":[{"href":"https:\/\/ejornais.com.br\/index.php\/wp-json\/wp\/v2\/media?parent=49477"}],"wp:term":[{"taxonomy":"category","embeddable":true,"href":"https:\/\/ejornais.com.br\/index.php\/wp-json\/wp\/v2\/categories?post=49477"},{"taxonomy":"post_tag","embeddable":true,"href":"https:\/\/ejornais.com.br\/index.php\/wp-json\/wp\/v2\/tags?post=49477"}],"curies":[{"name":"wp","href":"https:\/\/api.w.org\/{rel}","templated":true}]}}