{"id":49517,"date":"2025-07-29T16:06:50","date_gmt":"2025-07-29T19:06:50","guid":{"rendered":"https:\/\/ejornais.com.br\/index.php\/2025\/07\/29\/saude-discute-plano-de-respostas-a-mudancas-climaticas\/"},"modified":"2025-07-29T16:06:50","modified_gmt":"2025-07-29T19:06:50","slug":"saude-discute-plano-de-respostas-a-mudancas-climaticas","status":"publish","type":"post","link":"https:\/\/ejornais.com.br\/index.php\/2025\/07\/29\/saude-discute-plano-de-respostas-a-mudancas-climaticas\/","title":{"rendered":"Sa\u00fade discute plano de respostas a mudan\u00e7as clim\u00e1ticas"},"content":{"rendered":"<p> Por MRNews<br \/>\n<\/p>\n<div wp_automatic_readability=\"80.115435356201\">\n<p><strong>Bras\u00edlia sedia, at\u00e9 a pr\u00f3xima quinta-feira (31), a Confer\u00eancia Global sobre Clima e Sa\u00fade, com foco na constru\u00e7\u00e3o de pol\u00edticas de adapta\u00e7\u00e3o do setor em meio aos efeitos das mudan\u00e7as clim\u00e1ticas. Durante a sess\u00e3o de abertura do encontro, nesta ter\u00e7a-feira (29), o ministro da Sa\u00fade, Alexandre Padilha, defendeu \u201cmobiliza\u00e7\u00e3o para transforma\u00e7\u00e3o\u201d.<\/strong><\/p>\n<p>\u201cPrecisamos realizar um verdadeiro mutir\u00e3o. Esse esfor\u00e7o coletivo \u00e9 essencial, pois nenhuma pessoa ou pa\u00eds sozinho consegue promover as transforma\u00e7\u00f5es necess\u00e1rias. Por isso, a mobiliza\u00e7\u00e3o de toda a sociedade e de todas as na\u00e7\u00f5es \u00e9 fundamental para coordenar e liderar esse mutir\u00e3o\u201d, disse.<\/p>\n<p>Em nota, a pasta destacou que as a\u00e7\u00f5es est\u00e3o alinhadas ao Plano de A\u00e7\u00e3o em Sa\u00fade de Bel\u00e9m, proposta a ser apresentada pelo governo brasileiro durante a 30\u00aa Confer\u00eancia das Na\u00e7\u00f5es Unidas sobre Mudan\u00e7as Clim\u00e1ticas (COP30), em novembro.<\/p>\n<p><strong><a href=\"https:\/\/mrnews.com.br\/index.php\/2025\/07\/29\/odete-descobre-esquema-de-marco-aurelio-e-poe-fim-a-plano-milionario-em-vale-tudo\/\">Odete descobre esquema de Marco Aur\u00e9lio e p\u00f5e fim a plano milion\u00e1rio em Vale Tudo<\/a><\/strong><\/p>\n<p><strong><a href=\"https:\/\/mrnews.com.br\/index.php\/2025\/07\/29\/haddad-diz-que-pode-haver-conversa-entre-lula-e-trump-sobre-tarifas\/\">Haddad diz que pode haver conversa entre Lula e Trump sobre tarifas<\/a><\/strong><\/p>\n<p>\u201cDesenhado para ser uma refer\u00eancia global, o plano busca liderar a\u00e7\u00f5es de resposta aos impactos clim\u00e1ticos sobre a sa\u00fade, com destaque para o enfrentamento de eventos extremos, o fortalecimento de sistemas de alerta precoce e a implementa\u00e7\u00e3o de estrat\u00e9gias de adapta\u00e7\u00e3o nos territ\u00f3rios\u201d, destacou o comunicado.<\/p>\n<p>\u201cA iniciativa, de ades\u00e3o volunt\u00e1ria pelos Estados-membros da Conven\u00e7\u00e3o-Quadro das Na\u00e7\u00f5es Unidas sobre Mudan\u00e7a do Clima (UNFCCC), refor\u00e7a o compromisso do Brasil com a equidade em sa\u00fade, a justi\u00e7a clim\u00e1tica e a governan\u00e7a participativa\u201d, completou a pasta.<\/p>\n<p>Durante o evento, o diretor da Organiza\u00e7\u00e3o Pan-Americana da Sa\u00fade (Opas), Jarbas Barbosa, lembrou que a entidade tem trabalhado junto aos Estados-membros, em n\u00edvel nacional e subnacional, para desenvolver planos de adapta\u00e7\u00e3o da sa\u00fade \u00e0s mudan\u00e7as clim\u00e1ticas e estudos de viabilidade para investimentos.<\/p>\n<p>\u201cA Opas est\u00e1 pronta para implementar as pol\u00edticas mencionadas e o Plano de A\u00e7\u00e3o de Sa\u00fade de Bel\u00e9m\u201d, disse. \u201cSeguiremos comprometidos para avan\u00e7ar juntos e explorar situa\u00e7\u00f5es inovadoras para desafios comuns\u201d, completou Jarbas.<\/p>\n<p><strong><a href=\"https:\/\/mrnews.com.br\/index.php\/2025\/07\/29\/assassinatos-de-indigenas-crescem-em-2024-e-chegam-a-211-indica-cimi\/\">Assassinatos de ind\u00edgenas crescem em 2024 e chegam a 211, indica Cimi<\/a><\/strong><\/p>\n<p><strong><a href=\"https:\/\/mrnews.com.br\/index.php\/2025\/07\/29\/documentario-rua-do-pescador-no-6-mostra-urgencia-de-acoes-pelo-clima\/\">Document\u00e1rio Rua do Pescador n\u00ba 6 mostra urg\u00eancia de a\u00e7\u00f5es pelo clima<\/a><\/strong><\/p>\n<p>&gt;&gt; Siga o canal da <strong>Ag\u00eancia Brasil <\/strong>no WhatsApp<\/p>\n<h2>O evento<\/h2>\n<p>A Confer\u00eancia Global sobre Clima e Sa\u00fade \u00e9 organizada pelo governo brasileiro em parceria com a Organiza\u00e7\u00e3o Mundial da Sa\u00fade (OMS), a Organiza\u00e7\u00e3o Pan-Americana da Sa\u00fade (Opas) e a Alian\u00e7a para A\u00e7\u00e3o Transformadora sobre Clima e Sa\u00fade (Atach).<\/p>\n<p>A programa\u00e7\u00e3o inclui sess\u00f5es plen\u00e1rias, pain\u00e9is, oficinas e rodas de conversa com foco na troca de experi\u00eancias e na apresenta\u00e7\u00e3o de solu\u00e7\u00f5es inovadoras. As discuss\u00f5es, de acordo com o Minist\u00e9rio a Sa\u00fade, v\u00e3o contribuir diretamente para a consolida\u00e7\u00e3o do plano de adapta\u00e7\u00e3o levado \u00e0 COP30.<\/p>\n<\/div>\n","protected":false},"excerpt":{"rendered":"<p>Por MRNews Bras\u00edlia sedia, at\u00e9 a pr\u00f3xima quinta-feira (31), a Confer\u00eancia Global sobre Clima e Sa\u00fade, com foco na constru\u00e7\u00e3o<\/p>\n","protected":false},"author":2,"featured_media":0,"comment_status":"","ping_status":"","sticky":false,"template":"","format":"standard","meta":{"colormag_page_container_layout":"default_layout","colormag_page_sidebar_layout":"default_layout","footnotes":""},"categories":[1],"tags":[],"class_list":["post-49517","post","type-post","status-publish","format-standard","hentry","category-ejornais"],"aioseo_notices":[],"aioseo_head":"\n\t\t<!-- All in One SEO 5.0.1.1 - aioseo.com -->\n\t<meta name=\"description\" content=\"Por MRNews Bras\u00edlia sedia, at\u00e9 a pr\u00f3xima quinta-feira (31), a Confer\u00eancia Global sobre Clima e Sa\u00fade, com foco na constru\u00e7\u00e3o de pol\u00edticas de adapta\u00e7\u00e3o do setor em meio aos efeitos das mudan\u00e7as clim\u00e1ticas. Durante a sess\u00e3o de abertura do encontro, nesta ter\u00e7a-feira (29), o ministro da Sa\u00fade, Alexandre Padilha, defendeu \u201cmobiliza\u00e7\u00e3o para transforma\u00e7\u00e3o\u201d. \u201cPrecisamos realizar\" \/>\n\t<meta name=\"robots\" content=\"max-image-preview:large\" \/>\n\t<meta name=\"author\" content=\"admin1\"\/>\n\t<link rel=\"canonical\" href=\"https:\/\/ejornais.com.br\/index.php\/2025\/07\/29\/saude-discute-plano-de-respostas-a-mudancas-climaticas\/\" \/>\n\t<meta name=\"generator\" content=\"All in One SEO (AIOSEO) 5.0.1.1\" \/>\n\t\t<meta property=\"og:locale\" content=\"pt_BR\" \/>\n\t\t<meta property=\"og:site_name\" content=\"eJornais - Cat\u00e1logo de Jornais no mundo, Not\u00edcias, Blog e Esportes ao vivo\" \/>\n\t\t<meta property=\"og:type\" content=\"article\" \/>\n\t\t<meta property=\"og:title\" content=\"Sa\u00fade discute plano de respostas a mudan\u00e7as clim\u00e1ticas - eJornais\" \/>\n\t\t<meta property=\"og:description\" content=\"Por MRNews Bras\u00edlia sedia, at\u00e9 a pr\u00f3xima quinta-feira (31), a Confer\u00eancia Global sobre Clima e Sa\u00fade, com foco na constru\u00e7\u00e3o de pol\u00edticas de adapta\u00e7\u00e3o do setor em meio aos efeitos das mudan\u00e7as clim\u00e1ticas. Durante a sess\u00e3o de abertura do encontro, nesta ter\u00e7a-feira (29), o ministro da Sa\u00fade, Alexandre Padilha, defendeu \u201cmobiliza\u00e7\u00e3o para transforma\u00e7\u00e3o\u201d. \u201cPrecisamos realizar\" \/>\n\t\t<meta property=\"og:url\" content=\"https:\/\/ejornais.com.br\/index.php\/2025\/07\/29\/saude-discute-plano-de-respostas-a-mudancas-climaticas\/\" \/>\n\t\t<meta property=\"article:published_time\" content=\"2025-07-29T19:06:50+00:00\" \/>\n\t\t<meta property=\"article:modified_time\" content=\"2025-07-29T19:06:50+00:00\" \/>\n\t\t<meta name=\"twitter:card\" content=\"summary_large_image\" \/>\n\t\t<meta name=\"twitter:title\" content=\"Sa\u00fade discute plano de respostas a mudan\u00e7as clim\u00e1ticas - eJornais\" \/>\n\t\t<meta name=\"twitter:description\" content=\"Por MRNews Bras\u00edlia sedia, at\u00e9 a pr\u00f3xima quinta-feira (31), a Confer\u00eancia Global sobre Clima e Sa\u00fade, com foco na constru\u00e7\u00e3o de pol\u00edticas de adapta\u00e7\u00e3o do setor em meio aos efeitos das mudan\u00e7as clim\u00e1ticas. Durante a sess\u00e3o de abertura do encontro, nesta ter\u00e7a-feira (29), o ministro da Sa\u00fade, Alexandre Padilha, defendeu \u201cmobiliza\u00e7\u00e3o para transforma\u00e7\u00e3o\u201d. \u201cPrecisamos realizar\" \/>\n\t\t<script type=\"application\/ld+json\" class=\"aioseo-schema\">\n\t\t\t{\"@context\":\"https:\\\/\\\/schema.org\",\"@graph\":[{\"@type\":\"BlogPosting\",\"@id\":\"https:\\\/\\\/ejornais.com.br\\\/index.php\\\/2025\\\/07\\\/29\\\/saude-discute-plano-de-respostas-a-mudancas-climaticas\\\/#blogposting\",\"name\":\"Sa\\u00fade discute plano de respostas a mudan\\u00e7as clim\\u00e1ticas - eJornais\",\"headline\":\"Sa\\u00fade discute plano de respostas a mudan\\u00e7as clim\\u00e1ticas\",\"author\":{\"@id\":\"https:\\\/\\\/ejornais.com.br\\\/index.php\\\/author\\\/admin1\\\/#author\"},\"publisher\":{\"@id\":\"https:\\\/\\\/ejornais.com.br\\\/#organization\"},\"datePublished\":\"2025-07-29T16:06:50-03:00\",\"dateModified\":\"2025-07-29T16:06:50-03:00\",\"inLanguage\":\"pt-BR\",\"mainEntityOfPage\":{\"@id\":\"https:\\\/\\\/ejornais.com.br\\\/index.php\\\/2025\\\/07\\\/29\\\/saude-discute-plano-de-respostas-a-mudancas-climaticas\\\/#webpage\"},\"isPartOf\":{\"@id\":\"https:\\\/\\\/ejornais.com.br\\\/index.php\\\/2025\\\/07\\\/29\\\/saude-discute-plano-de-respostas-a-mudancas-climaticas\\\/#webpage\"},\"articleSection\":\"Cat\\u00e1logo de Jornais\"},{\"@type\":\"BreadcrumbList\",\"@id\":\"https:\\\/\\\/ejornais.com.br\\\/index.php\\\/2025\\\/07\\\/29\\\/saude-discute-plano-de-respostas-a-mudancas-climaticas\\\/#breadcrumblist\",\"itemListElement\":[{\"@type\":\"ListItem\",\"@id\":\"https:\\\/\\\/ejornais.com.br#listItem\",\"position\":1,\"name\":\"In\\u00edcio\",\"item\":\"https:\\\/\\\/ejornais.com.br\",\"nextItem\":{\"@type\":\"ListItem\",\"@id\":\"https:\\\/\\\/ejornais.com.br\\\/index.php\\\/category\\\/ejornais\\\/#listItem\",\"name\":\"Cat\\u00e1logo de Jornais\"}},{\"@type\":\"ListItem\",\"@id\":\"https:\\\/\\\/ejornais.com.br\\\/index.php\\\/category\\\/ejornais\\\/#listItem\",\"position\":2,\"name\":\"Cat\\u00e1logo de Jornais\",\"item\":\"https:\\\/\\\/ejornais.com.br\\\/index.php\\\/category\\\/ejornais\\\/\",\"nextItem\":{\"@type\":\"ListItem\",\"@id\":\"https:\\\/\\\/ejornais.com.br\\\/index.php\\\/2025\\\/07\\\/29\\\/saude-discute-plano-de-respostas-a-mudancas-climaticas\\\/#listItem\",\"name\":\"Sa\\u00fade discute plano de respostas a mudan\\u00e7as clim\\u00e1ticas\"},\"previousItem\":{\"@type\":\"ListItem\",\"@id\":\"https:\\\/\\\/ejornais.com.br#listItem\",\"name\":\"In\\u00edcio\"}},{\"@type\":\"ListItem\",\"@id\":\"https:\\\/\\\/ejornais.com.br\\\/index.php\\\/2025\\\/07\\\/29\\\/saude-discute-plano-de-respostas-a-mudancas-climaticas\\\/#listItem\",\"position\":3,\"name\":\"Sa\\u00fade discute plano de respostas a mudan\\u00e7as clim\\u00e1ticas\",\"previousItem\":{\"@type\":\"ListItem\",\"@id\":\"https:\\\/\\\/ejornais.com.br\\\/index.php\\\/category\\\/ejornais\\\/#listItem\",\"name\":\"Cat\\u00e1logo de Jornais\"}}]},{\"@type\":\"Organization\",\"@id\":\"https:\\\/\\\/ejornais.com.br\\\/#organization\",\"name\":\"eJornais\",\"description\":\"Cat\\u00e1logo de Jornais no mundo, Not\\u00edcias, Blog e Esportes ao vivo\",\"url\":\"https:\\\/\\\/ejornais.com.br\\\/\"},{\"@type\":\"Person\",\"@id\":\"https:\\\/\\\/ejornais.com.br\\\/index.php\\\/author\\\/admin1\\\/#author\",\"url\":\"https:\\\/\\\/ejornais.com.br\\\/index.php\\\/author\\\/admin1\\\/\",\"name\":\"admin1\",\"image\":{\"@type\":\"ImageObject\",\"@id\":\"https:\\\/\\\/ejornais.com.br\\\/index.php\\\/2025\\\/07\\\/29\\\/saude-discute-plano-de-respostas-a-mudancas-climaticas\\\/#authorImage\",\"url\":\"https:\\\/\\\/secure.gravatar.com\\\/avatar\\\/04084e6d73c042b8646e7c17b494073bf0ede3ea13c7105cfc45cbbbc28385a4?s=96&d=mm&r=g\",\"width\":96,\"height\":96,\"caption\":\"admin1\"}},{\"@type\":\"WebPage\",\"@id\":\"https:\\\/\\\/ejornais.com.br\\\/index.php\\\/2025\\\/07\\\/29\\\/saude-discute-plano-de-respostas-a-mudancas-climaticas\\\/#webpage\",\"url\":\"https:\\\/\\\/ejornais.com.br\\\/index.php\\\/2025\\\/07\\\/29\\\/saude-discute-plano-de-respostas-a-mudancas-climaticas\\\/\",\"name\":\"Sa\\u00fade discute plano de respostas a mudan\\u00e7as clim\\u00e1ticas - eJornais\",\"description\":\"Por MRNews Bras\\u00edlia sedia, at\\u00e9 a pr\\u00f3xima quinta-feira (31), a Confer\\u00eancia Global sobre Clima e Sa\\u00fade, com foco na constru\\u00e7\\u00e3o de pol\\u00edticas de adapta\\u00e7\\u00e3o do setor em meio aos efeitos das mudan\\u00e7as clim\\u00e1ticas. Durante a sess\\u00e3o de abertura do encontro, nesta ter\\u00e7a-feira (29), o ministro da Sa\\u00fade, Alexandre Padilha, defendeu \\u201cmobiliza\\u00e7\\u00e3o para transforma\\u00e7\\u00e3o\\u201d. \\u201cPrecisamos realizar\",\"inLanguage\":\"pt-BR\",\"isPartOf\":{\"@id\":\"https:\\\/\\\/ejornais.com.br\\\/#website\"},\"breadcrumb\":{\"@id\":\"https:\\\/\\\/ejornais.com.br\\\/index.php\\\/2025\\\/07\\\/29\\\/saude-discute-plano-de-respostas-a-mudancas-climaticas\\\/#breadcrumblist\"},\"author\":{\"@id\":\"https:\\\/\\\/ejornais.com.br\\\/index.php\\\/author\\\/admin1\\\/#author\"},\"creator\":{\"@id\":\"https:\\\/\\\/ejornais.com.br\\\/index.php\\\/author\\\/admin1\\\/#author\"},\"datePublished\":\"2025-07-29T16:06:50-03:00\",\"dateModified\":\"2025-07-29T16:06:50-03:00\"},{\"@type\":\"WebSite\",\"@id\":\"https:\\\/\\\/ejornais.com.br\\\/#website\",\"url\":\"https:\\\/\\\/ejornais.com.br\\\/\",\"name\":\"eJornais\",\"description\":\"Cat\\u00e1logo de Jornais no mundo, Not\\u00edcias, Blog e Esportes ao vivo\",\"inLanguage\":\"pt-BR\",\"publisher\":{\"@id\":\"https:\\\/\\\/ejornais.com.br\\\/#organization\"}}]}\n\t\t<\/script>\n\t\t<!-- All in One SEO -->\n\n","aioseo_head_json":{"title":"Sa\u00fade discute plano de respostas a mudan\u00e7as clim\u00e1ticas - eJornais","description":"Por MRNews Bras\u00edlia sedia, at\u00e9 a pr\u00f3xima quinta-feira (31), a Confer\u00eancia Global sobre Clima e Sa\u00fade, com foco na constru\u00e7\u00e3o de pol\u00edticas de adapta\u00e7\u00e3o do setor em meio aos efeitos das mudan\u00e7as clim\u00e1ticas. Durante a sess\u00e3o de abertura do encontro, nesta ter\u00e7a-feira (29), o ministro da Sa\u00fade, Alexandre Padilha, defendeu \u201cmobiliza\u00e7\u00e3o para transforma\u00e7\u00e3o\u201d. \u201cPrecisamos realizar","canonical_url":"https:\/\/ejornais.com.br\/index.php\/2025\/07\/29\/saude-discute-plano-de-respostas-a-mudancas-climaticas\/","robots":"max-image-preview:large","keywords":"","webmasterTools":{"miscellaneous":""},"schema":{"@context":"https:\/\/schema.org","@graph":[{"@type":"BlogPosting","@id":"https:\/\/ejornais.com.br\/index.php\/2025\/07\/29\/saude-discute-plano-de-respostas-a-mudancas-climaticas\/#blogposting","name":"Sa\u00fade discute plano de respostas a mudan\u00e7as clim\u00e1ticas - eJornais","headline":"Sa\u00fade discute plano de respostas a mudan\u00e7as clim\u00e1ticas","author":{"@id":"https:\/\/ejornais.com.br\/index.php\/author\/admin1\/#author"},"publisher":{"@id":"https:\/\/ejornais.com.br\/#organization"},"datePublished":"2025-07-29T16:06:50-03:00","dateModified":"2025-07-29T16:06:50-03:00","inLanguage":"pt-BR","mainEntityOfPage":{"@id":"https:\/\/ejornais.com.br\/index.php\/2025\/07\/29\/saude-discute-plano-de-respostas-a-mudancas-climaticas\/#webpage"},"isPartOf":{"@id":"https:\/\/ejornais.com.br\/index.php\/2025\/07\/29\/saude-discute-plano-de-respostas-a-mudancas-climaticas\/#webpage"},"articleSection":"Cat\u00e1logo de Jornais"},{"@type":"BreadcrumbList","@id":"https:\/\/ejornais.com.br\/index.php\/2025\/07\/29\/saude-discute-plano-de-respostas-a-mudancas-climaticas\/#breadcrumblist","itemListElement":[{"@type":"ListItem","@id":"https:\/\/ejornais.com.br#listItem","position":1,"name":"In\u00edcio","item":"https:\/\/ejornais.com.br","nextItem":{"@type":"ListItem","@id":"https:\/\/ejornais.com.br\/index.php\/category\/ejornais\/#listItem","name":"Cat\u00e1logo de Jornais"}},{"@type":"ListItem","@id":"https:\/\/ejornais.com.br\/index.php\/category\/ejornais\/#listItem","position":2,"name":"Cat\u00e1logo de Jornais","item":"https:\/\/ejornais.com.br\/index.php\/category\/ejornais\/","nextItem":{"@type":"ListItem","@id":"https:\/\/ejornais.com.br\/index.php\/2025\/07\/29\/saude-discute-plano-de-respostas-a-mudancas-climaticas\/#listItem","name":"Sa\u00fade discute plano de respostas a mudan\u00e7as clim\u00e1ticas"},"previousItem":{"@type":"ListItem","@id":"https:\/\/ejornais.com.br#listItem","name":"In\u00edcio"}},{"@type":"ListItem","@id":"https:\/\/ejornais.com.br\/index.php\/2025\/07\/29\/saude-discute-plano-de-respostas-a-mudancas-climaticas\/#listItem","position":3,"name":"Sa\u00fade discute plano de respostas a mudan\u00e7as clim\u00e1ticas","previousItem":{"@type":"ListItem","@id":"https:\/\/ejornais.com.br\/index.php\/category\/ejornais\/#listItem","name":"Cat\u00e1logo de Jornais"}}]},{"@type":"Organization","@id":"https:\/\/ejornais.com.br\/#organization","name":"eJornais","description":"Cat\u00e1logo de Jornais no mundo, Not\u00edcias, Blog e Esportes ao vivo","url":"https:\/\/ejornais.com.br\/"},{"@type":"Person","@id":"https:\/\/ejornais.com.br\/index.php\/author\/admin1\/#author","url":"https:\/\/ejornais.com.br\/index.php\/author\/admin1\/","name":"admin1","image":{"@type":"ImageObject","@id":"https:\/\/ejornais.com.br\/index.php\/2025\/07\/29\/saude-discute-plano-de-respostas-a-mudancas-climaticas\/#authorImage","url":"https:\/\/secure.gravatar.com\/avatar\/04084e6d73c042b8646e7c17b494073bf0ede3ea13c7105cfc45cbbbc28385a4?s=96&d=mm&r=g","width":96,"height":96,"caption":"admin1"}},{"@type":"WebPage","@id":"https:\/\/ejornais.com.br\/index.php\/2025\/07\/29\/saude-discute-plano-de-respostas-a-mudancas-climaticas\/#webpage","url":"https:\/\/ejornais.com.br\/index.php\/2025\/07\/29\/saude-discute-plano-de-respostas-a-mudancas-climaticas\/","name":"Sa\u00fade discute plano de respostas a mudan\u00e7as clim\u00e1ticas - eJornais","description":"Por MRNews Bras\u00edlia sedia, at\u00e9 a pr\u00f3xima quinta-feira (31), a Confer\u00eancia Global sobre Clima e Sa\u00fade, com foco na constru\u00e7\u00e3o de pol\u00edticas de adapta\u00e7\u00e3o do setor em meio aos efeitos das mudan\u00e7as clim\u00e1ticas. Durante a sess\u00e3o de abertura do encontro, nesta ter\u00e7a-feira (29), o ministro da Sa\u00fade, Alexandre Padilha, defendeu \u201cmobiliza\u00e7\u00e3o para transforma\u00e7\u00e3o\u201d. \u201cPrecisamos realizar","inLanguage":"pt-BR","isPartOf":{"@id":"https:\/\/ejornais.com.br\/#website"},"breadcrumb":{"@id":"https:\/\/ejornais.com.br\/index.php\/2025\/07\/29\/saude-discute-plano-de-respostas-a-mudancas-climaticas\/#breadcrumblist"},"author":{"@id":"https:\/\/ejornais.com.br\/index.php\/author\/admin1\/#author"},"creator":{"@id":"https:\/\/ejornais.com.br\/index.php\/author\/admin1\/#author"},"datePublished":"2025-07-29T16:06:50-03:00","dateModified":"2025-07-29T16:06:50-03:00"},{"@type":"WebSite","@id":"https:\/\/ejornais.com.br\/#website","url":"https:\/\/ejornais.com.br\/","name":"eJornais","description":"Cat\u00e1logo de Jornais no mundo, Not\u00edcias, Blog e Esportes ao vivo","inLanguage":"pt-BR","publisher":{"@id":"https:\/\/ejornais.com.br\/#organization"}}]},"og:locale":"pt_BR","og:site_name":"eJornais - Cat\u00e1logo de Jornais no mundo, Not\u00edcias, Blog e Esportes ao vivo","og:type":"article","og:title":"Sa\u00fade discute plano de respostas a mudan\u00e7as clim\u00e1ticas - eJornais","og:description":"Por MRNews Bras\u00edlia sedia, at\u00e9 a pr\u00f3xima quinta-feira (31), a Confer\u00eancia Global sobre Clima e Sa\u00fade, com foco na constru\u00e7\u00e3o de pol\u00edticas de adapta\u00e7\u00e3o do setor em meio aos efeitos das mudan\u00e7as clim\u00e1ticas. Durante a sess\u00e3o de abertura do encontro, nesta ter\u00e7a-feira (29), o ministro da Sa\u00fade, Alexandre Padilha, defendeu \u201cmobiliza\u00e7\u00e3o para transforma\u00e7\u00e3o\u201d. \u201cPrecisamos realizar","og:url":"https:\/\/ejornais.com.br\/index.php\/2025\/07\/29\/saude-discute-plano-de-respostas-a-mudancas-climaticas\/","article:published_time":"2025-07-29T19:06:50+00:00","article:modified_time":"2025-07-29T19:06:50+00:00","twitter:card":"summary_large_image","twitter:title":"Sa\u00fade discute plano de respostas a mudan\u00e7as clim\u00e1ticas - eJornais","twitter:description":"Por MRNews Bras\u00edlia sedia, at\u00e9 a pr\u00f3xima quinta-feira (31), a Confer\u00eancia Global sobre Clima e Sa\u00fade, com foco na constru\u00e7\u00e3o de pol\u00edticas de adapta\u00e7\u00e3o do setor em meio aos efeitos das mudan\u00e7as clim\u00e1ticas. Durante a sess\u00e3o de abertura do encontro, nesta ter\u00e7a-feira (29), o ministro da Sa\u00fade, Alexandre Padilha, defendeu \u201cmobiliza\u00e7\u00e3o para transforma\u00e7\u00e3o\u201d. \u201cPrecisamos realizar"},"aioseo_meta_data":{"post_id":"49517","title":null,"description":null,"keywords":null,"keyphrases":null,"primary_term":null,"canonical_url":null,"og_title":null,"og_description":null,"og_object_type":"default","og_image_type":"default","og_image_url":null,"og_image_width":null,"og_image_height":null,"og_image_custom_url":null,"og_image_custom_fields":null,"og_video":null,"og_custom_url":null,"og_article_section":null,"og_article_tags":null,"twitter_use_og":false,"twitter_card":"default","twitter_image_type":"default","twitter_image_url":null,"twitter_image_custom_url":null,"twitter_image_custom_fields":null,"twitter_title":null,"twitter_description":null,"schema":{"blockGraphs":[],"customGraphs":[],"default":{"data":{"Article":[],"Course":[],"Dataset":[],"FAQPage":[],"Movie":[],"Person":[],"Product":[],"ProductReview":[],"Car":[],"Recipe":[],"Service":[],"SoftwareApplication":[],"WebPage":[]},"graphName":"","isEnabled":true},"graphs":[]},"schema_type":"default","schema_type_options":null,"pillar_content":false,"robots_default":true,"robots_noindex":false,"robots_noarchive":false,"robots_nosnippet":false,"robots_nofollow":false,"robots_noimageindex":false,"robots_noodp":false,"robots_notranslate":false,"robots_max_snippet":null,"robots_max_videopreview":null,"robots_max_imagepreview":"large","priority":null,"frequency":null,"local_seo":null,"breadcrumb_settings":null,"limit_modified_date":false,"ai":null,"created":"2025-07-29 19:22:19","updated":"2025-07-29 19:22:19","seo_analyzer_scan_date":null,"focus_keyword":null,"additional_keywords":null,"truseo_locale":null},"aioseo_breadcrumb":"<div class=\"aioseo-breadcrumbs\"><span class=\"aioseo-breadcrumb\">\n\t\t\t<a href=\"https:\/\/ejornais.com.br\" title=\"In\u00edcio\">In\u00edcio<\/a>\n\t\t<\/span><span class=\"aioseo-breadcrumb-separator\">&raquo;<\/span><span class=\"aioseo-breadcrumb\">\n\t\t\t<a href=\"https:\/\/ejornais.com.br\/index.php\/category\/ejornais\/\" title=\"Cat\u00e1logo de Jornais\">Cat\u00e1logo de Jornais<\/a>\n\t\t<\/span><span class=\"aioseo-breadcrumb-separator\">&raquo;<\/span><span class=\"aioseo-breadcrumb\">\n\t\t\tSa\u00fade discute plano de respostas a mudan\u00e7as clim\u00e1ticas\n\t\t<\/span><\/div>","aioseo_breadcrumb_json":[{"label":"In\u00edcio","link":"https:\/\/ejornais.com.br"},{"label":"Cat\u00e1logo de Jornais","link":"https:\/\/ejornais.com.br\/index.php\/category\/ejornais\/"},{"label":"Sa\u00fade discute plano de respostas a mudan\u00e7as clim\u00e1ticas","link":"https:\/\/ejornais.com.br\/index.php\/2025\/07\/29\/saude-discute-plano-de-respostas-a-mudancas-climaticas\/"}],"amp_enabled":true,"_links":{"self":[{"href":"https:\/\/ejornais.com.br\/index.php\/wp-json\/wp\/v2\/posts\/49517","targetHints":{"allow":["GET"]}}],"collection":[{"href":"https:\/\/ejornais.com.br\/index.php\/wp-json\/wp\/v2\/posts"}],"about":[{"href":"https:\/\/ejornais.com.br\/index.php\/wp-json\/wp\/v2\/types\/post"}],"author":[{"embeddable":true,"href":"https:\/\/ejornais.com.br\/index.php\/wp-json\/wp\/v2\/users\/2"}],"replies":[{"embeddable":true,"href":"https:\/\/ejornais.com.br\/index.php\/wp-json\/wp\/v2\/comments?post=49517"}],"version-history":[{"count":0,"href":"https:\/\/ejornais.com.br\/index.php\/wp-json\/wp\/v2\/posts\/49517\/revisions"}],"wp:attachment":[{"href":"https:\/\/ejornais.com.br\/index.php\/wp-json\/wp\/v2\/media?parent=49517"}],"wp:term":[{"taxonomy":"category","embeddable":true,"href":"https:\/\/ejornais.com.br\/index.php\/wp-json\/wp\/v2\/categories?post=49517"},{"taxonomy":"post_tag","embeddable":true,"href":"https:\/\/ejornais.com.br\/index.php\/wp-json\/wp\/v2\/tags?post=49517"}],"curies":[{"name":"wp","href":"https:\/\/api.w.org\/{rel}","templated":true}]}}