{"id":49562,"date":"2025-07-30T10:59:55","date_gmt":"2025-07-30T13:59:55","guid":{"rendered":"https:\/\/ejornais.com.br\/index.php\/2025\/07\/30\/agencia-minas-gerais-governo-de-minas-inicia-campanha-agosto-dourado-para-incentivar-amamentacao\/"},"modified":"2025-07-30T10:59:55","modified_gmt":"2025-07-30T13:59:55","slug":"agencia-minas-gerais-governo-de-minas-inicia-campanha-agosto-dourado-para-incentivar-amamentacao","status":"publish","type":"post","link":"https:\/\/ejornais.com.br\/index.php\/2025\/07\/30\/agencia-minas-gerais-governo-de-minas-inicia-campanha-agosto-dourado-para-incentivar-amamentacao\/","title":{"rendered":"Ag\u00eancia Minas Gerais | Governo de Minas inicia campanha Agosto Dourado para incentivar amamenta\u00e7\u00e3o"},"content":{"rendered":"<p><\/p>\n<div>\n<section class=\"news-related \/ col-md-4 col-lg-3 \/ margin-md-bottom-2 margin-left-1 \/ pull-right \/ hidden-xs hidden-sm\">\n<header>\n<p class=\"text-title-section \/ margin-bottom-1\">Relacionadas<\/p>\n<\/header>\n<p>\t\t\t\t\t\t\t<main><\/p>\n<hr class=\"row margin-md-bottom-2\"\/>\n\t\t\t\t\t\t\t<\/main><br \/>\n\t\t\t\t\t\t<\/section>\n<p>A pequena Esther acabou de completar 1 ano de idade esbanjando sa\u00fade, ap\u00f3s ter nascido prematura, em agosto de 2024, na Maternidade Odete Valadares (MOV), da Funda\u00e7\u00e3o Hospitalar do Estado de Minas Gerais (Fhemig), em Belo Horizonte.<\/p>\n<p>A m\u00e3e Edna Aparecida Gomes deu \u00e0 luz prematuramente devido a um epis\u00f3dio de pr\u00e9-ecl\u00e2mpsia e, por isso, Esther ficou internada na Unidade de Tratamento Intensivo (UTI) durante v\u00e1rios dias. Mesmo passando por um momento dif\u00edcil, Edna, que tamb\u00e9m passou por uma interna\u00e7\u00e3o, n\u00e3o mediu esfor\u00e7os para que Esther tivesse acesso ao melhor alimento poss\u00edvel para ela: o leite materno. Deu t\u00e3o certo que o aleitamento segue firme at\u00e9 hoje.<\/p>\n<p>Edna recorda do apoio incondicional que recebeu das profissionais da MOV para poder amamentar.\u00a0&#8220;Desde o primeiro dia que eu estava na UTI, j\u00e1 recebi todas as orienta\u00e7\u00f5es poss\u00edveis sobre a amamenta\u00e7\u00e3o e sua import\u00e2ncia, limpeza das mamas, massagens, al\u00e9m de ter tido todo apoio psicol\u00f3gico, j\u00e1 que estava muito abalada emocionalmente&#8221;, conta ela.\u00a0<\/p>\n<p>Nos primeiros dias, Esther foi alimentada com o leite doado do Banco de Leite Humano, que \u00e9 refer\u00eancia no apoio e promo\u00e7\u00e3o do aleitamento materno. Para Edna, todo o esfor\u00e7o valeu a pena. &#8220;N\u00e3o foi f\u00e1cil,\u00a0o in\u00edcio da amamenta\u00e7\u00e3o da Esther foi em meio a l\u00e1grimas e dores, mas hoje me sinto grata porque vencemos&#8221;.<\/p>\n<p>A aut\u00f4noma acredita que o aleitamento materno foi fundamental para a evolu\u00e7\u00e3o de Esther. &#8220;Hoje j\u00e1 foram inclu\u00eddos outros alimentos nas refei\u00e7\u00f5es dela, mas a amamenta\u00e7\u00e3o ainda \u00e9 sagrada para o desenvolvimento, al\u00e9m de ser um momento de uni\u00e3o, de carinho, de aten\u00e7\u00e3o entre m\u00e3e e filha. Fico muito feliz em ter conseguido, em ter superado tudo e poder amamentar a minha filha at\u00e9 hoje&#8221;, finaliza.\u00a0\u00a0<\/p>\n<p><strong>Agosto Dourado<\/strong><\/p>\n<p>O m\u00eas de conscientiza\u00e7\u00e3o sobre a import\u00e2ncia do aleitamento materno j\u00e1 faz parte do calend\u00e1rio de a\u00e7\u00f5es das maternidades da Fhemig \u2014\u00a0MOV e Hospital J\u00falia Kubitschek (HJK), em Belo Horizonte, e Hospital Regional Jo\u00e3o Penido (HRJP), em Juiz de Fora \u2014 que, neste per\u00edodo, intensificam as atividades relacionadas ao est\u00edmulo, apoio, promo\u00e7\u00e3o e prote\u00e7\u00e3o \u00e0 amamenta\u00e7\u00e3o. Todas essas unidades s\u00e3o certificadas como hospitais &#8220;Amigo da Crian\u00e7a&#8221;\u00a0pelo Minist\u00e9rio da Sa\u00fade.<\/p>\n<p>O tema da campanha em 2025 \u00e9 &#8220;Priorize a Amamenta\u00e7\u00e3o: Crie Sistemas de Apoio Sustent\u00e1veis&#8221;, com o objetivo de refor\u00e7ar a import\u00e2ncia do aleitamento materno, n\u00e3o apenas como um ato de cuidado individual entre m\u00e3e e beb\u00ea, mas como uma pr\u00e1tica que exige o envolvimento e o compromisso coletivo da sociedade.<br \/>&#13;<br \/>\n\u00a0<\/p>\n<table align=\"center\" border=\"0\" cellpadding=\"1\" cellspacing=\"1\" style=\"width: 100%;\">&#13;<\/p>\n<tbody>&#13;<\/p>\n<tr>&#13;<\/p>\n<td colspan=\"5\" style=\"text-align: center; vertical-align: middle;\">&#13;<\/p>\n<p style=\"text-align:center\">\n<p>&#13;\n\t\t\t<\/td>\n<p>&#13;<br \/>\n\t\t<\/tr>\n<p>&#13;<\/p>\n<tr>&#13;<\/p>\n<td style=\"text-align: center; vertical-align: middle;\">\u00a0<\/td>\n<p>&#13;<\/p>\n<td colspan=\"3\" rowspan=\"3\" style=\"text-align: center; vertical-align: middle;\">&#13;<br \/>\n\t\t\t&#13;\n\t\t\t<\/td>\n<p>&#13;<\/p>\n<td style=\"text-align: center; vertical-align: middle;\">\u00a0<\/td>\n<p>&#13;<br \/>\n\t\t<\/tr>\n<p>&#13;<\/p>\n<tr>&#13;<\/p>\n<td style=\"text-align: center; vertical-align: middle;\">\u00a0<\/td>\n<p>&#13;<\/p>\n<td style=\"text-align: center; vertical-align: middle;\">\u00a0<\/td>\n<p>&#13;<br \/>\n\t\t<\/tr>\n<p>&#13;<\/p>\n<tr>&#13;<\/p>\n<td style=\"text-align: center; vertical-align: middle;\">\u00a0<\/td>\n<p>&#13;<\/p>\n<td style=\"text-align: center; vertical-align: middle;\">\u00a0<\/td>\n<p>&#13;<br \/>\n\t\t<\/tr>\n<p>&#13;<\/p>\n<tr>&#13;<\/p>\n<td colspan=\"5\" style=\"text-align: center; vertical-align: middle;\">&#13;<\/p>\n<p style=\"text-align:center\">\n<p>&#13;\n\t\t\t<\/td>\n<p>&#13;<br \/>\n\t\t<\/tr>\n<p>&#13;<br \/>\n\t<\/tbody>\n<p>&#13;<br \/>\n<\/table>\n<p>\u00a0<\/p>\n<p>Como parte da Campanha Agosto Dourado, a\u00a0MOV\u00a0promoveu, nesta quarta-feira (30\/7), o curso Beb\u00ea a Bordo, voltado para casais gr\u00e1vidos. A iniciativa ofereceu orienta\u00e7\u00f5es sobre amamenta\u00e7\u00e3o, parto e cuidados com o rec\u00e9m-nascido, refor\u00e7ando a import\u00e2ncia do aleitamento materno para a sa\u00fade do beb\u00ea e da m\u00e3e.\u00a0<\/p>\n<p>\u00a0<\/p>\n<blockquote><p>&#13;<\/p>\n<p><strong>Leite materno: o alimento ouro<\/strong><\/p>\n<p>&#13;<br \/>\n&#13;<\/p>\n<p>O leite materno \u00e9 um alimento completo. Isso significa que, at\u00e9 os 6 meses de idade, o beb\u00ea n\u00e3o precisa de nenhum outro alimento (ch\u00e1, suco, \u00e1gua ou outro leite). O leite materno\u00a0\u00e9 de mais f\u00e1cil digest\u00e3o do que qualquer outro leite e funciona como uma vacina\u00a0pois \u00e9 rico em anticorpos, protegendo a crian\u00e7a de muitas doen\u00e7as, como diarreia, infec\u00e7\u00f5es respirat\u00f3rias, alergias, al\u00e9m de diminuir o risco de hipertens\u00e3o, colesterol alto, diabetes e obesidade.\u00a0<\/p>\n<p>&#13;<br \/>\n&#13;<\/p>\n<p>A amamenta\u00e7\u00e3o favorece um contato mais \u00edntimo entre a m\u00e3e e o beb\u00ea. Sugar o peito \u00e9 um excelente exerc\u00edcio para o desenvolvimento da face da crian\u00e7a, ajuda a ter dentes bonitos, a desenvolver a fala e a ter uma boa respira\u00e7\u00e3o.<\/p>\n<p>&#13;\n<\/p><\/blockquote>\n<p>\u00a0<br \/>&#13;<br \/>\nA coordenadora da maternidade do Hospital J\u00falia Kubitschek, Ana Paula dos Santos Marques, enumera a\u00e7\u00f5es que s\u00e3o essenciais no apoio \u00e0 amamenta\u00e7\u00e3o, como oferecer acolhimento, garantir um ambiente calmo e seguro para o aleitamento, al\u00e9m de ouvir a m\u00e3e com empatia e sem julgamentos, fortalecendo a confian\u00e7a. &#8220;A amamenta\u00e7\u00e3o \u00e9 um ato natural, mas nem sempre f\u00e1cil, e por isso o apoio constante faz toda a diferen\u00e7a&#8221;, diz.<\/p>\n<p><strong>Teletrabalho para servidoras lactantes\u00a0<\/strong><\/p>\n<p>O Governo de Minas, por meio, da Secretaria de Estado de Planejamento e Gest\u00e3o de Minas Gerais (Seplag), publicou, no dia 9\/7, uma resolu\u00e7\u00e3o que que garante a possibilidade da realiza\u00e7\u00e3o de teletrabalho para as servidoras lactantes com fun\u00e7\u00f5es laborais compat\u00edveis com esta modalidade.\u00a0<\/p>\n<p>A medida contempla servidoras no per\u00edodo entre o fim da licen\u00e7a-maternidade e at\u00e9 os 24 meses do beb\u00ea, legitimando o direito de amamentar adequadamente e reconhecendo que a flexibilidade no trabalho \u00e9 essencial para garantir sa\u00fade, bem-estar e v\u00ednculo materno-infantil.<\/p>\n<p>O decreto representa um avan\u00e7o real e sustent\u00e1vel na forma como se organiza o servi\u00e7o p\u00fablico em Minas Gerais, beneficiando diretamente as servidoras, as fam\u00edlias e, indiretamente, toda a sociedade.<\/p>\n<\/p><\/div>\n","protected":false},"excerpt":{"rendered":"<p>Relacionadas A pequena Esther acabou de completar 1 ano de idade esbanjando sa\u00fade, ap\u00f3s ter nascido prematura, em agosto de<\/p>\n","protected":false},"author":2,"featured_media":0,"comment_status":"","ping_status":"","sticky":false,"template":"","format":"standard","meta":{"colormag_page_container_layout":"default_layout","colormag_page_sidebar_layout":"default_layout","footnotes":""},"categories":[1],"tags":[],"class_list":["post-49562","post","type-post","status-publish","format-standard","hentry","category-ejornais"],"aioseo_notices":[],"amp_enabled":true,"_links":{"self":[{"href":"https:\/\/ejornais.com.br\/index.php\/wp-json\/wp\/v2\/posts\/49562","targetHints":{"allow":["GET"]}}],"collection":[{"href":"https:\/\/ejornais.com.br\/index.php\/wp-json\/wp\/v2\/posts"}],"about":[{"href":"https:\/\/ejornais.com.br\/index.php\/wp-json\/wp\/v2\/types\/post"}],"author":[{"embeddable":true,"href":"https:\/\/ejornais.com.br\/index.php\/wp-json\/wp\/v2\/users\/2"}],"replies":[{"embeddable":true,"href":"https:\/\/ejornais.com.br\/index.php\/wp-json\/wp\/v2\/comments?post=49562"}],"version-history":[{"count":0,"href":"https:\/\/ejornais.com.br\/index.php\/wp-json\/wp\/v2\/posts\/49562\/revisions"}],"wp:attachment":[{"href":"https:\/\/ejornais.com.br\/index.php\/wp-json\/wp\/v2\/media?parent=49562"}],"wp:term":[{"taxonomy":"category","embeddable":true,"href":"https:\/\/ejornais.com.br\/index.php\/wp-json\/wp\/v2\/categories?post=49562"},{"taxonomy":"post_tag","embeddable":true,"href":"https:\/\/ejornais.com.br\/index.php\/wp-json\/wp\/v2\/tags?post=49562"}],"curies":[{"name":"wp","href":"https:\/\/api.w.org\/{rel}","templated":true}]}}