{"id":49681,"date":"2025-08-01T09:11:44","date_gmt":"2025-08-01T12:11:44","guid":{"rendered":"https:\/\/ejornais.com.br\/index.php\/2025\/08\/01\/conselho-estadual-dos-direitos-da-mulher-elege-nova-vice-presidente-em-mato-grosso-do-sul-agencia-de-noticias-do-governo-de-mato-grosso-do-sul\/"},"modified":"2025-08-01T09:11:44","modified_gmt":"2025-08-01T12:11:44","slug":"conselho-estadual-dos-direitos-da-mulher-elege-nova-vice-presidente-em-mato-grosso-do-sul-agencia-de-noticias-do-governo-de-mato-grosso-do-sul","status":"publish","type":"post","link":"https:\/\/ejornais.com.br\/index.php\/2025\/08\/01\/conselho-estadual-dos-direitos-da-mulher-elege-nova-vice-presidente-em-mato-grosso-do-sul-agencia-de-noticias-do-governo-de-mato-grosso-do-sul\/","title":{"rendered":"Conselho Estadual dos Direitos da Mulher elege nova vice-presidente em Mato Grosso do Sul \u2013 Ag\u00eancia de Noticias do Governo de Mato Grosso do Sul"},"content":{"rendered":"<p><\/p>\n<div>\n<p><span style=\"font-weight: 400;\">Em elei\u00e7\u00e3o realizada no audit\u00f3rio da SEC (Secretaria de Estado da Cidadania), o Conselho Estadual dos Direitos da Mulher de Mato Grosso do Sul definiu a nova composi\u00e7\u00e3o da mesa diretora, com destaque para a elei\u00e7\u00e3o da vice-presidente do colegiado.<\/span><\/p>\n<p><span style=\"font-weight: 400;\">Com a substitui\u00e7\u00e3o da defensora p\u00fablica Zeliana Sabala da vice-presid\u00eancia, ap\u00f3s sua sa\u00edda da coordena\u00e7\u00e3o do Nudem (N\u00facleo Institucional de Promo\u00e7\u00e3o e Defesa dos Direitos da Mulher), o Conselho convocou novas elei\u00e7\u00f5es conforme prev\u00ea o regimento interno. O cargo, que deve ser ocupado por uma representante do Poder P\u00fablico, passou a ser exercido pela secret\u00e1ria-adjunta da Segov (Secretaria de Estado de Governo e Gest\u00e3o Estrat\u00e9gica), Ana Carolina Nardes.<\/span><\/p>\n<p><span style=\"font-weight: 400;\">Ao assumir a vice-presid\u00eancia, Ana Carolina destacou a import\u00e2ncia de fortalecer o papel do Conselho dentro da estrutura do Governo. \u201cEntendo que qualquer conselheira representante do poder p\u00fablico teria condi\u00e7\u00f5es de ocupar esse cargo. Mas, estando hoje como secret\u00e1ria-adjunta da Segov, consigo acompanhar de forma transversal todas as pol\u00edticas p\u00fablicas implementadas no Estado e, assim, apoiar o Conselho em suas demandas junto \u00e0s diversas pastas\u201d, explicou.<\/span><\/p>\n<figure id=\"attachment_517690\" aria-describedby=\"caption-attachment-517690\" style=\"width: 300px\" class=\"wp-caption alignright\"><figcaption id=\"caption-attachment-517690\" class=\"wp-caption-text\">Vice-presidente eleita, Ana Nardes, ao lado da secret\u00e1ria de Estado da Cidadania, Viviane Luiza.<\/figcaption><\/figure>\n<p><span style=\"font-weight: 400;\">Para ela, sua atua\u00e7\u00e3o permitir\u00e1 ainda maior articula\u00e7\u00e3o institucional. \u201cO Conselho recebe demandas da sociedade civil e tamb\u00e9m dos \u00f3rg\u00e3os p\u00fablicos. Estando na Segov, que tem uma ponte direta com os demais poderes, posso contribuir para que essas delibera\u00e7\u00f5es sejam encaminhadas e ganhem for\u00e7a dentro do Governo. Meu objetivo na vice-presid\u00eancia \u00e9 justamente esse: fortalecer o Conselho no di\u00e1logo institucional e no enfrentamento das desigualdades que ainda marcam a vida das mulheres sul-mato-grossenses.\u201d<\/span><\/p>\n<p><span style=\"font-weight: 400;\">Durante a cerim\u00f4nia, a secret\u00e1ria de Estado da Cidadania, Viviane Luiza, refor\u00e7ou o papel estrat\u00e9gico do Conselho Estadual na luta pelos direitos femininos.<\/span><\/p>\n<p><span style=\"font-weight: 400;\">\u201cO Conselho tem sido um espa\u00e7o essencial de constru\u00e7\u00e3o coletiva e escuta ativa, especialmente para as mulheres que enfrentam mais barreiras no acesso a pol\u00edticas p\u00fablicas, como as ind\u00edgenas, quilombolas e as que vivem no meio rural. O Governo do Estado acredita na for\u00e7a das institui\u00e7\u00f5es e na import\u00e2ncia de ampliar a participa\u00e7\u00e3o feminina nos processos decis\u00f3rios\u201d, afirmou.<\/span><\/p>\n<p><b>CEDM-MS<\/b><\/p>\n<figure id=\"attachment_517691\" aria-describedby=\"caption-attachment-517691\" style=\"width: 300px\" class=\"wp-caption alignleft\"><figcaption id=\"caption-attachment-517691\" class=\"wp-caption-text\">Membros do Conselho Estadual dos Direitos da Mulher de MS.<\/figcaption><\/figure>\n<p><span style=\"font-weight: 400;\">Criado em 1987, o Conselho Estadual dos Direitos da Mulher \u00e9 um \u00f3rg\u00e3o colegiado de car\u00e1ter deliberativo, com composi\u00e7\u00e3o parit\u00e1ria entre representantes do poder p\u00fablico estadual e da sociedade civil organizada. Atualmente, \u00e9 formado por 22 conselheiras titulares e suas respectivas suplentes.<\/span><\/p>\n<p><span style=\"font-weight: 400;\">Sua miss\u00e3o \u00e9 propor e fiscalizar pol\u00edticas p\u00fablicas voltadas \u00e0s mulheres, assegurando a participa\u00e7\u00e3o plena nos espa\u00e7os pol\u00edticos, sociais, econ\u00f4micos e culturais, contribuindo para a constru\u00e7\u00e3o de uma sociedade mais justa e igualit\u00e1ria.<\/span><\/p>\n<p><span style=\"font-weight: 400;\">O Conselho segue tendo como presidente Jamille Augusta Weiss Penteado de Freitas, representante da Marcha Mundial das Mulheres de MS.\u00a0<\/span><\/p>\n<p>\u00a0<\/p>\n<p><em>Paula Maciulevicius, Comunica\u00e7\u00e3o da Cidadania<\/em><\/p>\n<\/div>\n","protected":false},"excerpt":{"rendered":"<p>Em elei\u00e7\u00e3o realizada no audit\u00f3rio da SEC (Secretaria de Estado da Cidadania), o Conselho Estadual dos Direitos da Mulher de<\/p>\n","protected":false},"author":2,"featured_media":0,"comment_status":"","ping_status":"","sticky":false,"template":"","format":"standard","meta":{"colormag_page_container_layout":"default_layout","colormag_page_sidebar_layout":"default_layout","footnotes":""},"categories":[1],"tags":[],"class_list":["post-49681","post","type-post","status-publish","format-standard","hentry","category-ejornais"],"aioseo_notices":[],"aioseo_head":"\n\t\t<!-- All in One SEO 5.0.1.1 - aioseo.com -->\n\t<meta name=\"description\" content=\"Em elei\u00e7\u00e3o realizada no audit\u00f3rio da SEC (Secretaria de Estado da Cidadania), o Conselho Estadual dos Direitos da Mulher de Mato Grosso do Sul definiu a nova composi\u00e7\u00e3o da mesa diretora, com destaque para a elei\u00e7\u00e3o da vice-presidente do colegiado. Com a substitui\u00e7\u00e3o da defensora p\u00fablica Zeliana Sabala da vice-presid\u00eancia, ap\u00f3s sua sa\u00edda da coordena\u00e7\u00e3o\" \/>\n\t<meta name=\"robots\" content=\"max-image-preview:large\" \/>\n\t<meta name=\"author\" content=\"admin1\"\/>\n\t<link rel=\"canonical\" href=\"https:\/\/ejornais.com.br\/index.php\/2025\/08\/01\/conselho-estadual-dos-direitos-da-mulher-elege-nova-vice-presidente-em-mato-grosso-do-sul-agencia-de-noticias-do-governo-de-mato-grosso-do-sul\/\" \/>\n\t<meta name=\"generator\" content=\"All in One SEO (AIOSEO) 5.0.1.1\" \/>\n\t\t<meta property=\"og:locale\" content=\"pt_BR\" \/>\n\t\t<meta property=\"og:site_name\" content=\"eJornais - Cat\u00e1logo de Jornais no mundo, Not\u00edcias, Blog e Esportes ao vivo\" \/>\n\t\t<meta property=\"og:type\" content=\"article\" \/>\n\t\t<meta property=\"og:title\" content=\"Conselho Estadual dos Direitos da Mulher elege nova vice-presidente em Mato Grosso do Sul \u2013 Ag\u00eancia de Noticias do Governo de Mato Grosso do Sul - eJornais\" \/>\n\t\t<meta property=\"og:description\" content=\"Em elei\u00e7\u00e3o realizada no audit\u00f3rio da SEC (Secretaria de Estado da Cidadania), o Conselho Estadual dos Direitos da Mulher de Mato Grosso do Sul definiu a nova composi\u00e7\u00e3o da mesa diretora, com destaque para a elei\u00e7\u00e3o da vice-presidente do colegiado. Com a substitui\u00e7\u00e3o da defensora p\u00fablica Zeliana Sabala da vice-presid\u00eancia, ap\u00f3s sua sa\u00edda da coordena\u00e7\u00e3o\" \/>\n\t\t<meta property=\"og:url\" content=\"https:\/\/ejornais.com.br\/index.php\/2025\/08\/01\/conselho-estadual-dos-direitos-da-mulher-elege-nova-vice-presidente-em-mato-grosso-do-sul-agencia-de-noticias-do-governo-de-mato-grosso-do-sul\/\" \/>\n\t\t<meta property=\"article:published_time\" content=\"2025-08-01T12:11:44+00:00\" \/>\n\t\t<meta property=\"article:modified_time\" content=\"2025-08-01T12:11:44+00:00\" \/>\n\t\t<meta name=\"twitter:card\" content=\"summary_large_image\" \/>\n\t\t<meta name=\"twitter:title\" content=\"Conselho Estadual dos Direitos da Mulher elege nova vice-presidente em Mato Grosso do Sul \u2013 Ag\u00eancia de Noticias do Governo de Mato Grosso do Sul - eJornais\" \/>\n\t\t<meta name=\"twitter:description\" content=\"Em elei\u00e7\u00e3o realizada no audit\u00f3rio da SEC (Secretaria de Estado da Cidadania), o Conselho Estadual dos Direitos da Mulher de Mato Grosso do Sul definiu a nova composi\u00e7\u00e3o da mesa diretora, com destaque para a elei\u00e7\u00e3o da vice-presidente do colegiado. Com a substitui\u00e7\u00e3o da defensora p\u00fablica Zeliana Sabala da vice-presid\u00eancia, ap\u00f3s sua sa\u00edda da coordena\u00e7\u00e3o\" \/>\n\t\t<script type=\"application\/ld+json\" class=\"aioseo-schema\">\n\t\t\t{\"@context\":\"https:\\\/\\\/schema.org\",\"@graph\":[{\"@type\":\"BlogPosting\",\"@id\":\"https:\\\/\\\/ejornais.com.br\\\/index.php\\\/2025\\\/08\\\/01\\\/conselho-estadual-dos-direitos-da-mulher-elege-nova-vice-presidente-em-mato-grosso-do-sul-agencia-de-noticias-do-governo-de-mato-grosso-do-sul\\\/#blogposting\",\"name\":\"Conselho Estadual dos Direitos da Mulher elege nova vice-presidente em Mato Grosso do Sul \\u2013 Ag\\u00eancia de Noticias do Governo de Mato Grosso do Sul - eJornais\",\"headline\":\"Conselho Estadual dos Direitos da Mulher elege nova vice-presidente em Mato Grosso do Sul \\u2013 Ag\\u00eancia de Noticias do Governo de Mato Grosso do Sul\",\"author\":{\"@id\":\"https:\\\/\\\/ejornais.com.br\\\/index.php\\\/author\\\/admin1\\\/#author\"},\"publisher\":{\"@id\":\"https:\\\/\\\/ejornais.com.br\\\/#organization\"},\"datePublished\":\"2025-08-01T09:11:44-03:00\",\"dateModified\":\"2025-08-01T09:11:44-03:00\",\"inLanguage\":\"pt-BR\",\"mainEntityOfPage\":{\"@id\":\"https:\\\/\\\/ejornais.com.br\\\/index.php\\\/2025\\\/08\\\/01\\\/conselho-estadual-dos-direitos-da-mulher-elege-nova-vice-presidente-em-mato-grosso-do-sul-agencia-de-noticias-do-governo-de-mato-grosso-do-sul\\\/#webpage\"},\"isPartOf\":{\"@id\":\"https:\\\/\\\/ejornais.com.br\\\/index.php\\\/2025\\\/08\\\/01\\\/conselho-estadual-dos-direitos-da-mulher-elege-nova-vice-presidente-em-mato-grosso-do-sul-agencia-de-noticias-do-governo-de-mato-grosso-do-sul\\\/#webpage\"},\"articleSection\":\"Cat\\u00e1logo de Jornais\"},{\"@type\":\"BreadcrumbList\",\"@id\":\"https:\\\/\\\/ejornais.com.br\\\/index.php\\\/2025\\\/08\\\/01\\\/conselho-estadual-dos-direitos-da-mulher-elege-nova-vice-presidente-em-mato-grosso-do-sul-agencia-de-noticias-do-governo-de-mato-grosso-do-sul\\\/#breadcrumblist\",\"itemListElement\":[{\"@type\":\"ListItem\",\"@id\":\"https:\\\/\\\/ejornais.com.br#listItem\",\"position\":1,\"name\":\"In\\u00edcio\",\"item\":\"https:\\\/\\\/ejornais.com.br\",\"nextItem\":{\"@type\":\"ListItem\",\"@id\":\"https:\\\/\\\/ejornais.com.br\\\/index.php\\\/category\\\/ejornais\\\/#listItem\",\"name\":\"Cat\\u00e1logo de Jornais\"}},{\"@type\":\"ListItem\",\"@id\":\"https:\\\/\\\/ejornais.com.br\\\/index.php\\\/category\\\/ejornais\\\/#listItem\",\"position\":2,\"name\":\"Cat\\u00e1logo de Jornais\",\"item\":\"https:\\\/\\\/ejornais.com.br\\\/index.php\\\/category\\\/ejornais\\\/\",\"nextItem\":{\"@type\":\"ListItem\",\"@id\":\"https:\\\/\\\/ejornais.com.br\\\/index.php\\\/2025\\\/08\\\/01\\\/conselho-estadual-dos-direitos-da-mulher-elege-nova-vice-presidente-em-mato-grosso-do-sul-agencia-de-noticias-do-governo-de-mato-grosso-do-sul\\\/#listItem\",\"name\":\"Conselho Estadual dos Direitos da Mulher elege nova vice-presidente em Mato Grosso do Sul \\u2013 Ag\\u00eancia de Noticias do Governo de Mato Grosso do Sul\"},\"previousItem\":{\"@type\":\"ListItem\",\"@id\":\"https:\\\/\\\/ejornais.com.br#listItem\",\"name\":\"In\\u00edcio\"}},{\"@type\":\"ListItem\",\"@id\":\"https:\\\/\\\/ejornais.com.br\\\/index.php\\\/2025\\\/08\\\/01\\\/conselho-estadual-dos-direitos-da-mulher-elege-nova-vice-presidente-em-mato-grosso-do-sul-agencia-de-noticias-do-governo-de-mato-grosso-do-sul\\\/#listItem\",\"position\":3,\"name\":\"Conselho Estadual dos Direitos da Mulher elege nova vice-presidente em Mato Grosso do Sul \\u2013 Ag\\u00eancia de Noticias do Governo de Mato Grosso do Sul\",\"previousItem\":{\"@type\":\"ListItem\",\"@id\":\"https:\\\/\\\/ejornais.com.br\\\/index.php\\\/category\\\/ejornais\\\/#listItem\",\"name\":\"Cat\\u00e1logo de Jornais\"}}]},{\"@type\":\"Organization\",\"@id\":\"https:\\\/\\\/ejornais.com.br\\\/#organization\",\"name\":\"eJornais\",\"description\":\"Cat\\u00e1logo de Jornais no mundo, Not\\u00edcias, Blog e Esportes ao vivo\",\"url\":\"https:\\\/\\\/ejornais.com.br\\\/\"},{\"@type\":\"Person\",\"@id\":\"https:\\\/\\\/ejornais.com.br\\\/index.php\\\/author\\\/admin1\\\/#author\",\"url\":\"https:\\\/\\\/ejornais.com.br\\\/index.php\\\/author\\\/admin1\\\/\",\"name\":\"admin1\",\"image\":{\"@type\":\"ImageObject\",\"@id\":\"https:\\\/\\\/ejornais.com.br\\\/index.php\\\/2025\\\/08\\\/01\\\/conselho-estadual-dos-direitos-da-mulher-elege-nova-vice-presidente-em-mato-grosso-do-sul-agencia-de-noticias-do-governo-de-mato-grosso-do-sul\\\/#authorImage\",\"url\":\"https:\\\/\\\/secure.gravatar.com\\\/avatar\\\/04084e6d73c042b8646e7c17b494073bf0ede3ea13c7105cfc45cbbbc28385a4?s=96&d=mm&r=g\",\"width\":96,\"height\":96,\"caption\":\"admin1\"}},{\"@type\":\"WebPage\",\"@id\":\"https:\\\/\\\/ejornais.com.br\\\/index.php\\\/2025\\\/08\\\/01\\\/conselho-estadual-dos-direitos-da-mulher-elege-nova-vice-presidente-em-mato-grosso-do-sul-agencia-de-noticias-do-governo-de-mato-grosso-do-sul\\\/#webpage\",\"url\":\"https:\\\/\\\/ejornais.com.br\\\/index.php\\\/2025\\\/08\\\/01\\\/conselho-estadual-dos-direitos-da-mulher-elege-nova-vice-presidente-em-mato-grosso-do-sul-agencia-de-noticias-do-governo-de-mato-grosso-do-sul\\\/\",\"name\":\"Conselho Estadual dos Direitos da Mulher elege nova vice-presidente em Mato Grosso do Sul \\u2013 Ag\\u00eancia de Noticias do Governo de Mato Grosso do Sul - eJornais\",\"description\":\"Em elei\\u00e7\\u00e3o realizada no audit\\u00f3rio da SEC (Secretaria de Estado da Cidadania), o Conselho Estadual dos Direitos da Mulher de Mato Grosso do Sul definiu a nova composi\\u00e7\\u00e3o da mesa diretora, com destaque para a elei\\u00e7\\u00e3o da vice-presidente do colegiado. Com a substitui\\u00e7\\u00e3o da defensora p\\u00fablica Zeliana Sabala da vice-presid\\u00eancia, ap\\u00f3s sua sa\\u00edda da coordena\\u00e7\\u00e3o\",\"inLanguage\":\"pt-BR\",\"isPartOf\":{\"@id\":\"https:\\\/\\\/ejornais.com.br\\\/#website\"},\"breadcrumb\":{\"@id\":\"https:\\\/\\\/ejornais.com.br\\\/index.php\\\/2025\\\/08\\\/01\\\/conselho-estadual-dos-direitos-da-mulher-elege-nova-vice-presidente-em-mato-grosso-do-sul-agencia-de-noticias-do-governo-de-mato-grosso-do-sul\\\/#breadcrumblist\"},\"author\":{\"@id\":\"https:\\\/\\\/ejornais.com.br\\\/index.php\\\/author\\\/admin1\\\/#author\"},\"creator\":{\"@id\":\"https:\\\/\\\/ejornais.com.br\\\/index.php\\\/author\\\/admin1\\\/#author\"},\"datePublished\":\"2025-08-01T09:11:44-03:00\",\"dateModified\":\"2025-08-01T09:11:44-03:00\"},{\"@type\":\"WebSite\",\"@id\":\"https:\\\/\\\/ejornais.com.br\\\/#website\",\"url\":\"https:\\\/\\\/ejornais.com.br\\\/\",\"name\":\"eJornais\",\"description\":\"Cat\\u00e1logo de Jornais no mundo, Not\\u00edcias, Blog e Esportes ao vivo\",\"inLanguage\":\"pt-BR\",\"publisher\":{\"@id\":\"https:\\\/\\\/ejornais.com.br\\\/#organization\"}}]}\n\t\t<\/script>\n\t\t<!-- All in One SEO -->\n\n","aioseo_head_json":{"title":"Conselho Estadual dos Direitos da Mulher elege nova vice-presidente em Mato Grosso do Sul \u2013 Ag\u00eancia de Noticias do Governo de Mato Grosso do Sul - eJornais","description":"Em elei\u00e7\u00e3o realizada no audit\u00f3rio da SEC (Secretaria de Estado da Cidadania), o Conselho Estadual dos Direitos da Mulher de Mato Grosso do Sul definiu a nova composi\u00e7\u00e3o da mesa diretora, com destaque para a elei\u00e7\u00e3o da vice-presidente do colegiado. Com a substitui\u00e7\u00e3o da defensora p\u00fablica Zeliana Sabala da vice-presid\u00eancia, ap\u00f3s sua sa\u00edda da coordena\u00e7\u00e3o","canonical_url":"https:\/\/ejornais.com.br\/index.php\/2025\/08\/01\/conselho-estadual-dos-direitos-da-mulher-elege-nova-vice-presidente-em-mato-grosso-do-sul-agencia-de-noticias-do-governo-de-mato-grosso-do-sul\/","robots":"max-image-preview:large","keywords":"","webmasterTools":{"miscellaneous":""},"schema":{"@context":"https:\/\/schema.org","@graph":[{"@type":"BlogPosting","@id":"https:\/\/ejornais.com.br\/index.php\/2025\/08\/01\/conselho-estadual-dos-direitos-da-mulher-elege-nova-vice-presidente-em-mato-grosso-do-sul-agencia-de-noticias-do-governo-de-mato-grosso-do-sul\/#blogposting","name":"Conselho Estadual dos Direitos da Mulher elege nova vice-presidente em Mato Grosso do Sul \u2013 Ag\u00eancia de Noticias do Governo de Mato Grosso do Sul - eJornais","headline":"Conselho Estadual dos Direitos da Mulher elege nova vice-presidente em Mato Grosso do Sul \u2013 Ag\u00eancia de Noticias do Governo de Mato Grosso do Sul","author":{"@id":"https:\/\/ejornais.com.br\/index.php\/author\/admin1\/#author"},"publisher":{"@id":"https:\/\/ejornais.com.br\/#organization"},"datePublished":"2025-08-01T09:11:44-03:00","dateModified":"2025-08-01T09:11:44-03:00","inLanguage":"pt-BR","mainEntityOfPage":{"@id":"https:\/\/ejornais.com.br\/index.php\/2025\/08\/01\/conselho-estadual-dos-direitos-da-mulher-elege-nova-vice-presidente-em-mato-grosso-do-sul-agencia-de-noticias-do-governo-de-mato-grosso-do-sul\/#webpage"},"isPartOf":{"@id":"https:\/\/ejornais.com.br\/index.php\/2025\/08\/01\/conselho-estadual-dos-direitos-da-mulher-elege-nova-vice-presidente-em-mato-grosso-do-sul-agencia-de-noticias-do-governo-de-mato-grosso-do-sul\/#webpage"},"articleSection":"Cat\u00e1logo de Jornais"},{"@type":"BreadcrumbList","@id":"https:\/\/ejornais.com.br\/index.php\/2025\/08\/01\/conselho-estadual-dos-direitos-da-mulher-elege-nova-vice-presidente-em-mato-grosso-do-sul-agencia-de-noticias-do-governo-de-mato-grosso-do-sul\/#breadcrumblist","itemListElement":[{"@type":"ListItem","@id":"https:\/\/ejornais.com.br#listItem","position":1,"name":"In\u00edcio","item":"https:\/\/ejornais.com.br","nextItem":{"@type":"ListItem","@id":"https:\/\/ejornais.com.br\/index.php\/category\/ejornais\/#listItem","name":"Cat\u00e1logo de Jornais"}},{"@type":"ListItem","@id":"https:\/\/ejornais.com.br\/index.php\/category\/ejornais\/#listItem","position":2,"name":"Cat\u00e1logo de Jornais","item":"https:\/\/ejornais.com.br\/index.php\/category\/ejornais\/","nextItem":{"@type":"ListItem","@id":"https:\/\/ejornais.com.br\/index.php\/2025\/08\/01\/conselho-estadual-dos-direitos-da-mulher-elege-nova-vice-presidente-em-mato-grosso-do-sul-agencia-de-noticias-do-governo-de-mato-grosso-do-sul\/#listItem","name":"Conselho Estadual dos Direitos da Mulher elege nova vice-presidente em Mato Grosso do Sul \u2013 Ag\u00eancia de Noticias do Governo de Mato Grosso do Sul"},"previousItem":{"@type":"ListItem","@id":"https:\/\/ejornais.com.br#listItem","name":"In\u00edcio"}},{"@type":"ListItem","@id":"https:\/\/ejornais.com.br\/index.php\/2025\/08\/01\/conselho-estadual-dos-direitos-da-mulher-elege-nova-vice-presidente-em-mato-grosso-do-sul-agencia-de-noticias-do-governo-de-mato-grosso-do-sul\/#listItem","position":3,"name":"Conselho Estadual dos Direitos da Mulher elege nova vice-presidente em Mato Grosso do Sul \u2013 Ag\u00eancia de Noticias do Governo de Mato Grosso do Sul","previousItem":{"@type":"ListItem","@id":"https:\/\/ejornais.com.br\/index.php\/category\/ejornais\/#listItem","name":"Cat\u00e1logo de Jornais"}}]},{"@type":"Organization","@id":"https:\/\/ejornais.com.br\/#organization","name":"eJornais","description":"Cat\u00e1logo de Jornais no mundo, Not\u00edcias, Blog e Esportes ao vivo","url":"https:\/\/ejornais.com.br\/"},{"@type":"Person","@id":"https:\/\/ejornais.com.br\/index.php\/author\/admin1\/#author","url":"https:\/\/ejornais.com.br\/index.php\/author\/admin1\/","name":"admin1","image":{"@type":"ImageObject","@id":"https:\/\/ejornais.com.br\/index.php\/2025\/08\/01\/conselho-estadual-dos-direitos-da-mulher-elege-nova-vice-presidente-em-mato-grosso-do-sul-agencia-de-noticias-do-governo-de-mato-grosso-do-sul\/#authorImage","url":"https:\/\/secure.gravatar.com\/avatar\/04084e6d73c042b8646e7c17b494073bf0ede3ea13c7105cfc45cbbbc28385a4?s=96&d=mm&r=g","width":96,"height":96,"caption":"admin1"}},{"@type":"WebPage","@id":"https:\/\/ejornais.com.br\/index.php\/2025\/08\/01\/conselho-estadual-dos-direitos-da-mulher-elege-nova-vice-presidente-em-mato-grosso-do-sul-agencia-de-noticias-do-governo-de-mato-grosso-do-sul\/#webpage","url":"https:\/\/ejornais.com.br\/index.php\/2025\/08\/01\/conselho-estadual-dos-direitos-da-mulher-elege-nova-vice-presidente-em-mato-grosso-do-sul-agencia-de-noticias-do-governo-de-mato-grosso-do-sul\/","name":"Conselho Estadual dos Direitos da Mulher elege nova vice-presidente em Mato Grosso do Sul \u2013 Ag\u00eancia de Noticias do Governo de Mato Grosso do Sul - eJornais","description":"Em elei\u00e7\u00e3o realizada no audit\u00f3rio da SEC (Secretaria de Estado da Cidadania), o Conselho Estadual dos Direitos da Mulher de Mato Grosso do Sul definiu a nova composi\u00e7\u00e3o da mesa diretora, com destaque para a elei\u00e7\u00e3o da vice-presidente do colegiado. Com a substitui\u00e7\u00e3o da defensora p\u00fablica Zeliana Sabala da vice-presid\u00eancia, ap\u00f3s sua sa\u00edda da coordena\u00e7\u00e3o","inLanguage":"pt-BR","isPartOf":{"@id":"https:\/\/ejornais.com.br\/#website"},"breadcrumb":{"@id":"https:\/\/ejornais.com.br\/index.php\/2025\/08\/01\/conselho-estadual-dos-direitos-da-mulher-elege-nova-vice-presidente-em-mato-grosso-do-sul-agencia-de-noticias-do-governo-de-mato-grosso-do-sul\/#breadcrumblist"},"author":{"@id":"https:\/\/ejornais.com.br\/index.php\/author\/admin1\/#author"},"creator":{"@id":"https:\/\/ejornais.com.br\/index.php\/author\/admin1\/#author"},"datePublished":"2025-08-01T09:11:44-03:00","dateModified":"2025-08-01T09:11:44-03:00"},{"@type":"WebSite","@id":"https:\/\/ejornais.com.br\/#website","url":"https:\/\/ejornais.com.br\/","name":"eJornais","description":"Cat\u00e1logo de Jornais no mundo, Not\u00edcias, Blog e Esportes ao vivo","inLanguage":"pt-BR","publisher":{"@id":"https:\/\/ejornais.com.br\/#organization"}}]},"og:locale":"pt_BR","og:site_name":"eJornais - Cat\u00e1logo de Jornais no mundo, Not\u00edcias, Blog e Esportes ao vivo","og:type":"article","og:title":"Conselho Estadual dos Direitos da Mulher elege nova vice-presidente em Mato Grosso do Sul \u2013 Ag\u00eancia de Noticias do Governo de Mato Grosso do Sul - eJornais","og:description":"Em elei\u00e7\u00e3o realizada no audit\u00f3rio da SEC (Secretaria de Estado da Cidadania), o Conselho Estadual dos Direitos da Mulher de Mato Grosso do Sul definiu a nova composi\u00e7\u00e3o da mesa diretora, com destaque para a elei\u00e7\u00e3o da vice-presidente do colegiado. Com a substitui\u00e7\u00e3o da defensora p\u00fablica Zeliana Sabala da vice-presid\u00eancia, ap\u00f3s sua sa\u00edda da coordena\u00e7\u00e3o","og:url":"https:\/\/ejornais.com.br\/index.php\/2025\/08\/01\/conselho-estadual-dos-direitos-da-mulher-elege-nova-vice-presidente-em-mato-grosso-do-sul-agencia-de-noticias-do-governo-de-mato-grosso-do-sul\/","article:published_time":"2025-08-01T12:11:44+00:00","article:modified_time":"2025-08-01T12:11:44+00:00","twitter:card":"summary_large_image","twitter:title":"Conselho Estadual dos Direitos da Mulher elege nova vice-presidente em Mato Grosso do Sul \u2013 Ag\u00eancia de Noticias do Governo de Mato Grosso do Sul - eJornais","twitter:description":"Em elei\u00e7\u00e3o realizada no audit\u00f3rio da SEC (Secretaria de Estado da Cidadania), o Conselho Estadual dos Direitos da Mulher de Mato Grosso do Sul definiu a nova composi\u00e7\u00e3o da mesa diretora, com destaque para a elei\u00e7\u00e3o da vice-presidente do colegiado. Com a substitui\u00e7\u00e3o da defensora p\u00fablica Zeliana Sabala da vice-presid\u00eancia, ap\u00f3s sua sa\u00edda da coordena\u00e7\u00e3o"},"aioseo_meta_data":{"post_id":"49681","title":null,"description":null,"keywords":null,"keyphrases":null,"primary_term":null,"canonical_url":null,"og_title":null,"og_description":null,"og_object_type":"default","og_image_type":"default","og_image_url":null,"og_image_width":null,"og_image_height":null,"og_image_custom_url":null,"og_image_custom_fields":null,"og_video":null,"og_custom_url":null,"og_article_section":null,"og_article_tags":null,"twitter_use_og":false,"twitter_card":"default","twitter_image_type":"default","twitter_image_url":null,"twitter_image_custom_url":null,"twitter_image_custom_fields":null,"twitter_title":null,"twitter_description":null,"schema":{"blockGraphs":[],"customGraphs":[],"default":{"data":{"Article":[],"Course":[],"Dataset":[],"FAQPage":[],"Movie":[],"Person":[],"Product":[],"ProductReview":[],"Car":[],"Recipe":[],"Service":[],"SoftwareApplication":[],"WebPage":[]},"graphName":"","isEnabled":true},"graphs":[]},"schema_type":"default","schema_type_options":null,"pillar_content":false,"robots_default":true,"robots_noindex":false,"robots_noarchive":false,"robots_nosnippet":false,"robots_nofollow":false,"robots_noimageindex":false,"robots_noodp":false,"robots_notranslate":false,"robots_max_snippet":null,"robots_max_videopreview":null,"robots_max_imagepreview":"large","priority":null,"frequency":null,"local_seo":null,"breadcrumb_settings":null,"limit_modified_date":false,"ai":null,"created":"2025-08-01 12:20:19","updated":"2025-08-01 12:20:19","seo_analyzer_scan_date":null,"focus_keyword":null,"additional_keywords":null,"truseo_locale":null},"aioseo_breadcrumb":"<div class=\"aioseo-breadcrumbs\"><span class=\"aioseo-breadcrumb\">\n\t\t\t<a href=\"https:\/\/ejornais.com.br\" title=\"In\u00edcio\">In\u00edcio<\/a>\n\t\t<\/span><span class=\"aioseo-breadcrumb-separator\">&raquo;<\/span><span class=\"aioseo-breadcrumb\">\n\t\t\t<a href=\"https:\/\/ejornais.com.br\/index.php\/category\/ejornais\/\" title=\"Cat\u00e1logo de Jornais\">Cat\u00e1logo de Jornais<\/a>\n\t\t<\/span><span class=\"aioseo-breadcrumb-separator\">&raquo;<\/span><span class=\"aioseo-breadcrumb\">\n\t\t\tConselho Estadual dos Direitos da Mulher elege nova vice-presidente em Mato Grosso do Sul \u2013 Ag\u00eancia de Noticias do Governo de Mato Grosso do Sul\n\t\t<\/span><\/div>","aioseo_breadcrumb_json":[{"label":"In\u00edcio","link":"https:\/\/ejornais.com.br"},{"label":"Cat\u00e1logo de Jornais","link":"https:\/\/ejornais.com.br\/index.php\/category\/ejornais\/"},{"label":"Conselho Estadual dos Direitos da Mulher elege nova vice-presidente em Mato Grosso do Sul \u2013 Ag\u00eancia de Noticias do Governo de Mato Grosso do Sul","link":"https:\/\/ejornais.com.br\/index.php\/2025\/08\/01\/conselho-estadual-dos-direitos-da-mulher-elege-nova-vice-presidente-em-mato-grosso-do-sul-agencia-de-noticias-do-governo-de-mato-grosso-do-sul\/"}],"amp_enabled":true,"_links":{"self":[{"href":"https:\/\/ejornais.com.br\/index.php\/wp-json\/wp\/v2\/posts\/49681","targetHints":{"allow":["GET"]}}],"collection":[{"href":"https:\/\/ejornais.com.br\/index.php\/wp-json\/wp\/v2\/posts"}],"about":[{"href":"https:\/\/ejornais.com.br\/index.php\/wp-json\/wp\/v2\/types\/post"}],"author":[{"embeddable":true,"href":"https:\/\/ejornais.com.br\/index.php\/wp-json\/wp\/v2\/users\/2"}],"replies":[{"embeddable":true,"href":"https:\/\/ejornais.com.br\/index.php\/wp-json\/wp\/v2\/comments?post=49681"}],"version-history":[{"count":0,"href":"https:\/\/ejornais.com.br\/index.php\/wp-json\/wp\/v2\/posts\/49681\/revisions"}],"wp:attachment":[{"href":"https:\/\/ejornais.com.br\/index.php\/wp-json\/wp\/v2\/media?parent=49681"}],"wp:term":[{"taxonomy":"category","embeddable":true,"href":"https:\/\/ejornais.com.br\/index.php\/wp-json\/wp\/v2\/categories?post=49681"},{"taxonomy":"post_tag","embeddable":true,"href":"https:\/\/ejornais.com.br\/index.php\/wp-json\/wp\/v2\/tags?post=49681"}],"curies":[{"name":"wp","href":"https:\/\/api.w.org\/{rel}","templated":true}]}}