{"id":49823,"date":"2025-08-04T05:10:16","date_gmt":"2025-08-04T08:10:16","guid":{"rendered":"https:\/\/ejornais.com.br\/index.php\/2025\/08\/04\/agencia-minas-gerais-com-investimentos-milionarios-em-frutal-minas-se-aproxima-de-meio-trilhao-de-reais-em-valores-atraidos\/"},"modified":"2025-08-04T05:10:16","modified_gmt":"2025-08-04T08:10:16","slug":"agencia-minas-gerais-com-investimentos-milionarios-em-frutal-minas-se-aproxima-de-meio-trilhao-de-reais-em-valores-atraidos","status":"publish","type":"post","link":"https:\/\/ejornais.com.br\/index.php\/2025\/08\/04\/agencia-minas-gerais-com-investimentos-milionarios-em-frutal-minas-se-aproxima-de-meio-trilhao-de-reais-em-valores-atraidos\/","title":{"rendered":"Ag\u00eancia Minas Gerais | Com investimentos milion\u00e1rios em Frutal, Minas se aproxima de meio trilh\u00e3o de reais em valores atra\u00eddos"},"content":{"rendered":"<p><\/p>\n<div>\n<section class=\"news-related \/ col-md-4 col-lg-3 \/ margin-md-bottom-2 margin-left-1 \/ pull-right \/ hidden-xs hidden-sm\">\n<header>\n<p class=\"text-title-section \/ margin-bottom-1\">Relacionadas<\/p>\n<\/header>\n<p>\t\t\t\t\t\t\t<main><\/p>\n<hr class=\"row margin-md-bottom-2\"\/>\n<hr class=\"row margin-md-bottom-2\"\/>\n\t\t\t\t\t\t\t<\/main><br \/>\n\t\t\t\t\t\t<\/section>\n<p>Um marco in\u00e9dito se aproxima de Minas Gerais: meio trilh\u00e3o de reais em investimentos privados atra\u00eddos. O resultado, contabilizado desde 2019, \u00e9 reflexo do crescente interesse de investidores do Brasil e do mundo em trazerem novos projetos ou expandirem opera\u00e7\u00f5es j\u00e1 existentes no estado.<\/p>\n<p>Aproximando Minas desse momento, o governador Romeu Zema celebrou, nesta sexta-feira (1\/8), a chegada de mais um investimento, desta vez em Frutal, no Tri\u00e2ngulo Mineiro. A Cervejaria Cidade Imperial vai aplicar cerca de R$ 130 milh\u00f5es em sua unidade no munic\u00edpio, para expans\u00e3o de seu portf\u00f3lio de produtos.<\/p>\n<p>Tamb\u00e9m no encontro, a Beverage Pack Company S\/A confirmou e detalhou ao Governo de Minas o investimento de R$ 700 milh\u00f5es \u2013 referente \u00e0 constru\u00e7\u00e3o da unidade em Frutal (cerca de R$ 465 milh\u00f5es) e de outra em Governador Valadares (aproximadamente R$ 235 milh\u00f5es). Especialista na fabrica\u00e7\u00e3o de latas e tampas de alum\u00ednio, a Beverage tem entre seus principais clientes a Cervejaria Cidade Imperial, e ambas empresas t\u00eam aportes do mesmo fundo de investimentos.<\/p>\n<p>Os an\u00fancios foram feitos durante vistoria do governador \u00e0 cervejaria.<\/p>\n<table align=\"center\" border=\"0\" cellpadding=\"1\" cellspacing=\"1\" style=\"width: 70%;\">&#13;<\/p>\n<tbody>&#13;<\/p>\n<tr>&#13;<\/p>\n<td colspan=\"5\" style=\"text-align: center; vertical-align: middle;\">&#13;<\/p>\n<p style=\"text-align:center\">\n<p>&#13;\n\t\t\t<\/td>\n<p>&#13;<br \/>\n\t\t<\/tr>\n<p>&#13;<\/p>\n<tr>&#13;<\/p>\n<td style=\"text-align: center; vertical-align: middle;\">\u00a0<\/td>\n<p>&#13;<\/p>\n<td colspan=\"3\" rowspan=\"3\" style=\"text-align: center; vertical-align: middle;\">&#13;<br \/>\n\t\t\t&#13;\n\t\t\t<\/td>\n<p>&#13;<\/p>\n<td style=\"text-align: center; vertical-align: middle;\">\u00a0<\/td>\n<p>&#13;<br \/>\n\t\t<\/tr>\n<p>&#13;<\/p>\n<tr>&#13;<\/p>\n<td style=\"text-align: center; vertical-align: middle;\">\u00a0<\/td>\n<p>&#13;<\/p>\n<td style=\"text-align: center; vertical-align: middle;\">\u00a0<\/td>\n<p>&#13;<br \/>\n\t\t<\/tr>\n<p>&#13;<\/p>\n<tr>&#13;<\/p>\n<td style=\"text-align: center; vertical-align: middle;\">\u00a0<\/td>\n<p>&#13;<\/p>\n<td style=\"text-align: center; vertical-align: middle;\">\u00a0<\/td>\n<p>&#13;<br \/>\n\t\t<\/tr>\n<p>&#13;<\/p>\n<tr>&#13;<\/p>\n<td colspan=\"5\" style=\"text-align: center; vertical-align: middle;\">&#13;<\/p>\n<p style=\"text-align:center\">\n<p>&#13;\n\t\t\t<\/td>\n<p>&#13;<br \/>\n\t\t<\/tr>\n<p>&#13;<br \/>\n\t<\/tbody>\n<p>&#13;<br \/>\n<\/table>\n<p>&#13;<br \/>\n<strong>Imperial<\/strong><\/p>\n<p>Contando com o apoio do Governo de Minas, por meio da Secretaria de Estado de Desenvolvimento Econ\u00f4mico (Sede) e sua ag\u00eancia vinculada, Invest Minas, o projeto da Imperial prev\u00ea a gera\u00e7\u00e3o de 67 empregos diretos.<\/p>\n<p>A unidade em Frutal \u00e9 a segunda da cervejaria. Al\u00e9m da bebida, a empresa tamb\u00e9m produz energ\u00e9tico, licor, ice, \u00e1gua mineral e p\u00f3 de caf\u00e9.<\/p>\n<p>A Cervejaria Cidade Imperial foi fundada em 1997, em Petr\u00f3polis (RJ), por Francisco de Orleans e Bragan\u00e7a, membro da fam\u00edlia real brasileira. Em 2015, foi vendida e um grupo de empres\u00e1rios.<\/p>\n<p><strong>BPC<\/strong><\/p>\n<p>O projeto da Beverage Pack Company em Frutal consolida o protagonismo de Minas Gerais na produ\u00e7\u00e3o de embalagens. O estado \u00e9, inclusive, o que mais produz embalagens met\u00e1licas.<\/p>\n<p>Os valores investidos em Governador Valadares s\u00e3o para a implanta\u00e7\u00e3o de unidade industrial para produ\u00e7\u00e3o de tampas de alum\u00ednio.<\/p>\n<p>No total, estima-se que ser\u00e3o gerados 200 empregos diretos &#8211; cem em cada cidade.<\/p>\n<p>Ao detalhar o investimento que a empresa vem fazendo em Minas, o CEO da BPC, Jean Rodrigo Pereira agradeceu o apoio dado pelo Governo de Minas na viabiliza\u00e7\u00e3o dos empreendimentos.<\/p>\n<p>\u201cQueria destacar o papel do Estado que proporcionou para n\u00f3s esse ambiente de seguran\u00e7a e de capacidade de desenvolvimento. N\u00f3s tamb\u00e9m acreditamos que o ambiente de neg\u00f3cio \u00e9 a mola motriz do desenvolvimento econ\u00f4mico e social\u201d disse.<\/p>\n<p><strong>Diversifica\u00e7\u00e3o da economia<\/strong><\/p>\n<p>Esses investimentos s\u00e3o reflexo do trabalho do Governo do Estado para diversificar a economia e incrementar valor agregado e a tecnologia dos produtos mineiros. Grandes multinacionais, bem como empresas oriundas do estado, conseguiram crescer e se expandir nos \u00faltimos anos.<\/p>\n<p>Ao todo, j\u00e1 s\u00e3o mais de mil projetos em 330 munic\u00edpios em todas as regi\u00f5es de Minas. Antes dos an\u00fancios de hoje, o estado j\u00e1 havia atra\u00eddo R$ 497 bilh\u00f5es em investimentos privados e a previs\u00e3o total \u00e9 de 265 mil empregos diretos gerados.<\/p>\n<p>Durante o evento, a secret\u00e1ria de Estado de Desenvolvimento Econ\u00f4mico, Mila Corr\u00eaa da Costa, destacou a melhoria do ambiente de neg\u00f3cios no Tri\u00e2ngulo Mineiro como um passo fundamental para a atra\u00e7\u00e3o de investimentos na regi\u00e3o.<\/p>\n<table align=\"center\" border=\"0\" cellpadding=\"1\" cellspacing=\"1\" style=\"width: 100%;\">&#13;<\/p>\n<tbody>&#13;<\/p>\n<tr>&#13;<\/p>\n<td colspan=\"5\" style=\"text-align: center; vertical-align: middle;\">&#13;<\/p>\n<p style=\"text-align:center\">\n<p>&#13;\n\t\t\t<\/td>\n<p>&#13;<br \/>\n\t\t<\/tr>\n<p>&#13;<\/p>\n<tr>&#13;<\/p>\n<td style=\"text-align: center; vertical-align: middle;\">\u00a0<\/td>\n<p>&#13;<\/p>\n<td colspan=\"3\" rowspan=\"3\" style=\"text-align: center; vertical-align: middle;\">&#13;<br \/>\n\t\t\t&#13;\n\t\t\t<\/td>\n<p>&#13;<\/p>\n<td style=\"text-align: center; vertical-align: middle;\">\u00a0<\/td>\n<p>&#13;<br \/>\n\t\t<\/tr>\n<p>&#13;<\/p>\n<tr>&#13;<\/p>\n<td style=\"text-align: center; vertical-align: middle;\">\u00a0<\/td>\n<p>&#13;<\/p>\n<td style=\"text-align: center; vertical-align: middle;\">\u00a0<\/td>\n<p>&#13;<br \/>\n\t\t<\/tr>\n<p>&#13;<\/p>\n<tr>&#13;<\/p>\n<td style=\"text-align: center; vertical-align: middle;\">\u00a0<\/td>\n<p>&#13;<\/p>\n<td style=\"text-align: center; vertical-align: middle;\">\u00a0<\/td>\n<p>&#13;<br \/>\n\t\t<\/tr>\n<p>&#13;<\/p>\n<tr>&#13;<\/p>\n<td colspan=\"5\" style=\"text-align: center; vertical-align: middle;\">&#13;<\/p>\n<p style=\"text-align:center\">\n<p>&#13;\n\t\t\t<\/td>\n<p>&#13;<br \/>\n\t\t<\/tr>\n<p>&#13;<br \/>\n\t<\/tbody>\n<p>&#13;<br \/>\n<\/table>\n<p>&#13;<br \/>\nSomente nos setores de alimentos e bebidas foram R$ 13 bilh\u00f5es em investimentos atra\u00eddos e mais 14 mil empregos diretos gerados. J\u00e1 o setor de embalagens recebeu R$ 9 bilh\u00f5es em novos projetos de instala\u00e7\u00e3o e expans\u00e3o de empresas, resultando em cerca de 10 mil empregos diretos.<\/p>\n<p>No Tri\u00e2ngulo Mineiro, s\u00e3o exemplos do desenvolvimento regional a implanta\u00e7\u00e3o de unidade industrial de produ\u00e7\u00e3o de celulose sol\u00favel da LD Celulose em Indian\u00f3polis. A empresa investiu quase R$ 5 bilh\u00f5es no projeto, que entrou em opera\u00e7\u00e3o em 2022. Al\u00e9m disso, a Uberl\u00e2ndia Refrescos investiu mais de R$ 600 mil para expans\u00e3o da planta industrial e uma demonstra\u00e7\u00e3o pr\u00e1tica do crescimento de empreendimentos locais.<\/p>\n<\/p><\/div>\n","protected":false},"excerpt":{"rendered":"<p>Relacionadas Um marco in\u00e9dito se aproxima de Minas Gerais: meio trilh\u00e3o de reais em investimentos privados atra\u00eddos. O resultado, contabilizado<\/p>\n","protected":false},"author":2,"featured_media":0,"comment_status":"","ping_status":"","sticky":false,"template":"","format":"standard","meta":{"colormag_page_container_layout":"default_layout","colormag_page_sidebar_layout":"default_layout","footnotes":""},"categories":[1],"tags":[],"class_list":["post-49823","post","type-post","status-publish","format-standard","hentry","category-ejornais"],"aioseo_notices":[],"amp_enabled":true,"_links":{"self":[{"href":"https:\/\/ejornais.com.br\/index.php\/wp-json\/wp\/v2\/posts\/49823","targetHints":{"allow":["GET"]}}],"collection":[{"href":"https:\/\/ejornais.com.br\/index.php\/wp-json\/wp\/v2\/posts"}],"about":[{"href":"https:\/\/ejornais.com.br\/index.php\/wp-json\/wp\/v2\/types\/post"}],"author":[{"embeddable":true,"href":"https:\/\/ejornais.com.br\/index.php\/wp-json\/wp\/v2\/users\/2"}],"replies":[{"embeddable":true,"href":"https:\/\/ejornais.com.br\/index.php\/wp-json\/wp\/v2\/comments?post=49823"}],"version-history":[{"count":0,"href":"https:\/\/ejornais.com.br\/index.php\/wp-json\/wp\/v2\/posts\/49823\/revisions"}],"wp:attachment":[{"href":"https:\/\/ejornais.com.br\/index.php\/wp-json\/wp\/v2\/media?parent=49823"}],"wp:term":[{"taxonomy":"category","embeddable":true,"href":"https:\/\/ejornais.com.br\/index.php\/wp-json\/wp\/v2\/categories?post=49823"},{"taxonomy":"post_tag","embeddable":true,"href":"https:\/\/ejornais.com.br\/index.php\/wp-json\/wp\/v2\/tags?post=49823"}],"curies":[{"name":"wp","href":"https:\/\/api.w.org\/{rel}","templated":true}]}}