{"id":49933,"date":"2025-08-05T20:24:45","date_gmt":"2025-08-05T23:24:45","guid":{"rendered":"https:\/\/ejornais.com.br\/index.php\/2025\/08\/05\/nova-alvorada-do-sul-brasilandia-e-bandeirantes-terao-atendimento-noturno-em-unidades-de-saude-agencia-de-noticias-do-governo-de-mato-grosso-do-sul\/"},"modified":"2025-08-05T20:24:45","modified_gmt":"2025-08-05T23:24:45","slug":"nova-alvorada-do-sul-brasilandia-e-bandeirantes-terao-atendimento-noturno-em-unidades-de-saude-agencia-de-noticias-do-governo-de-mato-grosso-do-sul","status":"publish","type":"post","link":"https:\/\/ejornais.com.br\/index.php\/2025\/08\/05\/nova-alvorada-do-sul-brasilandia-e-bandeirantes-terao-atendimento-noturno-em-unidades-de-saude-agencia-de-noticias-do-governo-de-mato-grosso-do-sul\/","title":{"rendered":"Nova Alvorada do Sul, Brasil\u00e2ndia e Bandeirantes ter\u00e3o atendimento noturno em unidades de sa\u00fade \u2013 Ag\u00eancia de Noticias do Governo de Mato Grosso do Sul"},"content":{"rendered":"<p><\/p>\n<div>\n<p style=\"text-align: center;\"><em>Programa teve ades\u00e3o de 46 unidades em MS e garante funcionamento das 17h \u00e0s 21h com repasse mensal de R$ 20 mil por unidade<\/em><\/p>\n<p>O Governo de Mato Grosso do Sul, por meio da SES (Secretaria de Estado de Sa\u00fade), homologou tr\u00eas munic\u00edpios que aderiram ao Programa Hor\u00e1rio Estendido Noturno. Ao todo, 46 unidades b\u00e1sicas de sa\u00fade no Estado v\u00e3o ampliar o hor\u00e1rio de funcionamento em mais 20h semanais das 17h \u00e0s 21h, totalizando 60h de funcionamento semanal.<\/p>\n<p>A iniciativa que fortalece a Aten\u00e7\u00e3o Prim\u00e1ria e amplia o acesso da popula\u00e7\u00e3o aos servi\u00e7os do SUS no per\u00edodo noturno agora contempla os munic\u00edpios de Nova Alvorada do Sul, Brasil\u00e2ndia e Bandeirantes.<\/p>\n<p>A nova rotina de funcionamento nestes munic\u00edpios entrou em vigor em 1\u00ba de agosto de 2025. Para garantir o repasse dos recursos, as unidades devem atualizar os dados no CNES (Cadastro Nacional de Estabelecimentos de Sa\u00fade) e cumprir as diretrizes estabelecidas pelo programa.<\/p>\n<figure id=\"attachment_39721\" aria-describedby=\"caption-attachment-39721\" style=\"width: 300px\" class=\"wp-caption alignleft\"><figcaption id=\"caption-attachment-39721\" class=\"wp-caption-text\">Prefeita de Brasil\u00e2ndia, M\u00e1rcia Amaral e a secret\u00e1ria Municipal de Sa\u00fade, Mara Nilza.<\/figcaption><\/figure>\n<p>\u201c\u00c9 um investimento direto na estrutura de pessoal da unidade, garantindo que a popula\u00e7\u00e3o seja bem acolhida com qualidade e responsabilidade. A amplia\u00e7\u00e3o do acesso aos servi\u00e7os b\u00e1sicos de sa\u00fade \u00e9 uma prioridade e o atendimento noturno representa mais dignidade, mais cuidado e mais presen\u00e7a do SUS na vida das pessoas. Nosso compromisso \u00e9 fazer com que a sa\u00fade chegue com qualidade a todos os cantos de Brasil\u00e2ndia, nos hor\u00e1rios em que as pessoas realmente precisam\u201d, afirma a secret\u00e1ria de sa\u00fade de Brasil\u00e2ndia, Mara Nilza.<\/p>\n<p>Para a secret\u00e1ria Municipal de Sa\u00fade de Nova Alvorada do Sul, Eliana Dalla Nora, a iniciativa melhora a qualidade e o acesso aos servi\u00e7os de sa\u00fade, beneficiando principalmente a popula\u00e7\u00e3o que n\u00e3o consegue ir \u00e0 Unidade de Sa\u00fade durante o hor\u00e1rio comercial.<\/p>\n<p>\u201cCom o hor\u00e1rio estendido, garantimos que mais pessoas possam ser atendidas com a mesma qualidade do atendimento diurno. O Programa tamb\u00e9m impacta positivamente a cobertura de programas essenciais, como as campanhas de vacina\u00e7\u00e3o, permitindo um maior alcance e melhores \u00edndices de cobertura vacinal\u201d, explica Eliana Dalla Nora.<\/p>\n<figure id=\"attachment_37679\" aria-describedby=\"caption-attachment-37679\" style=\"width: 225px\" class=\"wp-caption alignright\"><figcaption id=\"caption-attachment-37679\" class=\"wp-caption-text\">Secret\u00e1ria Municipal de Sa\u00fade de Nova Alvorada do Sul, Eliana Dalla Nora.<\/figcaption><\/figure>\n<p>Al\u00e9m disso, a secret\u00e1ria ressaltou a import\u00e2ncia do apoio financeiro do Governo do Estado para viabilizar o Programa Hor\u00e1rio Estendido Noturno.<\/p>\n<p>\u201cO incentivo financeiro do Governo do Estado nos ajuda muito a cobrir os custos operacionais, tornando este servi\u00e7o poss\u00edvel para a popula\u00e7\u00e3o\u201d.<\/p>\n<p>Institu\u00eddo pela Resolu\u00e7\u00e3o SES n\u00ba 367\/2025, o Hor\u00e1rio Estendido prev\u00ea repasse mensal de R$ 20 mil por unidade pelo per\u00edodo de 12 meses, com investimento total superior a R$ 11 milh\u00f5es.<\/p>\n<p>A ades\u00e3o foi organizada conforme o porte populacional dos munic\u00edpios: at\u00e9 uma unidade para cidades com at\u00e9 50 mil habitantes; at\u00e9 cinco para aquelas entre 50 mil e 100 mil; e at\u00e9 dez unidades para munic\u00edpios com popula\u00e7\u00e3o acima de 100 mil habitantes.<\/p>\n<p>Os demais munic\u00edpios que tiveram homologada ades\u00e3o ao programa s\u00e3o: Aquidauana, Anast\u00e1cio, Ang\u00e9lica, Aral Moreira, Bataguassu, Bela Vista, Bonito, Camapu\u00e3, Campo Grande, Caracol, Cassil\u00e2ndia, Chapad\u00e3o do Sul, Corguinho, Coronel Sapucaia, Coxim, Deod\u00e1polis, Douradina, Eldorado, Gl\u00f3ria de Dourados, Guia Lopes da Laguna, Iguatemi, Inoc\u00eancia, Itapor\u00e3, Ivinhema, Lad\u00e1rio, Maracaju, Miranda, Navira\u00ed, Nioaque, Nova Andradina, Ponta Por\u00e3, Ribas do Rio Pardo, Rio Brilhante, Rio Verde de Mato Grosso, Sidrol\u00e2ndia e Sonora.<\/p>\n<p>A secret\u00e1ria-adjunta de Sa\u00fade, Crhistinne Maymone, destaca que a amplia\u00e7\u00e3o do hor\u00e1rio de atendimento nas unidades representa um avan\u00e7o significativo, permitindo maior acessibilidade e acolhimento aos usu\u00e1rios, especialmente em regi\u00f5es com forte crescimento industrial e aumento populacional.<\/p>\n<p>\u201cEssa iniciativa tem como objetivo fortalecer a estrutura da Aten\u00e7\u00e3o Prim\u00e1ria \u00e0 Sa\u00fade, oferecendo suporte qualificado nessas localidades. A amplia\u00e7\u00e3o do hor\u00e1rio no per\u00edodo noturno \u00e9 essencial para atender trabalhadores que n\u00e3o conseguem acessar os servi\u00e7os de sa\u00fade em hor\u00e1rio comercial, garantindo cuidado oportuno e de qualidade\u201d, avalia a secret\u00e1ria-adjunta de Sa\u00fade.<\/p>\n<p>Segundo o gerente de Gest\u00e3o da Aten\u00e7\u00e3o Prim\u00e1ria \u00e0 Sa\u00fade da SES, Bruno Reis, a medida refor\u00e7a o compromisso do Estado com os munic\u00edpios, ao garantir suporte t\u00e9cnico e financeiro para a amplia\u00e7\u00e3o do hor\u00e1rio de atendimento.<\/p>\n<p>\u201cEsse modelo permite que as unidades funcionem al\u00e9m do expediente convencional, facilitando o acesso da popula\u00e7\u00e3o trabalhadora, que muitas vezes n\u00e3o consegue buscar atendimento durante o dia. No fim, o maior beneficiado \u00e9 o cidad\u00e3o, que passa a contar com uma porta de entrada para o SUS compat\u00edvel com a rotina e os desafios do dia a dia. Al\u00e9m do cuidado oportuno, a resolutividade da Aten\u00e7\u00e3o Prim\u00e1ria reduz a press\u00e3o sobre as unidades de urg\u00eancia\u201d, finaliza Reis.<\/p>\n<p><em>Helton Davis, Comunica\u00e7\u00e3o SES<\/em><br \/><em>Foto de capa: Ag\u00eancia Brasil<\/em><br \/><em>Internas: Secretaria Municipal de Sa\u00fade de Brasil\u00e2ndia e Helton Davis<\/em><\/p>\n<\/div>\n","protected":false},"excerpt":{"rendered":"<p>Programa teve ades\u00e3o de 46 unidades em MS e garante funcionamento das 17h \u00e0s 21h com repasse mensal de R$<\/p>\n","protected":false},"author":2,"featured_media":0,"comment_status":"","ping_status":"","sticky":false,"template":"","format":"standard","meta":{"colormag_page_container_layout":"default_layout","colormag_page_sidebar_layout":"default_layout","footnotes":""},"categories":[1],"tags":[],"class_list":["post-49933","post","type-post","status-publish","format-standard","hentry","category-ejornais"],"aioseo_notices":[],"amp_enabled":true,"_links":{"self":[{"href":"https:\/\/ejornais.com.br\/index.php\/wp-json\/wp\/v2\/posts\/49933","targetHints":{"allow":["GET"]}}],"collection":[{"href":"https:\/\/ejornais.com.br\/index.php\/wp-json\/wp\/v2\/posts"}],"about":[{"href":"https:\/\/ejornais.com.br\/index.php\/wp-json\/wp\/v2\/types\/post"}],"author":[{"embeddable":true,"href":"https:\/\/ejornais.com.br\/index.php\/wp-json\/wp\/v2\/users\/2"}],"replies":[{"embeddable":true,"href":"https:\/\/ejornais.com.br\/index.php\/wp-json\/wp\/v2\/comments?post=49933"}],"version-history":[{"count":0,"href":"https:\/\/ejornais.com.br\/index.php\/wp-json\/wp\/v2\/posts\/49933\/revisions"}],"wp:attachment":[{"href":"https:\/\/ejornais.com.br\/index.php\/wp-json\/wp\/v2\/media?parent=49933"}],"wp:term":[{"taxonomy":"category","embeddable":true,"href":"https:\/\/ejornais.com.br\/index.php\/wp-json\/wp\/v2\/categories?post=49933"},{"taxonomy":"post_tag","embeddable":true,"href":"https:\/\/ejornais.com.br\/index.php\/wp-json\/wp\/v2\/tags?post=49933"}],"curies":[{"name":"wp","href":"https:\/\/api.w.org\/{rel}","templated":true}]}}