{"id":50030,"date":"2025-08-07T07:28:09","date_gmt":"2025-08-07T10:28:09","guid":{"rendered":"https:\/\/ejornais.com.br\/index.php\/2025\/08\/07\/feirao-habita-comeca-nesta-quinta-feira-cgnoticias\/"},"modified":"2025-08-07T07:28:09","modified_gmt":"2025-08-07T10:28:09","slug":"feirao-habita-comeca-nesta-quinta-feira-cgnoticias","status":"publish","type":"post","link":"https:\/\/ejornais.com.br\/index.php\/2025\/08\/07\/feirao-habita-comeca-nesta-quinta-feira-cgnoticias\/","title":{"rendered":"Feir\u00e3o Habita come\u00e7a nesta quinta-feira \u2013 CGNot\u00edcias"},"content":{"rendered":"<p><\/p>\n<div>\n<p>A Prefeitura de Campo Grande, por meio da Ag\u00eancia Municipal de Habita\u00e7\u00e3o e Assuntos Fundi\u00e1rios (EMHA), realiza a 9\u00aa edi\u00e7\u00e3o do Feir\u00e3o Habita Campo Grande entre os dias 7 e 22 de agosto, no P\u00e1tio Central Shopping. Considerado o maior evento de habita\u00e7\u00e3o de interesse social da Regi\u00e3o Centro-Oeste, o feir\u00e3o oferece condi\u00e7\u00f5es facilitadas para que fam\u00edlias realizem o sonho da casa pr\u00f3pria.<\/p>\n<p>A grande novidade desta edi\u00e7\u00e3o \u00e9 a amplia\u00e7\u00e3o do programa Sonho de Morar, que ir\u00e1 conceder 600 subs\u00eddios, somando mais de R$ 4,5 milh\u00f5es para complementar a entrada do financiamento imobili\u00e1rio. Os valores variam conforme a faixa de renda familiar:<br \/>\u2022 R$ 20 mil para fam\u00edlias com renda at\u00e9 R$ 2.850,00;<br \/>\u2022 R$ 10 mil para renda entre R$ 2.850,01 e R$ 4.700,00;<br \/>\u2022 R$ 4 mil para renda de at\u00e9 7 sal\u00e1rios m\u00ednimos.<\/p>\n<p>Al\u00e9m disso, o setor privado conceder\u00e1 mais R$ 6 mil por unidade, abatidos da entrada. Os interessados devem estar cadastrados na EMHA, n\u00e3o possuir im\u00f3vel no nome e atender aos crit\u00e9rios dos programas de habita\u00e7\u00e3o de interesse social.<\/p>\n<p>Servi\u00e7o<br \/>9\u00aa Feir\u00e3o Habita Campo Grande<br \/>Data: De 07 a 22 de agosto de 2025<br \/>Hor\u00e1rio: Das 8h \u00e0s 19h<br \/>Local: P\u00e1tio Central Shopping \u2013 R. Mal. Rondon, 1380 \u2013 Centro<\/p>\n<\/div>\n<p><script async defer async defer src=\"https:\/\/connect.facebook.net\/en_US\/sdk.js?ver=1#xfbml=1&amp;version=v3.2\" id=\"prefeitura-campogrande-script-facebook-sdk-js\"><\/script><\/p>\n","protected":false},"excerpt":{"rendered":"<p>A Prefeitura de Campo Grande, por meio da Ag\u00eancia Municipal de Habita\u00e7\u00e3o e Assuntos Fundi\u00e1rios (EMHA), realiza a 9\u00aa edi\u00e7\u00e3o<\/p>\n","protected":false},"author":2,"featured_media":0,"comment_status":"","ping_status":"","sticky":false,"template":"","format":"standard","meta":{"colormag_page_container_layout":"default_layout","colormag_page_sidebar_layout":"default_layout","footnotes":""},"categories":[1],"tags":[],"class_list":["post-50030","post","type-post","status-publish","format-standard","hentry","category-ejornais"],"aioseo_notices":[],"aioseo_head":"\n\t\t<!-- All in One SEO 5.0.1.1 - aioseo.com -->\n\t<meta name=\"description\" content=\"A Prefeitura de Campo Grande, por meio da Ag\u00eancia Municipal de Habita\u00e7\u00e3o e Assuntos Fundi\u00e1rios (EMHA), realiza a 9\u00aa edi\u00e7\u00e3o do Feir\u00e3o Habita Campo Grande entre os dias 7 e 22 de agosto, no P\u00e1tio Central Shopping. Considerado o maior evento de habita\u00e7\u00e3o de interesse social da Regi\u00e3o Centro-Oeste, o feir\u00e3o oferece condi\u00e7\u00f5es facilitadas para\" \/>\n\t<meta name=\"robots\" content=\"max-image-preview:large\" \/>\n\t<meta name=\"author\" content=\"admin1\"\/>\n\t<link rel=\"canonical\" href=\"https:\/\/ejornais.com.br\/index.php\/2025\/08\/07\/feirao-habita-comeca-nesta-quinta-feira-cgnoticias\/\" \/>\n\t<meta name=\"generator\" content=\"All in One SEO (AIOSEO) 5.0.1.1\" \/>\n\t\t<meta property=\"og:locale\" content=\"pt_BR\" \/>\n\t\t<meta property=\"og:site_name\" content=\"eJornais - Cat\u00e1logo de Jornais no mundo, Not\u00edcias, Blog e Esportes ao vivo\" \/>\n\t\t<meta property=\"og:type\" content=\"article\" \/>\n\t\t<meta property=\"og:title\" content=\"Feir\u00e3o Habita come\u00e7a nesta quinta-feira \u2013 CGNot\u00edcias - eJornais\" \/>\n\t\t<meta property=\"og:description\" content=\"A Prefeitura de Campo Grande, por meio da Ag\u00eancia Municipal de Habita\u00e7\u00e3o e Assuntos Fundi\u00e1rios (EMHA), realiza a 9\u00aa edi\u00e7\u00e3o do Feir\u00e3o Habita Campo Grande entre os dias 7 e 22 de agosto, no P\u00e1tio Central Shopping. Considerado o maior evento de habita\u00e7\u00e3o de interesse social da Regi\u00e3o Centro-Oeste, o feir\u00e3o oferece condi\u00e7\u00f5es facilitadas para\" \/>\n\t\t<meta property=\"og:url\" content=\"https:\/\/ejornais.com.br\/index.php\/2025\/08\/07\/feirao-habita-comeca-nesta-quinta-feira-cgnoticias\/\" \/>\n\t\t<meta property=\"article:published_time\" content=\"2025-08-07T10:28:09+00:00\" \/>\n\t\t<meta property=\"article:modified_time\" content=\"2025-08-07T10:28:09+00:00\" \/>\n\t\t<meta name=\"twitter:card\" content=\"summary_large_image\" \/>\n\t\t<meta name=\"twitter:title\" content=\"Feir\u00e3o Habita come\u00e7a nesta quinta-feira \u2013 CGNot\u00edcias - eJornais\" \/>\n\t\t<meta name=\"twitter:description\" content=\"A Prefeitura de Campo Grande, por meio da Ag\u00eancia Municipal de Habita\u00e7\u00e3o e Assuntos Fundi\u00e1rios (EMHA), realiza a 9\u00aa edi\u00e7\u00e3o do Feir\u00e3o Habita Campo Grande entre os dias 7 e 22 de agosto, no P\u00e1tio Central Shopping. Considerado o maior evento de habita\u00e7\u00e3o de interesse social da Regi\u00e3o Centro-Oeste, o feir\u00e3o oferece condi\u00e7\u00f5es facilitadas para\" \/>\n\t\t<script type=\"application\/ld+json\" class=\"aioseo-schema\">\n\t\t\t{\"@context\":\"https:\\\/\\\/schema.org\",\"@graph\":[{\"@type\":\"BlogPosting\",\"@id\":\"https:\\\/\\\/ejornais.com.br\\\/index.php\\\/2025\\\/08\\\/07\\\/feirao-habita-comeca-nesta-quinta-feira-cgnoticias\\\/#blogposting\",\"name\":\"Feir\\u00e3o Habita come\\u00e7a nesta quinta-feira \\u2013 CGNot\\u00edcias - eJornais\",\"headline\":\"Feir\\u00e3o Habita come\\u00e7a nesta quinta-feira \\u2013 CGNot\\u00edcias\",\"author\":{\"@id\":\"https:\\\/\\\/ejornais.com.br\\\/index.php\\\/author\\\/admin1\\\/#author\"},\"publisher\":{\"@id\":\"https:\\\/\\\/ejornais.com.br\\\/#organization\"},\"datePublished\":\"2025-08-07T07:28:09-03:00\",\"dateModified\":\"2025-08-07T07:28:09-03:00\",\"inLanguage\":\"pt-BR\",\"mainEntityOfPage\":{\"@id\":\"https:\\\/\\\/ejornais.com.br\\\/index.php\\\/2025\\\/08\\\/07\\\/feirao-habita-comeca-nesta-quinta-feira-cgnoticias\\\/#webpage\"},\"isPartOf\":{\"@id\":\"https:\\\/\\\/ejornais.com.br\\\/index.php\\\/2025\\\/08\\\/07\\\/feirao-habita-comeca-nesta-quinta-feira-cgnoticias\\\/#webpage\"},\"articleSection\":\"Cat\\u00e1logo de Jornais\"},{\"@type\":\"BreadcrumbList\",\"@id\":\"https:\\\/\\\/ejornais.com.br\\\/index.php\\\/2025\\\/08\\\/07\\\/feirao-habita-comeca-nesta-quinta-feira-cgnoticias\\\/#breadcrumblist\",\"itemListElement\":[{\"@type\":\"ListItem\",\"@id\":\"https:\\\/\\\/ejornais.com.br#listItem\",\"position\":1,\"name\":\"In\\u00edcio\",\"item\":\"https:\\\/\\\/ejornais.com.br\",\"nextItem\":{\"@type\":\"ListItem\",\"@id\":\"https:\\\/\\\/ejornais.com.br\\\/index.php\\\/category\\\/ejornais\\\/#listItem\",\"name\":\"Cat\\u00e1logo de Jornais\"}},{\"@type\":\"ListItem\",\"@id\":\"https:\\\/\\\/ejornais.com.br\\\/index.php\\\/category\\\/ejornais\\\/#listItem\",\"position\":2,\"name\":\"Cat\\u00e1logo de Jornais\",\"item\":\"https:\\\/\\\/ejornais.com.br\\\/index.php\\\/category\\\/ejornais\\\/\",\"nextItem\":{\"@type\":\"ListItem\",\"@id\":\"https:\\\/\\\/ejornais.com.br\\\/index.php\\\/2025\\\/08\\\/07\\\/feirao-habita-comeca-nesta-quinta-feira-cgnoticias\\\/#listItem\",\"name\":\"Feir\\u00e3o Habita come\\u00e7a nesta quinta-feira \\u2013 CGNot\\u00edcias\"},\"previousItem\":{\"@type\":\"ListItem\",\"@id\":\"https:\\\/\\\/ejornais.com.br#listItem\",\"name\":\"In\\u00edcio\"}},{\"@type\":\"ListItem\",\"@id\":\"https:\\\/\\\/ejornais.com.br\\\/index.php\\\/2025\\\/08\\\/07\\\/feirao-habita-comeca-nesta-quinta-feira-cgnoticias\\\/#listItem\",\"position\":3,\"name\":\"Feir\\u00e3o Habita come\\u00e7a nesta quinta-feira \\u2013 CGNot\\u00edcias\",\"previousItem\":{\"@type\":\"ListItem\",\"@id\":\"https:\\\/\\\/ejornais.com.br\\\/index.php\\\/category\\\/ejornais\\\/#listItem\",\"name\":\"Cat\\u00e1logo de Jornais\"}}]},{\"@type\":\"Organization\",\"@id\":\"https:\\\/\\\/ejornais.com.br\\\/#organization\",\"name\":\"eJornais\",\"description\":\"Cat\\u00e1logo de Jornais no mundo, Not\\u00edcias, Blog e Esportes ao vivo\",\"url\":\"https:\\\/\\\/ejornais.com.br\\\/\"},{\"@type\":\"Person\",\"@id\":\"https:\\\/\\\/ejornais.com.br\\\/index.php\\\/author\\\/admin1\\\/#author\",\"url\":\"https:\\\/\\\/ejornais.com.br\\\/index.php\\\/author\\\/admin1\\\/\",\"name\":\"admin1\",\"image\":{\"@type\":\"ImageObject\",\"@id\":\"https:\\\/\\\/ejornais.com.br\\\/index.php\\\/2025\\\/08\\\/07\\\/feirao-habita-comeca-nesta-quinta-feira-cgnoticias\\\/#authorImage\",\"url\":\"https:\\\/\\\/secure.gravatar.com\\\/avatar\\\/04084e6d73c042b8646e7c17b494073bf0ede3ea13c7105cfc45cbbbc28385a4?s=96&d=mm&r=g\",\"width\":96,\"height\":96,\"caption\":\"admin1\"}},{\"@type\":\"WebPage\",\"@id\":\"https:\\\/\\\/ejornais.com.br\\\/index.php\\\/2025\\\/08\\\/07\\\/feirao-habita-comeca-nesta-quinta-feira-cgnoticias\\\/#webpage\",\"url\":\"https:\\\/\\\/ejornais.com.br\\\/index.php\\\/2025\\\/08\\\/07\\\/feirao-habita-comeca-nesta-quinta-feira-cgnoticias\\\/\",\"name\":\"Feir\\u00e3o Habita come\\u00e7a nesta quinta-feira \\u2013 CGNot\\u00edcias - eJornais\",\"description\":\"A Prefeitura de Campo Grande, por meio da Ag\\u00eancia Municipal de Habita\\u00e7\\u00e3o e Assuntos Fundi\\u00e1rios (EMHA), realiza a 9\\u00aa edi\\u00e7\\u00e3o do Feir\\u00e3o Habita Campo Grande entre os dias 7 e 22 de agosto, no P\\u00e1tio Central Shopping. Considerado o maior evento de habita\\u00e7\\u00e3o de interesse social da Regi\\u00e3o Centro-Oeste, o feir\\u00e3o oferece condi\\u00e7\\u00f5es facilitadas para\",\"inLanguage\":\"pt-BR\",\"isPartOf\":{\"@id\":\"https:\\\/\\\/ejornais.com.br\\\/#website\"},\"breadcrumb\":{\"@id\":\"https:\\\/\\\/ejornais.com.br\\\/index.php\\\/2025\\\/08\\\/07\\\/feirao-habita-comeca-nesta-quinta-feira-cgnoticias\\\/#breadcrumblist\"},\"author\":{\"@id\":\"https:\\\/\\\/ejornais.com.br\\\/index.php\\\/author\\\/admin1\\\/#author\"},\"creator\":{\"@id\":\"https:\\\/\\\/ejornais.com.br\\\/index.php\\\/author\\\/admin1\\\/#author\"},\"datePublished\":\"2025-08-07T07:28:09-03:00\",\"dateModified\":\"2025-08-07T07:28:09-03:00\"},{\"@type\":\"WebSite\",\"@id\":\"https:\\\/\\\/ejornais.com.br\\\/#website\",\"url\":\"https:\\\/\\\/ejornais.com.br\\\/\",\"name\":\"eJornais\",\"description\":\"Cat\\u00e1logo de Jornais no mundo, Not\\u00edcias, Blog e Esportes ao vivo\",\"inLanguage\":\"pt-BR\",\"publisher\":{\"@id\":\"https:\\\/\\\/ejornais.com.br\\\/#organization\"}}]}\n\t\t<\/script>\n\t\t<!-- All in One SEO -->\n\n","aioseo_head_json":{"title":"Feir\u00e3o Habita come\u00e7a nesta quinta-feira \u2013 CGNot\u00edcias - eJornais","description":"A Prefeitura de Campo Grande, por meio da Ag\u00eancia Municipal de Habita\u00e7\u00e3o e Assuntos Fundi\u00e1rios (EMHA), realiza a 9\u00aa edi\u00e7\u00e3o do Feir\u00e3o Habita Campo Grande entre os dias 7 e 22 de agosto, no P\u00e1tio Central Shopping. Considerado o maior evento de habita\u00e7\u00e3o de interesse social da Regi\u00e3o Centro-Oeste, o feir\u00e3o oferece condi\u00e7\u00f5es facilitadas para","canonical_url":"https:\/\/ejornais.com.br\/index.php\/2025\/08\/07\/feirao-habita-comeca-nesta-quinta-feira-cgnoticias\/","robots":"max-image-preview:large","keywords":"","webmasterTools":{"miscellaneous":""},"schema":{"@context":"https:\/\/schema.org","@graph":[{"@type":"BlogPosting","@id":"https:\/\/ejornais.com.br\/index.php\/2025\/08\/07\/feirao-habita-comeca-nesta-quinta-feira-cgnoticias\/#blogposting","name":"Feir\u00e3o Habita come\u00e7a nesta quinta-feira \u2013 CGNot\u00edcias - eJornais","headline":"Feir\u00e3o Habita come\u00e7a nesta quinta-feira \u2013 CGNot\u00edcias","author":{"@id":"https:\/\/ejornais.com.br\/index.php\/author\/admin1\/#author"},"publisher":{"@id":"https:\/\/ejornais.com.br\/#organization"},"datePublished":"2025-08-07T07:28:09-03:00","dateModified":"2025-08-07T07:28:09-03:00","inLanguage":"pt-BR","mainEntityOfPage":{"@id":"https:\/\/ejornais.com.br\/index.php\/2025\/08\/07\/feirao-habita-comeca-nesta-quinta-feira-cgnoticias\/#webpage"},"isPartOf":{"@id":"https:\/\/ejornais.com.br\/index.php\/2025\/08\/07\/feirao-habita-comeca-nesta-quinta-feira-cgnoticias\/#webpage"},"articleSection":"Cat\u00e1logo de Jornais"},{"@type":"BreadcrumbList","@id":"https:\/\/ejornais.com.br\/index.php\/2025\/08\/07\/feirao-habita-comeca-nesta-quinta-feira-cgnoticias\/#breadcrumblist","itemListElement":[{"@type":"ListItem","@id":"https:\/\/ejornais.com.br#listItem","position":1,"name":"In\u00edcio","item":"https:\/\/ejornais.com.br","nextItem":{"@type":"ListItem","@id":"https:\/\/ejornais.com.br\/index.php\/category\/ejornais\/#listItem","name":"Cat\u00e1logo de Jornais"}},{"@type":"ListItem","@id":"https:\/\/ejornais.com.br\/index.php\/category\/ejornais\/#listItem","position":2,"name":"Cat\u00e1logo de Jornais","item":"https:\/\/ejornais.com.br\/index.php\/category\/ejornais\/","nextItem":{"@type":"ListItem","@id":"https:\/\/ejornais.com.br\/index.php\/2025\/08\/07\/feirao-habita-comeca-nesta-quinta-feira-cgnoticias\/#listItem","name":"Feir\u00e3o Habita come\u00e7a nesta quinta-feira \u2013 CGNot\u00edcias"},"previousItem":{"@type":"ListItem","@id":"https:\/\/ejornais.com.br#listItem","name":"In\u00edcio"}},{"@type":"ListItem","@id":"https:\/\/ejornais.com.br\/index.php\/2025\/08\/07\/feirao-habita-comeca-nesta-quinta-feira-cgnoticias\/#listItem","position":3,"name":"Feir\u00e3o Habita come\u00e7a nesta quinta-feira \u2013 CGNot\u00edcias","previousItem":{"@type":"ListItem","@id":"https:\/\/ejornais.com.br\/index.php\/category\/ejornais\/#listItem","name":"Cat\u00e1logo de Jornais"}}]},{"@type":"Organization","@id":"https:\/\/ejornais.com.br\/#organization","name":"eJornais","description":"Cat\u00e1logo de Jornais no mundo, Not\u00edcias, Blog e Esportes ao vivo","url":"https:\/\/ejornais.com.br\/"},{"@type":"Person","@id":"https:\/\/ejornais.com.br\/index.php\/author\/admin1\/#author","url":"https:\/\/ejornais.com.br\/index.php\/author\/admin1\/","name":"admin1","image":{"@type":"ImageObject","@id":"https:\/\/ejornais.com.br\/index.php\/2025\/08\/07\/feirao-habita-comeca-nesta-quinta-feira-cgnoticias\/#authorImage","url":"https:\/\/secure.gravatar.com\/avatar\/04084e6d73c042b8646e7c17b494073bf0ede3ea13c7105cfc45cbbbc28385a4?s=96&d=mm&r=g","width":96,"height":96,"caption":"admin1"}},{"@type":"WebPage","@id":"https:\/\/ejornais.com.br\/index.php\/2025\/08\/07\/feirao-habita-comeca-nesta-quinta-feira-cgnoticias\/#webpage","url":"https:\/\/ejornais.com.br\/index.php\/2025\/08\/07\/feirao-habita-comeca-nesta-quinta-feira-cgnoticias\/","name":"Feir\u00e3o Habita come\u00e7a nesta quinta-feira \u2013 CGNot\u00edcias - eJornais","description":"A Prefeitura de Campo Grande, por meio da Ag\u00eancia Municipal de Habita\u00e7\u00e3o e Assuntos Fundi\u00e1rios (EMHA), realiza a 9\u00aa edi\u00e7\u00e3o do Feir\u00e3o Habita Campo Grande entre os dias 7 e 22 de agosto, no P\u00e1tio Central Shopping. Considerado o maior evento de habita\u00e7\u00e3o de interesse social da Regi\u00e3o Centro-Oeste, o feir\u00e3o oferece condi\u00e7\u00f5es facilitadas para","inLanguage":"pt-BR","isPartOf":{"@id":"https:\/\/ejornais.com.br\/#website"},"breadcrumb":{"@id":"https:\/\/ejornais.com.br\/index.php\/2025\/08\/07\/feirao-habita-comeca-nesta-quinta-feira-cgnoticias\/#breadcrumblist"},"author":{"@id":"https:\/\/ejornais.com.br\/index.php\/author\/admin1\/#author"},"creator":{"@id":"https:\/\/ejornais.com.br\/index.php\/author\/admin1\/#author"},"datePublished":"2025-08-07T07:28:09-03:00","dateModified":"2025-08-07T07:28:09-03:00"},{"@type":"WebSite","@id":"https:\/\/ejornais.com.br\/#website","url":"https:\/\/ejornais.com.br\/","name":"eJornais","description":"Cat\u00e1logo de Jornais no mundo, Not\u00edcias, Blog e Esportes ao vivo","inLanguage":"pt-BR","publisher":{"@id":"https:\/\/ejornais.com.br\/#organization"}}]},"og:locale":"pt_BR","og:site_name":"eJornais - Cat\u00e1logo de Jornais no mundo, Not\u00edcias, Blog e Esportes ao vivo","og:type":"article","og:title":"Feir\u00e3o Habita come\u00e7a nesta quinta-feira \u2013 CGNot\u00edcias - eJornais","og:description":"A Prefeitura de Campo Grande, por meio da Ag\u00eancia Municipal de Habita\u00e7\u00e3o e Assuntos Fundi\u00e1rios (EMHA), realiza a 9\u00aa edi\u00e7\u00e3o do Feir\u00e3o Habita Campo Grande entre os dias 7 e 22 de agosto, no P\u00e1tio Central Shopping. Considerado o maior evento de habita\u00e7\u00e3o de interesse social da Regi\u00e3o Centro-Oeste, o feir\u00e3o oferece condi\u00e7\u00f5es facilitadas para","og:url":"https:\/\/ejornais.com.br\/index.php\/2025\/08\/07\/feirao-habita-comeca-nesta-quinta-feira-cgnoticias\/","article:published_time":"2025-08-07T10:28:09+00:00","article:modified_time":"2025-08-07T10:28:09+00:00","twitter:card":"summary_large_image","twitter:title":"Feir\u00e3o Habita come\u00e7a nesta quinta-feira \u2013 CGNot\u00edcias - eJornais","twitter:description":"A Prefeitura de Campo Grande, por meio da Ag\u00eancia Municipal de Habita\u00e7\u00e3o e Assuntos Fundi\u00e1rios (EMHA), realiza a 9\u00aa edi\u00e7\u00e3o do Feir\u00e3o Habita Campo Grande entre os dias 7 e 22 de agosto, no P\u00e1tio Central Shopping. Considerado o maior evento de habita\u00e7\u00e3o de interesse social da Regi\u00e3o Centro-Oeste, o feir\u00e3o oferece condi\u00e7\u00f5es facilitadas para"},"aioseo_meta_data":{"post_id":"50030","title":null,"description":null,"keywords":null,"keyphrases":null,"primary_term":null,"canonical_url":null,"og_title":null,"og_description":null,"og_object_type":"default","og_image_type":"default","og_image_url":null,"og_image_width":null,"og_image_height":null,"og_image_custom_url":null,"og_image_custom_fields":null,"og_video":null,"og_custom_url":null,"og_article_section":null,"og_article_tags":null,"twitter_use_og":false,"twitter_card":"default","twitter_image_type":"default","twitter_image_url":null,"twitter_image_custom_url":null,"twitter_image_custom_fields":null,"twitter_title":null,"twitter_description":null,"schema":{"blockGraphs":[],"customGraphs":[],"default":{"data":{"Article":[],"Course":[],"Dataset":[],"FAQPage":[],"Movie":[],"Person":[],"Product":[],"ProductReview":[],"Car":[],"Recipe":[],"Service":[],"SoftwareApplication":[],"WebPage":[]},"graphName":"","isEnabled":true},"graphs":[]},"schema_type":"default","schema_type_options":null,"pillar_content":false,"robots_default":true,"robots_noindex":false,"robots_noarchive":false,"robots_nosnippet":false,"robots_nofollow":false,"robots_noimageindex":false,"robots_noodp":false,"robots_notranslate":false,"robots_max_snippet":null,"robots_max_videopreview":null,"robots_max_imagepreview":"large","priority":null,"frequency":null,"local_seo":null,"breadcrumb_settings":null,"limit_modified_date":false,"ai":null,"created":"2025-08-07 10:31:20","updated":"2025-08-07 10:31:20","seo_analyzer_scan_date":null,"focus_keyword":null,"additional_keywords":null,"truseo_locale":null},"aioseo_breadcrumb":"<div class=\"aioseo-breadcrumbs\"><span class=\"aioseo-breadcrumb\">\n\t\t\t<a href=\"https:\/\/ejornais.com.br\" title=\"In\u00edcio\">In\u00edcio<\/a>\n\t\t<\/span><span class=\"aioseo-breadcrumb-separator\">&raquo;<\/span><span class=\"aioseo-breadcrumb\">\n\t\t\t<a href=\"https:\/\/ejornais.com.br\/index.php\/category\/ejornais\/\" title=\"Cat\u00e1logo de Jornais\">Cat\u00e1logo de Jornais<\/a>\n\t\t<\/span><span class=\"aioseo-breadcrumb-separator\">&raquo;<\/span><span class=\"aioseo-breadcrumb\">\n\t\t\tFeir\u00e3o Habita come\u00e7a nesta quinta-feira \u2013 CGNot\u00edcias\n\t\t<\/span><\/div>","aioseo_breadcrumb_json":[{"label":"In\u00edcio","link":"https:\/\/ejornais.com.br"},{"label":"Cat\u00e1logo de Jornais","link":"https:\/\/ejornais.com.br\/index.php\/category\/ejornais\/"},{"label":"Feir\u00e3o Habita come\u00e7a nesta quinta-feira \u2013 CGNot\u00edcias","link":"https:\/\/ejornais.com.br\/index.php\/2025\/08\/07\/feirao-habita-comeca-nesta-quinta-feira-cgnoticias\/"}],"amp_enabled":true,"_links":{"self":[{"href":"https:\/\/ejornais.com.br\/index.php\/wp-json\/wp\/v2\/posts\/50030","targetHints":{"allow":["GET"]}}],"collection":[{"href":"https:\/\/ejornais.com.br\/index.php\/wp-json\/wp\/v2\/posts"}],"about":[{"href":"https:\/\/ejornais.com.br\/index.php\/wp-json\/wp\/v2\/types\/post"}],"author":[{"embeddable":true,"href":"https:\/\/ejornais.com.br\/index.php\/wp-json\/wp\/v2\/users\/2"}],"replies":[{"embeddable":true,"href":"https:\/\/ejornais.com.br\/index.php\/wp-json\/wp\/v2\/comments?post=50030"}],"version-history":[{"count":0,"href":"https:\/\/ejornais.com.br\/index.php\/wp-json\/wp\/v2\/posts\/50030\/revisions"}],"wp:attachment":[{"href":"https:\/\/ejornais.com.br\/index.php\/wp-json\/wp\/v2\/media?parent=50030"}],"wp:term":[{"taxonomy":"category","embeddable":true,"href":"https:\/\/ejornais.com.br\/index.php\/wp-json\/wp\/v2\/categories?post=50030"},{"taxonomy":"post_tag","embeddable":true,"href":"https:\/\/ejornais.com.br\/index.php\/wp-json\/wp\/v2\/tags?post=50030"}],"curies":[{"name":"wp","href":"https:\/\/api.w.org\/{rel}","templated":true}]}}