{"id":50410,"date":"2025-08-13T14:12:57","date_gmt":"2025-08-13T17:12:57","guid":{"rendered":"https:\/\/ejornais.com.br\/index.php\/2025\/08\/13\/no-dia-internacional-da-juventude-jovens-em-situacao-de-vulnerabilidade-visitam-o-pao-de-acucar-prefeitura-da-cidade-do-rio-de-janeiro\/"},"modified":"2025-08-13T14:12:57","modified_gmt":"2025-08-13T17:12:57","slug":"no-dia-internacional-da-juventude-jovens-em-situacao-de-vulnerabilidade-visitam-o-pao-de-acucar-prefeitura-da-cidade-do-rio-de-janeiro","status":"publish","type":"post","link":"https:\/\/ejornais.com.br\/index.php\/2025\/08\/13\/no-dia-internacional-da-juventude-jovens-em-situacao-de-vulnerabilidade-visitam-o-pao-de-acucar-prefeitura-da-cidade-do-rio-de-janeiro\/","title":{"rendered":"No Dia Internacional da Juventude, jovens em situa\u00e7\u00e3o de vulnerabilidade visitam o P\u00e3o de A\u00e7\u00facar &#8211; Prefeitura da Cidade do Rio de Janeiro"},"content":{"rendered":"<p><\/p>\n<div id=\"main\">\n<div class=\"wrapper-breadcrumbs\" wp_automatic_readability=\"52.246033713436\">\n<div class=\"image-post\" wp_automatic_readability=\"33\">\n                     Trinta jovens de 12 a 18 anos residentes em centros de acolhimento da Prefeitura tiveram a oportunidade de conhecer o P\u00e3o de A\u00e7\u00facar &#8211; Divulga\u00e7\u00e3o                  <\/div>\n<p>No Dia Internacional da Juventude (12\/8), trinta jovens de 12 a 18 anos residentes em centros de acolhimento da Prefeitura do Rio tiveram a oportunidade de conhecer um dos principais cart\u00f5es-postais da cidade: o P\u00e3o de A\u00e7\u00facar. A a\u00e7\u00e3o foi promovida pela Secretaria da Juventude Carioca (JUVRio), em parceria com a Secretaria Municipal de Assist\u00eancia Social (SMAS), com o objetivo de ampliar o acesso desses jovens, muitos deles \u00f3rf\u00e3os ou com v\u00ednculos familiares rompidos, a equipamentos culturais e tur\u00edsticos da cidade.<\/p>\n<blockquote wp_automatic_readability=\"9\">\n<p>\u2013 Essa \u00e9 uma iniciativa que pensamos para dar mais acesso e direito \u00e0 cidade a jovens atendidos pela Prefeitura. Trouxemos eles em um dos pontos tur\u00edsticos mais emblem\u00e1ticos do Rio de Janeiro. Estamos muito felizes de propiciar isso porque acreditamos que toda pessoa que quer recome\u00e7ar e ter oportunidades na vida tem o direito de alcan\u00e7ar o que sonha \u2013 destacou a secret\u00e1ria da Juventude Carioca, Gabriella Rodrigues.<\/p>\n<\/blockquote>\n<p>Os participantes vivem atualmente em quatro unidades de acolhimento da SMAS: Catete, Pra\u00e7a da Bandeira, M\u00e9ier e Penha. Os ingressos foram cedidos pela Riotur, que se uniu \u00e0 iniciativa para proporcionar um dia de novas experi\u00eancias e mem\u00f3rias positivas.<\/p>\n<blockquote wp_automatic_readability=\"11\">\n<p>\u2013 \u00c9 uma alegria para a Riotur apoiar uma iniciativa que conecta nossos jovens com o que o Rio tem de mais simb\u00f3lico, cultural e inspirador. O turismo tamb\u00e9m \u00e9 uma ferramenta de inclus\u00e3o, e proporcionar experi\u00eancias \u00e9 uma forma de mostrar a esses jovens que eles pertencem \u00e0 cidade e t\u00eam direito a sonhar com novos horizontes \u2013 disse o presidente da Riotur, Bernardo Fellows.<\/p>\n<\/blockquote>\n<p>E., de 14 anos, \u00e9 uma das jovens residentes da SMAS e falou sobre a emo\u00e7\u00e3o que \u00e9 estar em um dos famosos cart\u00f5es-postais do mundo pela primeira vez.<\/p>\n<blockquote wp_automatic_readability=\"9\">\n<p>\u2013 Foi um dia maravilhoso e, desde pequenininha eu tinha o sonho de vir ao P\u00e3o de A\u00e7\u00facar. A juventude \u00e9 uma fase muito complicada e os jovens devem continuar sonhando para alcan\u00e7ar aquilo que gostariam de fazer na vida, comenta.<\/p>\n<\/blockquote>\n<p>A atividade integra uma s\u00e9rie de iniciativas da JUVRio para ampliar oportunidades, despertar novos horizontes e refor\u00e7ar o pertencimento desses jovens \u00e0 cidade. Nos \u00faltimos meses, a\u00e7\u00f5es semelhantes levaram grupos ao Museu do Pontal, Aeroporto Internacional Tom Jobim e ao cinema, onde assistiram ao filme vencedor do Oscar \u201cAinda Estou Aqui\u201d.<\/p>\n<p><strong>O M\u00eas da Juventude<\/strong><\/p>\n<p>Em agosto, a Secretaria da Juventude Carioca comemorara o M\u00eas da Juventude com uma s\u00e9rie de atividades gratuitas voltadas para a popula\u00e7\u00e3o de 15 a 29 anos do Rio de Janeiro. Atualmente, h\u00e1 mais de 1,5 milh\u00e3o de pessoas nessa faixa et\u00e1ria residindo na capital, em busca de mais oportunidades para se desenvolver, segundo dados do IBGE. Neste ano, a JUVRio preparou uma agenda diversa que beneficiar\u00e1 jovens de mais de 60 localidades da cidade. Desde o come\u00e7o de sua atua\u00e7\u00e3o no munic\u00edpio, a JUVRio j\u00e1 beneficiou 383.226 jovens com seus projetos e a\u00e7\u00f5es como os projetos Pacto pela Juventude, Espa\u00e7o da Juventude e Casas da Juventude, que oferecem cursos de qualifica\u00e7\u00e3o e forma\u00e7\u00e3o cidad\u00e3 em larga escala.<\/p>\n<p>             <!-- Compartilhe ---><\/p>\n<p>\t\t\t <!-- TAGS --><\/p>\n<section class=\"category-tags\">\n<article class=\"tags\">\n\t\t\t\t\tMarca\u00e7\u00f5es: Dia Internacional da Juventude jovens em vulnerabilidade P\u00e3o de A\u00e7\u00facar Prefeitura do Rio<br \/><\/article>\n<\/section>\n<p>            <!-- Mais Not&iacute;cias --><\/p>\n<p>\t\t<!-- Conte&uacute;do SIDEBAR --><\/p><\/div>\n<\/p><\/div>\n","protected":false},"excerpt":{"rendered":"<p>Trinta jovens de 12 a 18 anos residentes em centros de acolhimento da Prefeitura tiveram a oportunidade de conhecer o<\/p>\n","protected":false},"author":2,"featured_media":0,"comment_status":"","ping_status":"","sticky":false,"template":"","format":"standard","meta":{"colormag_page_container_layout":"default_layout","colormag_page_sidebar_layout":"default_layout","footnotes":""},"categories":[1],"tags":[],"class_list":["post-50410","post","type-post","status-publish","format-standard","hentry","category-ejornais"],"aioseo_notices":[],"aioseo_head":"\n\t\t<!-- All in One SEO 5.0.1.1 - aioseo.com -->\n\t<meta name=\"description\" content=\"Trinta jovens de 12 a 18 anos residentes em centros de acolhimento da Prefeitura tiveram a oportunidade de conhecer o P\u00e3o de A\u00e7\u00facar - Divulga\u00e7\u00e3o No Dia Internacional da Juventude (12\/8), trinta jovens de 12 a 18 anos residentes em centros de acolhimento da Prefeitura do Rio tiveram a oportunidade de conhecer um dos principais\" \/>\n\t<meta name=\"robots\" content=\"max-image-preview:large\" \/>\n\t<meta name=\"author\" content=\"admin1\"\/>\n\t<link rel=\"canonical\" href=\"https:\/\/ejornais.com.br\/index.php\/2025\/08\/13\/no-dia-internacional-da-juventude-jovens-em-situacao-de-vulnerabilidade-visitam-o-pao-de-acucar-prefeitura-da-cidade-do-rio-de-janeiro\/\" \/>\n\t<meta name=\"generator\" content=\"All in One SEO (AIOSEO) 5.0.1.1\" \/>\n\t\t<meta property=\"og:locale\" content=\"pt_BR\" \/>\n\t\t<meta property=\"og:site_name\" content=\"eJornais - Cat\u00e1logo de Jornais no mundo, Not\u00edcias, Blog e Esportes ao vivo\" \/>\n\t\t<meta property=\"og:type\" content=\"article\" \/>\n\t\t<meta property=\"og:title\" content=\"No Dia Internacional da Juventude, jovens em situa\u00e7\u00e3o de vulnerabilidade visitam o P\u00e3o de A\u00e7\u00facar \u2013 Prefeitura da Cidade do Rio de Janeiro - eJornais\" \/>\n\t\t<meta property=\"og:description\" content=\"Trinta jovens de 12 a 18 anos residentes em centros de acolhimento da Prefeitura tiveram a oportunidade de conhecer o P\u00e3o de A\u00e7\u00facar - Divulga\u00e7\u00e3o No Dia Internacional da Juventude (12\/8), trinta jovens de 12 a 18 anos residentes em centros de acolhimento da Prefeitura do Rio tiveram a oportunidade de conhecer um dos principais\" \/>\n\t\t<meta property=\"og:url\" content=\"https:\/\/ejornais.com.br\/index.php\/2025\/08\/13\/no-dia-internacional-da-juventude-jovens-em-situacao-de-vulnerabilidade-visitam-o-pao-de-acucar-prefeitura-da-cidade-do-rio-de-janeiro\/\" \/>\n\t\t<meta property=\"article:published_time\" content=\"2025-08-13T17:12:57+00:00\" \/>\n\t\t<meta property=\"article:modified_time\" content=\"2025-08-13T17:12:57+00:00\" \/>\n\t\t<meta name=\"twitter:card\" content=\"summary_large_image\" \/>\n\t\t<meta name=\"twitter:title\" content=\"No Dia Internacional da Juventude, jovens em situa\u00e7\u00e3o de vulnerabilidade visitam o P\u00e3o de A\u00e7\u00facar \u2013 Prefeitura da Cidade do Rio de Janeiro - eJornais\" \/>\n\t\t<meta name=\"twitter:description\" content=\"Trinta jovens de 12 a 18 anos residentes em centros de acolhimento da Prefeitura tiveram a oportunidade de conhecer o P\u00e3o de A\u00e7\u00facar - Divulga\u00e7\u00e3o No Dia Internacional da Juventude (12\/8), trinta jovens de 12 a 18 anos residentes em centros de acolhimento da Prefeitura do Rio tiveram a oportunidade de conhecer um dos principais\" \/>\n\t\t<script type=\"application\/ld+json\" class=\"aioseo-schema\">\n\t\t\t{\"@context\":\"https:\\\/\\\/schema.org\",\"@graph\":[{\"@type\":\"BlogPosting\",\"@id\":\"https:\\\/\\\/ejornais.com.br\\\/index.php\\\/2025\\\/08\\\/13\\\/no-dia-internacional-da-juventude-jovens-em-situacao-de-vulnerabilidade-visitam-o-pao-de-acucar-prefeitura-da-cidade-do-rio-de-janeiro\\\/#blogposting\",\"name\":\"No Dia Internacional da Juventude, jovens em situa\\u00e7\\u00e3o de vulnerabilidade visitam o P\\u00e3o de A\\u00e7\\u00facar \\u2013 Prefeitura da Cidade do Rio de Janeiro - eJornais\",\"headline\":\"No Dia Internacional da Juventude, jovens em situa\\u00e7\\u00e3o de vulnerabilidade visitam o P\\u00e3o de A\\u00e7\\u00facar &#8211; Prefeitura da Cidade do Rio de Janeiro\",\"author\":{\"@id\":\"https:\\\/\\\/ejornais.com.br\\\/index.php\\\/author\\\/admin1\\\/#author\"},\"publisher\":{\"@id\":\"https:\\\/\\\/ejornais.com.br\\\/#organization\"},\"datePublished\":\"2025-08-13T14:12:57-03:00\",\"dateModified\":\"2025-08-13T14:12:57-03:00\",\"inLanguage\":\"pt-BR\",\"mainEntityOfPage\":{\"@id\":\"https:\\\/\\\/ejornais.com.br\\\/index.php\\\/2025\\\/08\\\/13\\\/no-dia-internacional-da-juventude-jovens-em-situacao-de-vulnerabilidade-visitam-o-pao-de-acucar-prefeitura-da-cidade-do-rio-de-janeiro\\\/#webpage\"},\"isPartOf\":{\"@id\":\"https:\\\/\\\/ejornais.com.br\\\/index.php\\\/2025\\\/08\\\/13\\\/no-dia-internacional-da-juventude-jovens-em-situacao-de-vulnerabilidade-visitam-o-pao-de-acucar-prefeitura-da-cidade-do-rio-de-janeiro\\\/#webpage\"},\"articleSection\":\"Cat\\u00e1logo de Jornais\"},{\"@type\":\"BreadcrumbList\",\"@id\":\"https:\\\/\\\/ejornais.com.br\\\/index.php\\\/2025\\\/08\\\/13\\\/no-dia-internacional-da-juventude-jovens-em-situacao-de-vulnerabilidade-visitam-o-pao-de-acucar-prefeitura-da-cidade-do-rio-de-janeiro\\\/#breadcrumblist\",\"itemListElement\":[{\"@type\":\"ListItem\",\"@id\":\"https:\\\/\\\/ejornais.com.br#listItem\",\"position\":1,\"name\":\"In\\u00edcio\",\"item\":\"https:\\\/\\\/ejornais.com.br\",\"nextItem\":{\"@type\":\"ListItem\",\"@id\":\"https:\\\/\\\/ejornais.com.br\\\/index.php\\\/category\\\/ejornais\\\/#listItem\",\"name\":\"Cat\\u00e1logo de Jornais\"}},{\"@type\":\"ListItem\",\"@id\":\"https:\\\/\\\/ejornais.com.br\\\/index.php\\\/category\\\/ejornais\\\/#listItem\",\"position\":2,\"name\":\"Cat\\u00e1logo de Jornais\",\"item\":\"https:\\\/\\\/ejornais.com.br\\\/index.php\\\/category\\\/ejornais\\\/\",\"nextItem\":{\"@type\":\"ListItem\",\"@id\":\"https:\\\/\\\/ejornais.com.br\\\/index.php\\\/2025\\\/08\\\/13\\\/no-dia-internacional-da-juventude-jovens-em-situacao-de-vulnerabilidade-visitam-o-pao-de-acucar-prefeitura-da-cidade-do-rio-de-janeiro\\\/#listItem\",\"name\":\"No Dia Internacional da Juventude, jovens em situa\\u00e7\\u00e3o de vulnerabilidade visitam o P\\u00e3o de A\\u00e7\\u00facar &#8211; Prefeitura da Cidade do Rio de Janeiro\"},\"previousItem\":{\"@type\":\"ListItem\",\"@id\":\"https:\\\/\\\/ejornais.com.br#listItem\",\"name\":\"In\\u00edcio\"}},{\"@type\":\"ListItem\",\"@id\":\"https:\\\/\\\/ejornais.com.br\\\/index.php\\\/2025\\\/08\\\/13\\\/no-dia-internacional-da-juventude-jovens-em-situacao-de-vulnerabilidade-visitam-o-pao-de-acucar-prefeitura-da-cidade-do-rio-de-janeiro\\\/#listItem\",\"position\":3,\"name\":\"No Dia Internacional da Juventude, jovens em situa\\u00e7\\u00e3o de vulnerabilidade visitam o P\\u00e3o de A\\u00e7\\u00facar &#8211; Prefeitura da Cidade do Rio de Janeiro\",\"previousItem\":{\"@type\":\"ListItem\",\"@id\":\"https:\\\/\\\/ejornais.com.br\\\/index.php\\\/category\\\/ejornais\\\/#listItem\",\"name\":\"Cat\\u00e1logo de Jornais\"}}]},{\"@type\":\"Organization\",\"@id\":\"https:\\\/\\\/ejornais.com.br\\\/#organization\",\"name\":\"eJornais\",\"description\":\"Cat\\u00e1logo de Jornais no mundo, Not\\u00edcias, Blog e Esportes ao vivo\",\"url\":\"https:\\\/\\\/ejornais.com.br\\\/\"},{\"@type\":\"Person\",\"@id\":\"https:\\\/\\\/ejornais.com.br\\\/index.php\\\/author\\\/admin1\\\/#author\",\"url\":\"https:\\\/\\\/ejornais.com.br\\\/index.php\\\/author\\\/admin1\\\/\",\"name\":\"admin1\",\"image\":{\"@type\":\"ImageObject\",\"@id\":\"https:\\\/\\\/ejornais.com.br\\\/index.php\\\/2025\\\/08\\\/13\\\/no-dia-internacional-da-juventude-jovens-em-situacao-de-vulnerabilidade-visitam-o-pao-de-acucar-prefeitura-da-cidade-do-rio-de-janeiro\\\/#authorImage\",\"url\":\"https:\\\/\\\/secure.gravatar.com\\\/avatar\\\/04084e6d73c042b8646e7c17b494073bf0ede3ea13c7105cfc45cbbbc28385a4?s=96&d=mm&r=g\",\"width\":96,\"height\":96,\"caption\":\"admin1\"}},{\"@type\":\"WebPage\",\"@id\":\"https:\\\/\\\/ejornais.com.br\\\/index.php\\\/2025\\\/08\\\/13\\\/no-dia-internacional-da-juventude-jovens-em-situacao-de-vulnerabilidade-visitam-o-pao-de-acucar-prefeitura-da-cidade-do-rio-de-janeiro\\\/#webpage\",\"url\":\"https:\\\/\\\/ejornais.com.br\\\/index.php\\\/2025\\\/08\\\/13\\\/no-dia-internacional-da-juventude-jovens-em-situacao-de-vulnerabilidade-visitam-o-pao-de-acucar-prefeitura-da-cidade-do-rio-de-janeiro\\\/\",\"name\":\"No Dia Internacional da Juventude, jovens em situa\\u00e7\\u00e3o de vulnerabilidade visitam o P\\u00e3o de A\\u00e7\\u00facar \\u2013 Prefeitura da Cidade do Rio de Janeiro - eJornais\",\"description\":\"Trinta jovens de 12 a 18 anos residentes em centros de acolhimento da Prefeitura tiveram a oportunidade de conhecer o P\\u00e3o de A\\u00e7\\u00facar - Divulga\\u00e7\\u00e3o No Dia Internacional da Juventude (12\\\/8), trinta jovens de 12 a 18 anos residentes em centros de acolhimento da Prefeitura do Rio tiveram a oportunidade de conhecer um dos principais\",\"inLanguage\":\"pt-BR\",\"isPartOf\":{\"@id\":\"https:\\\/\\\/ejornais.com.br\\\/#website\"},\"breadcrumb\":{\"@id\":\"https:\\\/\\\/ejornais.com.br\\\/index.php\\\/2025\\\/08\\\/13\\\/no-dia-internacional-da-juventude-jovens-em-situacao-de-vulnerabilidade-visitam-o-pao-de-acucar-prefeitura-da-cidade-do-rio-de-janeiro\\\/#breadcrumblist\"},\"author\":{\"@id\":\"https:\\\/\\\/ejornais.com.br\\\/index.php\\\/author\\\/admin1\\\/#author\"},\"creator\":{\"@id\":\"https:\\\/\\\/ejornais.com.br\\\/index.php\\\/author\\\/admin1\\\/#author\"},\"datePublished\":\"2025-08-13T14:12:57-03:00\",\"dateModified\":\"2025-08-13T14:12:57-03:00\"},{\"@type\":\"WebSite\",\"@id\":\"https:\\\/\\\/ejornais.com.br\\\/#website\",\"url\":\"https:\\\/\\\/ejornais.com.br\\\/\",\"name\":\"eJornais\",\"description\":\"Cat\\u00e1logo de Jornais no mundo, Not\\u00edcias, Blog e Esportes ao vivo\",\"inLanguage\":\"pt-BR\",\"publisher\":{\"@id\":\"https:\\\/\\\/ejornais.com.br\\\/#organization\"}}]}\n\t\t<\/script>\n\t\t<!-- All in One SEO -->\n\n","aioseo_head_json":{"title":"No Dia Internacional da Juventude, jovens em situa\u00e7\u00e3o de vulnerabilidade visitam o P\u00e3o de A\u00e7\u00facar \u2013 Prefeitura da Cidade do Rio de Janeiro - eJornais","description":"Trinta jovens de 12 a 18 anos residentes em centros de acolhimento da Prefeitura tiveram a oportunidade de conhecer o P\u00e3o de A\u00e7\u00facar - Divulga\u00e7\u00e3o No Dia Internacional da Juventude (12\/8), trinta jovens de 12 a 18 anos residentes em centros de acolhimento da Prefeitura do Rio tiveram a oportunidade de conhecer um dos principais","canonical_url":"https:\/\/ejornais.com.br\/index.php\/2025\/08\/13\/no-dia-internacional-da-juventude-jovens-em-situacao-de-vulnerabilidade-visitam-o-pao-de-acucar-prefeitura-da-cidade-do-rio-de-janeiro\/","robots":"max-image-preview:large","keywords":"","webmasterTools":{"miscellaneous":""},"schema":{"@context":"https:\/\/schema.org","@graph":[{"@type":"BlogPosting","@id":"https:\/\/ejornais.com.br\/index.php\/2025\/08\/13\/no-dia-internacional-da-juventude-jovens-em-situacao-de-vulnerabilidade-visitam-o-pao-de-acucar-prefeitura-da-cidade-do-rio-de-janeiro\/#blogposting","name":"No Dia Internacional da Juventude, jovens em situa\u00e7\u00e3o de vulnerabilidade visitam o P\u00e3o de A\u00e7\u00facar \u2013 Prefeitura da Cidade do Rio de Janeiro - eJornais","headline":"No Dia Internacional da Juventude, jovens em situa\u00e7\u00e3o de vulnerabilidade visitam o P\u00e3o de A\u00e7\u00facar &#8211; Prefeitura da Cidade do Rio de Janeiro","author":{"@id":"https:\/\/ejornais.com.br\/index.php\/author\/admin1\/#author"},"publisher":{"@id":"https:\/\/ejornais.com.br\/#organization"},"datePublished":"2025-08-13T14:12:57-03:00","dateModified":"2025-08-13T14:12:57-03:00","inLanguage":"pt-BR","mainEntityOfPage":{"@id":"https:\/\/ejornais.com.br\/index.php\/2025\/08\/13\/no-dia-internacional-da-juventude-jovens-em-situacao-de-vulnerabilidade-visitam-o-pao-de-acucar-prefeitura-da-cidade-do-rio-de-janeiro\/#webpage"},"isPartOf":{"@id":"https:\/\/ejornais.com.br\/index.php\/2025\/08\/13\/no-dia-internacional-da-juventude-jovens-em-situacao-de-vulnerabilidade-visitam-o-pao-de-acucar-prefeitura-da-cidade-do-rio-de-janeiro\/#webpage"},"articleSection":"Cat\u00e1logo de Jornais"},{"@type":"BreadcrumbList","@id":"https:\/\/ejornais.com.br\/index.php\/2025\/08\/13\/no-dia-internacional-da-juventude-jovens-em-situacao-de-vulnerabilidade-visitam-o-pao-de-acucar-prefeitura-da-cidade-do-rio-de-janeiro\/#breadcrumblist","itemListElement":[{"@type":"ListItem","@id":"https:\/\/ejornais.com.br#listItem","position":1,"name":"In\u00edcio","item":"https:\/\/ejornais.com.br","nextItem":{"@type":"ListItem","@id":"https:\/\/ejornais.com.br\/index.php\/category\/ejornais\/#listItem","name":"Cat\u00e1logo de Jornais"}},{"@type":"ListItem","@id":"https:\/\/ejornais.com.br\/index.php\/category\/ejornais\/#listItem","position":2,"name":"Cat\u00e1logo de Jornais","item":"https:\/\/ejornais.com.br\/index.php\/category\/ejornais\/","nextItem":{"@type":"ListItem","@id":"https:\/\/ejornais.com.br\/index.php\/2025\/08\/13\/no-dia-internacional-da-juventude-jovens-em-situacao-de-vulnerabilidade-visitam-o-pao-de-acucar-prefeitura-da-cidade-do-rio-de-janeiro\/#listItem","name":"No Dia Internacional da Juventude, jovens em situa\u00e7\u00e3o de vulnerabilidade visitam o P\u00e3o de A\u00e7\u00facar &#8211; Prefeitura da Cidade do Rio de Janeiro"},"previousItem":{"@type":"ListItem","@id":"https:\/\/ejornais.com.br#listItem","name":"In\u00edcio"}},{"@type":"ListItem","@id":"https:\/\/ejornais.com.br\/index.php\/2025\/08\/13\/no-dia-internacional-da-juventude-jovens-em-situacao-de-vulnerabilidade-visitam-o-pao-de-acucar-prefeitura-da-cidade-do-rio-de-janeiro\/#listItem","position":3,"name":"No Dia Internacional da Juventude, jovens em situa\u00e7\u00e3o de vulnerabilidade visitam o P\u00e3o de A\u00e7\u00facar &#8211; Prefeitura da Cidade do Rio de Janeiro","previousItem":{"@type":"ListItem","@id":"https:\/\/ejornais.com.br\/index.php\/category\/ejornais\/#listItem","name":"Cat\u00e1logo de Jornais"}}]},{"@type":"Organization","@id":"https:\/\/ejornais.com.br\/#organization","name":"eJornais","description":"Cat\u00e1logo de Jornais no mundo, Not\u00edcias, Blog e Esportes ao vivo","url":"https:\/\/ejornais.com.br\/"},{"@type":"Person","@id":"https:\/\/ejornais.com.br\/index.php\/author\/admin1\/#author","url":"https:\/\/ejornais.com.br\/index.php\/author\/admin1\/","name":"admin1","image":{"@type":"ImageObject","@id":"https:\/\/ejornais.com.br\/index.php\/2025\/08\/13\/no-dia-internacional-da-juventude-jovens-em-situacao-de-vulnerabilidade-visitam-o-pao-de-acucar-prefeitura-da-cidade-do-rio-de-janeiro\/#authorImage","url":"https:\/\/secure.gravatar.com\/avatar\/04084e6d73c042b8646e7c17b494073bf0ede3ea13c7105cfc45cbbbc28385a4?s=96&d=mm&r=g","width":96,"height":96,"caption":"admin1"}},{"@type":"WebPage","@id":"https:\/\/ejornais.com.br\/index.php\/2025\/08\/13\/no-dia-internacional-da-juventude-jovens-em-situacao-de-vulnerabilidade-visitam-o-pao-de-acucar-prefeitura-da-cidade-do-rio-de-janeiro\/#webpage","url":"https:\/\/ejornais.com.br\/index.php\/2025\/08\/13\/no-dia-internacional-da-juventude-jovens-em-situacao-de-vulnerabilidade-visitam-o-pao-de-acucar-prefeitura-da-cidade-do-rio-de-janeiro\/","name":"No Dia Internacional da Juventude, jovens em situa\u00e7\u00e3o de vulnerabilidade visitam o P\u00e3o de A\u00e7\u00facar \u2013 Prefeitura da Cidade do Rio de Janeiro - eJornais","description":"Trinta jovens de 12 a 18 anos residentes em centros de acolhimento da Prefeitura tiveram a oportunidade de conhecer o P\u00e3o de A\u00e7\u00facar - Divulga\u00e7\u00e3o No Dia Internacional da Juventude (12\/8), trinta jovens de 12 a 18 anos residentes em centros de acolhimento da Prefeitura do Rio tiveram a oportunidade de conhecer um dos principais","inLanguage":"pt-BR","isPartOf":{"@id":"https:\/\/ejornais.com.br\/#website"},"breadcrumb":{"@id":"https:\/\/ejornais.com.br\/index.php\/2025\/08\/13\/no-dia-internacional-da-juventude-jovens-em-situacao-de-vulnerabilidade-visitam-o-pao-de-acucar-prefeitura-da-cidade-do-rio-de-janeiro\/#breadcrumblist"},"author":{"@id":"https:\/\/ejornais.com.br\/index.php\/author\/admin1\/#author"},"creator":{"@id":"https:\/\/ejornais.com.br\/index.php\/author\/admin1\/#author"},"datePublished":"2025-08-13T14:12:57-03:00","dateModified":"2025-08-13T14:12:57-03:00"},{"@type":"WebSite","@id":"https:\/\/ejornais.com.br\/#website","url":"https:\/\/ejornais.com.br\/","name":"eJornais","description":"Cat\u00e1logo de Jornais no mundo, Not\u00edcias, Blog e Esportes ao vivo","inLanguage":"pt-BR","publisher":{"@id":"https:\/\/ejornais.com.br\/#organization"}}]},"og:locale":"pt_BR","og:site_name":"eJornais - Cat\u00e1logo de Jornais no mundo, Not\u00edcias, Blog e Esportes ao vivo","og:type":"article","og:title":"No Dia Internacional da Juventude, jovens em situa\u00e7\u00e3o de vulnerabilidade visitam o P\u00e3o de A\u00e7\u00facar \u2013 Prefeitura da Cidade do Rio de Janeiro - eJornais","og:description":"Trinta jovens de 12 a 18 anos residentes em centros de acolhimento da Prefeitura tiveram a oportunidade de conhecer o P\u00e3o de A\u00e7\u00facar - Divulga\u00e7\u00e3o No Dia Internacional da Juventude (12\/8), trinta jovens de 12 a 18 anos residentes em centros de acolhimento da Prefeitura do Rio tiveram a oportunidade de conhecer um dos principais","og:url":"https:\/\/ejornais.com.br\/index.php\/2025\/08\/13\/no-dia-internacional-da-juventude-jovens-em-situacao-de-vulnerabilidade-visitam-o-pao-de-acucar-prefeitura-da-cidade-do-rio-de-janeiro\/","article:published_time":"2025-08-13T17:12:57+00:00","article:modified_time":"2025-08-13T17:12:57+00:00","twitter:card":"summary_large_image","twitter:title":"No Dia Internacional da Juventude, jovens em situa\u00e7\u00e3o de vulnerabilidade visitam o P\u00e3o de A\u00e7\u00facar \u2013 Prefeitura da Cidade do Rio de Janeiro - eJornais","twitter:description":"Trinta jovens de 12 a 18 anos residentes em centros de acolhimento da Prefeitura tiveram a oportunidade de conhecer o P\u00e3o de A\u00e7\u00facar - Divulga\u00e7\u00e3o No Dia Internacional da Juventude (12\/8), trinta jovens de 12 a 18 anos residentes em centros de acolhimento da Prefeitura do Rio tiveram a oportunidade de conhecer um dos principais"},"aioseo_meta_data":{"post_id":"50410","title":null,"description":null,"keywords":null,"keyphrases":null,"primary_term":null,"canonical_url":null,"og_title":null,"og_description":null,"og_object_type":"default","og_image_type":"default","og_image_url":null,"og_image_width":null,"og_image_height":null,"og_image_custom_url":null,"og_image_custom_fields":null,"og_video":null,"og_custom_url":null,"og_article_section":null,"og_article_tags":null,"twitter_use_og":false,"twitter_card":"default","twitter_image_type":"default","twitter_image_url":null,"twitter_image_custom_url":null,"twitter_image_custom_fields":null,"twitter_title":null,"twitter_description":null,"schema":{"blockGraphs":[],"customGraphs":[],"default":{"data":{"Article":[],"Course":[],"Dataset":[],"FAQPage":[],"Movie":[],"Person":[],"Product":[],"ProductReview":[],"Car":[],"Recipe":[],"Service":[],"SoftwareApplication":[],"WebPage":[]},"graphName":"","isEnabled":true},"graphs":[]},"schema_type":"default","schema_type_options":null,"pillar_content":false,"robots_default":true,"robots_noindex":false,"robots_noarchive":false,"robots_nosnippet":false,"robots_nofollow":false,"robots_noimageindex":false,"robots_noodp":false,"robots_notranslate":false,"robots_max_snippet":null,"robots_max_videopreview":null,"robots_max_imagepreview":"large","priority":null,"frequency":null,"local_seo":null,"breadcrumb_settings":null,"limit_modified_date":false,"ai":null,"created":"2025-08-13 17:17:56","updated":"2025-08-13 17:17:56","seo_analyzer_scan_date":null,"focus_keyword":null,"additional_keywords":null,"truseo_locale":null},"aioseo_breadcrumb":"<div class=\"aioseo-breadcrumbs\"><span class=\"aioseo-breadcrumb\">\n\t\t\t<a href=\"https:\/\/ejornais.com.br\" title=\"In\u00edcio\">In\u00edcio<\/a>\n\t\t<\/span><span class=\"aioseo-breadcrumb-separator\">&raquo;<\/span><span class=\"aioseo-breadcrumb\">\n\t\t\t<a href=\"https:\/\/ejornais.com.br\/index.php\/category\/ejornais\/\" title=\"Cat\u00e1logo de Jornais\">Cat\u00e1logo de Jornais<\/a>\n\t\t<\/span><span class=\"aioseo-breadcrumb-separator\">&raquo;<\/span><span class=\"aioseo-breadcrumb\">\n\t\t\tNo Dia Internacional da Juventude, jovens em situa\u00e7\u00e3o de vulnerabilidade visitam o P\u00e3o de A\u00e7\u00facar \u2013 Prefeitura da Cidade do Rio de Janeiro\n\t\t<\/span><\/div>","aioseo_breadcrumb_json":[{"label":"In\u00edcio","link":"https:\/\/ejornais.com.br"},{"label":"Cat\u00e1logo de Jornais","link":"https:\/\/ejornais.com.br\/index.php\/category\/ejornais\/"},{"label":"No Dia Internacional da Juventude, jovens em situa\u00e7\u00e3o de vulnerabilidade visitam o P\u00e3o de A\u00e7\u00facar &#8211; Prefeitura da Cidade do Rio de Janeiro","link":"https:\/\/ejornais.com.br\/index.php\/2025\/08\/13\/no-dia-internacional-da-juventude-jovens-em-situacao-de-vulnerabilidade-visitam-o-pao-de-acucar-prefeitura-da-cidade-do-rio-de-janeiro\/"}],"amp_enabled":true,"_links":{"self":[{"href":"https:\/\/ejornais.com.br\/index.php\/wp-json\/wp\/v2\/posts\/50410","targetHints":{"allow":["GET"]}}],"collection":[{"href":"https:\/\/ejornais.com.br\/index.php\/wp-json\/wp\/v2\/posts"}],"about":[{"href":"https:\/\/ejornais.com.br\/index.php\/wp-json\/wp\/v2\/types\/post"}],"author":[{"embeddable":true,"href":"https:\/\/ejornais.com.br\/index.php\/wp-json\/wp\/v2\/users\/2"}],"replies":[{"embeddable":true,"href":"https:\/\/ejornais.com.br\/index.php\/wp-json\/wp\/v2\/comments?post=50410"}],"version-history":[{"count":0,"href":"https:\/\/ejornais.com.br\/index.php\/wp-json\/wp\/v2\/posts\/50410\/revisions"}],"wp:attachment":[{"href":"https:\/\/ejornais.com.br\/index.php\/wp-json\/wp\/v2\/media?parent=50410"}],"wp:term":[{"taxonomy":"category","embeddable":true,"href":"https:\/\/ejornais.com.br\/index.php\/wp-json\/wp\/v2\/categories?post=50410"},{"taxonomy":"post_tag","embeddable":true,"href":"https:\/\/ejornais.com.br\/index.php\/wp-json\/wp\/v2\/tags?post=50410"}],"curies":[{"name":"wp","href":"https:\/\/api.w.org\/{rel}","templated":true}]}}