{"id":50567,"date":"2025-08-15T19:24:48","date_gmt":"2025-08-15T22:24:48","guid":{"rendered":"https:\/\/ejornais.com.br\/index.php\/2025\/08\/15\/comemoracao-do-aniversario-de-371-anos-de-sorocaba-teve-inicio-com-ato-e-desfile-civicos-e-participacao-das-fanfarras-das-escolas-municipais\/"},"modified":"2025-08-15T19:24:48","modified_gmt":"2025-08-15T22:24:48","slug":"comemoracao-do-aniversario-de-371-anos-de-sorocaba-teve-inicio-com-ato-e-desfile-civicos-e-participacao-das-fanfarras-das-escolas-municipais","status":"publish","type":"post","link":"https:\/\/ejornais.com.br\/index.php\/2025\/08\/15\/comemoracao-do-aniversario-de-371-anos-de-sorocaba-teve-inicio-com-ato-e-desfile-civicos-e-participacao-das-fanfarras-das-escolas-municipais\/","title":{"rendered":"Comemora\u00e7\u00e3o do Anivers\u00e1rio de 371 anos de Sorocaba teve in\u00edcio com Ato e Desfile C\u00edvicos e participa\u00e7\u00e3o das fanfarras das escolas municipais"},"content":{"rendered":"<p><\/p>\n<div wp_automatic_readability=\"31\">\n<div class=\"col\" wp_automatic_readability=\"7\">\n<p class=\"mt-0\">\n                        <strong><br \/>\n                            <span class=\"far fa-calendar mr-1 mt-2\"\/><br \/>\n                            15 de agosto de 2025<br \/>\n                            <span class=\"far fa-clock ml-3 mt-2\"\/><br \/>\n                            18:37<br \/>\n                        <\/strong>\n                    <\/p>\n<p class=\"mb-0\">Por: <strong>Secom<\/strong><\/p>\n<\/p><\/div>\n<\/p><\/div>\n<div wp_automatic_readability=\"153\">\n<p align=\"justify\">\n<p align=\"justify\"><em>Fotos: Carlos Sales\/Secom<\/em><\/p>\n<p align=\"justify\"><span style=\"color: #000000;\"><span style=\"font-family: Arial, sans-serif;\"><span style=\"font-size: medium;\">Um grande n\u00famero de mun\u00edcipes se reuniu, em frente ao Pa\u00e7o Municipal, na manh\u00e3 ensolarada desta sexta-feira (15), para comemorar os 371 anos de Sorocaba. Antes das 9h, o hor\u00e1rio programado para in\u00edcio dos eventos, o local j\u00e1 reunia um grande n\u00famero de fam\u00edlias, al\u00e9m de autoridades e estudantes, prontos para participar dos festejos.<\/span><\/span><\/span><\/p>\n<p align=\"justify\"><span style=\"color: #000000;\"><span style=\"font-family: Arial, sans-serif;\"><span style=\"font-size: medium;\">A celebra\u00e7\u00e3o teve in\u00edcio com a solenidade, conduzida pelo Ex\u00e9rcito brasileiro, de \u201cbatismo\u201d do ve\u00edculo militar blindado Guarani, que recebeu o nome de \u201cSorocaba\u201d. Assim, ap\u00f3s a execu\u00e7\u00e3o do Hino Nacional, pela Banda da Guarda Municipal de Barueri, convidada para o evento, teve sequ\u00eancia o cerimonial, com a participa\u00e7\u00e3o do prefeito Rodrigo Manga, do Ten. Cel. Leonardo Kuwabara, do 4\u00ba Batalh\u00e3o de Infantaria Mecanizado do Ex\u00e9rcito; do Ten. Cel. PM Haro; do Chefe da Instru\u00e7\u00e3o do Tiro de Guerra, Sub Ten. De Lima; do Comandante da Base de Apoio Regional de Sorocaba, Tenente-Coronel Andr\u00e9 Zanella Neto, al\u00e9m de demais autoridades militares.<\/span><\/span><\/span><\/p>\n<p align=\"justify\"><span style=\"color: #000000;\"><span style=\"font-family: Arial, sans-serif;\"><span style=\"font-size: medium;\">A seguir, tamb\u00e9m foram hasteadas as bandeiras nacional, do estado de S\u00e3o Paulo e de Sorocaba, na presen\u00e7a dos v\u00e1rios grupamentos das for\u00e7as de seguran\u00e7a presentes, entre os quais os cerca de 100 novos guardas civis municipais, que assumem oficialmente suas fun\u00e7\u00f5es, a partir de agora.<\/span><\/span><\/span><\/p>\n<p align=\"justify\"><span style=\"color: #000000;\"><span style=\"font-family: Arial, sans-serif;\"><span style=\"font-size: medium;\">O prefeito Rodrigo Manga ressaltou a import\u00e2ncia da data e de comemorar junto \u00e0 popula\u00e7\u00e3o sorocabana esse momento especial para a cidade. \u201cEsta semana, espontaneamente, a imprensa nacional vem chamando Sorocaba de joia brasileira, pelo destaque que a cidade vem conquistando, pelo seu not\u00e1vel desenvolvimento, como PIB que mais cresce no Pa\u00eds, por ser um dos munic\u00edpios que mais atraem empresas e investimentos, gerando o crescimento de empregos e renda\u201d, disse o prefeito.<\/span><\/span><\/span><\/p>\n<p align=\"justify\"><span style=\"color: #000000;\"><span style=\"font-family: Arial, sans-serif;\"><span style=\"font-size: medium;\">Aberta a pessoas de todas as idades e com uma variedade de atra\u00e7\u00f5es, estendendo-se ao longo do dia, a festa foi elaborada pela Prefeitura de Sorocaba, por meio da Secretaria de Governo (Segov) e da Secretaria de Comunica\u00e7\u00e3o (Secom), em parceria com as demais secretarias municipais e o Fundo Social de Solidariedade (FSS).<\/span><\/span><\/span><\/p>\n<p align=\"justify\"><span style=\"color: #000000;\"><span style=\"font-family: Arial, sans-serif;\"><span style=\"font-size: medium;\">Logo ap\u00f3s as cerim\u00f4nias c\u00edvicas, o p\u00fablico tomou as laterais da Avenida Engenheiro Carlos Reinaldo Mendes para acompanhar o desfile das escolas da rede municipal de ensino e a apresenta\u00e7\u00e3o das fanfarras.<\/span><\/span><\/span><\/p>\n<p align=\"justify\"><span style=\"color: #000000;\"><span style=\"font-family: Arial, sans-serif;\"><span style=\"font-size: medium;\">Durante os eventos, estiveram presentes com o prefeito a primeira-dama e presidente de Fundo Social de Solidariedade, Sirlange Frate Maganhato, os secret\u00e1rios municipais Jo\u00e3o Alberto Corr\u00eaa Maia (Seguran\u00e7a Urbana), Luiz Ant\u00f4nio Zamuner (Cultura), Samyra Toledo (Governo), Luiz Henrique Galv\u00e3o (Rela\u00e7\u00f5es Institucionais e Metropolitanas), Evandro Bueno (Gabinete Central e Ouvidora Geral do Munic\u00edpio), Luciana Mendes (Administra\u00e7\u00e3o), Lucas Pedrozo (Comunica\u00e7\u00e3o), Marcelo Regalado (Fazenda), Cl\u00e9ber Martins Fernandes (Recursos Humanos); Carlos Eduardo Paschoini (Mobilidade), Bruno Santana (Desenvolvimento Econ\u00f4mico), Priscila Renata Feliciano (Sa\u00fade), Darwin de Almeida (Servi\u00e7os P\u00fablicos e Obras), Hudson Pessini (Turismo), Ros\u00e2ngela Perecini (Mulher), P\u00e9ricles R\u00e9gis (Rela\u00e7\u00f5es do Trabalho e Qualifica\u00e7\u00e3o Profissional), Ana Cl\u00e1udia Fauaz (Cidadania), Douglas de Moraes (Jur\u00eddica), Jessica Pedrosa (Parcerias), Ant\u00f4nio Genezzi Lopes (Meio Ambiente, Prote\u00e7\u00e3o e Bem-Estar Animal), Aliane Mendes (Educa\u00e7\u00e3o, em substitui\u00e7\u00e3o), Maur\u00edcio Campanati (Planejamento e Desenvolvimento Urbano), Fernando Marques (Empreendedorismo, da Microempresa e da Empresa de Pequeno Porte), S\u00e9rgio Barreto (Habita\u00e7\u00e3o e Regulariza\u00e7\u00e3o Fundi\u00e1ria), Vitor Mosca (Esporte e Qualidade de Vida), al\u00e9m do presidente do Parque Tecnol\u00f3gico (PTS), Nelson Cancellara, do controlador-geral do munic\u00edpio, Junior Rocco, do diretor-presidente da Urbes \u2013 Tr\u00e2nsito e Transportes, Adriano Brasil, do diretor-geral do Saae\/Sorocaba, Glauco Foga\u00e7a, da Superintendente do Procon Sorocaba, Cristiane Bonito, e do Comandante da GCM de Sorocaba, Davi Dutra, entre outras autoridades. Participaram, ainda, o presidente da C\u00e2mara Municipal, Lu\u00eds Santos, e os vereadores Alexandre da Horta, Caio Oliveira, F\u00e1bio Simoa, Fausto Peres e Rafael Milit\u00e3o.<\/span><\/span><\/span><\/p>\n<p><!-- Root element of PhotoSwipe. Must have class pswp. --><\/p><\/div>\n","protected":false},"excerpt":{"rendered":"<p>15 de agosto de 2025 18:37 Por: Secom Fotos: Carlos Sales\/Secom Um grande n\u00famero de mun\u00edcipes se reuniu, em frente<\/p>\n","protected":false},"author":2,"featured_media":0,"comment_status":"","ping_status":"","sticky":false,"template":"","format":"standard","meta":{"colormag_page_container_layout":"default_layout","colormag_page_sidebar_layout":"default_layout","footnotes":""},"categories":[1],"tags":[],"class_list":["post-50567","post","type-post","status-publish","format-standard","hentry","category-ejornais"],"aioseo_notices":[],"aioseo_head":"\n\t\t<!-- All in One SEO 5.0.1.1 - aioseo.com -->\n\t<meta name=\"description\" content=\"15 de agosto de 2025 18:37 Por: Secom Fotos: Carlos Sales\/Secom Um grande n\u00famero de mun\u00edcipes se reuniu, em frente ao Pa\u00e7o Municipal, na manh\u00e3 ensolarada desta sexta-feira (15), para comemorar os 371 anos de Sorocaba. Antes das 9h, o hor\u00e1rio programado para in\u00edcio dos eventos, o local j\u00e1 reunia um grande n\u00famero de fam\u00edlias,\" \/>\n\t<meta name=\"robots\" content=\"max-image-preview:large\" \/>\n\t<meta name=\"author\" content=\"admin1\"\/>\n\t<link rel=\"canonical\" href=\"https:\/\/ejornais.com.br\/index.php\/2025\/08\/15\/comemoracao-do-aniversario-de-371-anos-de-sorocaba-teve-inicio-com-ato-e-desfile-civicos-e-participacao-das-fanfarras-das-escolas-municipais\/\" \/>\n\t<meta name=\"generator\" content=\"All in One SEO (AIOSEO) 5.0.1.1\" \/>\n\t\t<meta property=\"og:locale\" content=\"pt_BR\" \/>\n\t\t<meta property=\"og:site_name\" content=\"eJornais - Cat\u00e1logo de Jornais no mundo, Not\u00edcias, Blog e Esportes ao vivo\" \/>\n\t\t<meta property=\"og:type\" content=\"article\" \/>\n\t\t<meta property=\"og:title\" content=\"Comemora\u00e7\u00e3o do Anivers\u00e1rio de 371 anos de Sorocaba teve in\u00edcio com Ato e Desfile C\u00edvicos e participa\u00e7\u00e3o das fanfarras das escolas municipais - eJornais\" \/>\n\t\t<meta property=\"og:description\" content=\"15 de agosto de 2025 18:37 Por: Secom Fotos: Carlos Sales\/Secom Um grande n\u00famero de mun\u00edcipes se reuniu, em frente ao Pa\u00e7o Municipal, na manh\u00e3 ensolarada desta sexta-feira (15), para comemorar os 371 anos de Sorocaba. Antes das 9h, o hor\u00e1rio programado para in\u00edcio dos eventos, o local j\u00e1 reunia um grande n\u00famero de fam\u00edlias,\" \/>\n\t\t<meta property=\"og:url\" content=\"https:\/\/ejornais.com.br\/index.php\/2025\/08\/15\/comemoracao-do-aniversario-de-371-anos-de-sorocaba-teve-inicio-com-ato-e-desfile-civicos-e-participacao-das-fanfarras-das-escolas-municipais\/\" \/>\n\t\t<meta property=\"article:published_time\" content=\"2025-08-15T22:24:48+00:00\" \/>\n\t\t<meta property=\"article:modified_time\" content=\"2025-08-15T22:24:48+00:00\" \/>\n\t\t<meta name=\"twitter:card\" content=\"summary_large_image\" \/>\n\t\t<meta name=\"twitter:title\" content=\"Comemora\u00e7\u00e3o do Anivers\u00e1rio de 371 anos de Sorocaba teve in\u00edcio com Ato e Desfile C\u00edvicos e participa\u00e7\u00e3o das fanfarras das escolas municipais - eJornais\" \/>\n\t\t<meta name=\"twitter:description\" content=\"15 de agosto de 2025 18:37 Por: Secom Fotos: Carlos Sales\/Secom Um grande n\u00famero de mun\u00edcipes se reuniu, em frente ao Pa\u00e7o Municipal, na manh\u00e3 ensolarada desta sexta-feira (15), para comemorar os 371 anos de Sorocaba. Antes das 9h, o hor\u00e1rio programado para in\u00edcio dos eventos, o local j\u00e1 reunia um grande n\u00famero de fam\u00edlias,\" \/>\n\t\t<script type=\"application\/ld+json\" class=\"aioseo-schema\">\n\t\t\t{\"@context\":\"https:\\\/\\\/schema.org\",\"@graph\":[{\"@type\":\"BlogPosting\",\"@id\":\"https:\\\/\\\/ejornais.com.br\\\/index.php\\\/2025\\\/08\\\/15\\\/comemoracao-do-aniversario-de-371-anos-de-sorocaba-teve-inicio-com-ato-e-desfile-civicos-e-participacao-das-fanfarras-das-escolas-municipais\\\/#blogposting\",\"name\":\"Comemora\\u00e7\\u00e3o do Anivers\\u00e1rio de 371 anos de Sorocaba teve in\\u00edcio com Ato e Desfile C\\u00edvicos e participa\\u00e7\\u00e3o das fanfarras das escolas municipais - eJornais\",\"headline\":\"Comemora\\u00e7\\u00e3o do Anivers\\u00e1rio de 371 anos de Sorocaba teve in\\u00edcio com Ato e Desfile C\\u00edvicos e participa\\u00e7\\u00e3o das fanfarras das escolas municipais\",\"author\":{\"@id\":\"https:\\\/\\\/ejornais.com.br\\\/index.php\\\/author\\\/admin1\\\/#author\"},\"publisher\":{\"@id\":\"https:\\\/\\\/ejornais.com.br\\\/#organization\"},\"datePublished\":\"2025-08-15T19:24:48-03:00\",\"dateModified\":\"2025-08-15T19:24:48-03:00\",\"inLanguage\":\"pt-BR\",\"mainEntityOfPage\":{\"@id\":\"https:\\\/\\\/ejornais.com.br\\\/index.php\\\/2025\\\/08\\\/15\\\/comemoracao-do-aniversario-de-371-anos-de-sorocaba-teve-inicio-com-ato-e-desfile-civicos-e-participacao-das-fanfarras-das-escolas-municipais\\\/#webpage\"},\"isPartOf\":{\"@id\":\"https:\\\/\\\/ejornais.com.br\\\/index.php\\\/2025\\\/08\\\/15\\\/comemoracao-do-aniversario-de-371-anos-de-sorocaba-teve-inicio-com-ato-e-desfile-civicos-e-participacao-das-fanfarras-das-escolas-municipais\\\/#webpage\"},\"articleSection\":\"Cat\\u00e1logo de Jornais\"},{\"@type\":\"BreadcrumbList\",\"@id\":\"https:\\\/\\\/ejornais.com.br\\\/index.php\\\/2025\\\/08\\\/15\\\/comemoracao-do-aniversario-de-371-anos-de-sorocaba-teve-inicio-com-ato-e-desfile-civicos-e-participacao-das-fanfarras-das-escolas-municipais\\\/#breadcrumblist\",\"itemListElement\":[{\"@type\":\"ListItem\",\"@id\":\"https:\\\/\\\/ejornais.com.br#listItem\",\"position\":1,\"name\":\"In\\u00edcio\",\"item\":\"https:\\\/\\\/ejornais.com.br\",\"nextItem\":{\"@type\":\"ListItem\",\"@id\":\"https:\\\/\\\/ejornais.com.br\\\/index.php\\\/category\\\/ejornais\\\/#listItem\",\"name\":\"Cat\\u00e1logo de Jornais\"}},{\"@type\":\"ListItem\",\"@id\":\"https:\\\/\\\/ejornais.com.br\\\/index.php\\\/category\\\/ejornais\\\/#listItem\",\"position\":2,\"name\":\"Cat\\u00e1logo de Jornais\",\"item\":\"https:\\\/\\\/ejornais.com.br\\\/index.php\\\/category\\\/ejornais\\\/\",\"nextItem\":{\"@type\":\"ListItem\",\"@id\":\"https:\\\/\\\/ejornais.com.br\\\/index.php\\\/2025\\\/08\\\/15\\\/comemoracao-do-aniversario-de-371-anos-de-sorocaba-teve-inicio-com-ato-e-desfile-civicos-e-participacao-das-fanfarras-das-escolas-municipais\\\/#listItem\",\"name\":\"Comemora\\u00e7\\u00e3o do Anivers\\u00e1rio de 371 anos de Sorocaba teve in\\u00edcio com Ato e Desfile C\\u00edvicos e participa\\u00e7\\u00e3o das fanfarras das escolas municipais\"},\"previousItem\":{\"@type\":\"ListItem\",\"@id\":\"https:\\\/\\\/ejornais.com.br#listItem\",\"name\":\"In\\u00edcio\"}},{\"@type\":\"ListItem\",\"@id\":\"https:\\\/\\\/ejornais.com.br\\\/index.php\\\/2025\\\/08\\\/15\\\/comemoracao-do-aniversario-de-371-anos-de-sorocaba-teve-inicio-com-ato-e-desfile-civicos-e-participacao-das-fanfarras-das-escolas-municipais\\\/#listItem\",\"position\":3,\"name\":\"Comemora\\u00e7\\u00e3o do Anivers\\u00e1rio de 371 anos de Sorocaba teve in\\u00edcio com Ato e Desfile C\\u00edvicos e participa\\u00e7\\u00e3o das fanfarras das escolas municipais\",\"previousItem\":{\"@type\":\"ListItem\",\"@id\":\"https:\\\/\\\/ejornais.com.br\\\/index.php\\\/category\\\/ejornais\\\/#listItem\",\"name\":\"Cat\\u00e1logo de Jornais\"}}]},{\"@type\":\"Organization\",\"@id\":\"https:\\\/\\\/ejornais.com.br\\\/#organization\",\"name\":\"eJornais\",\"description\":\"Cat\\u00e1logo de Jornais no mundo, Not\\u00edcias, Blog e Esportes ao vivo\",\"url\":\"https:\\\/\\\/ejornais.com.br\\\/\"},{\"@type\":\"Person\",\"@id\":\"https:\\\/\\\/ejornais.com.br\\\/index.php\\\/author\\\/admin1\\\/#author\",\"url\":\"https:\\\/\\\/ejornais.com.br\\\/index.php\\\/author\\\/admin1\\\/\",\"name\":\"admin1\",\"image\":{\"@type\":\"ImageObject\",\"@id\":\"https:\\\/\\\/ejornais.com.br\\\/index.php\\\/2025\\\/08\\\/15\\\/comemoracao-do-aniversario-de-371-anos-de-sorocaba-teve-inicio-com-ato-e-desfile-civicos-e-participacao-das-fanfarras-das-escolas-municipais\\\/#authorImage\",\"url\":\"https:\\\/\\\/secure.gravatar.com\\\/avatar\\\/04084e6d73c042b8646e7c17b494073bf0ede3ea13c7105cfc45cbbbc28385a4?s=96&d=mm&r=g\",\"width\":96,\"height\":96,\"caption\":\"admin1\"}},{\"@type\":\"WebPage\",\"@id\":\"https:\\\/\\\/ejornais.com.br\\\/index.php\\\/2025\\\/08\\\/15\\\/comemoracao-do-aniversario-de-371-anos-de-sorocaba-teve-inicio-com-ato-e-desfile-civicos-e-participacao-das-fanfarras-das-escolas-municipais\\\/#webpage\",\"url\":\"https:\\\/\\\/ejornais.com.br\\\/index.php\\\/2025\\\/08\\\/15\\\/comemoracao-do-aniversario-de-371-anos-de-sorocaba-teve-inicio-com-ato-e-desfile-civicos-e-participacao-das-fanfarras-das-escolas-municipais\\\/\",\"name\":\"Comemora\\u00e7\\u00e3o do Anivers\\u00e1rio de 371 anos de Sorocaba teve in\\u00edcio com Ato e Desfile C\\u00edvicos e participa\\u00e7\\u00e3o das fanfarras das escolas municipais - eJornais\",\"description\":\"15 de agosto de 2025 18:37 Por: Secom Fotos: Carlos Sales\\\/Secom Um grande n\\u00famero de mun\\u00edcipes se reuniu, em frente ao Pa\\u00e7o Municipal, na manh\\u00e3 ensolarada desta sexta-feira (15), para comemorar os 371 anos de Sorocaba. Antes das 9h, o hor\\u00e1rio programado para in\\u00edcio dos eventos, o local j\\u00e1 reunia um grande n\\u00famero de fam\\u00edlias,\",\"inLanguage\":\"pt-BR\",\"isPartOf\":{\"@id\":\"https:\\\/\\\/ejornais.com.br\\\/#website\"},\"breadcrumb\":{\"@id\":\"https:\\\/\\\/ejornais.com.br\\\/index.php\\\/2025\\\/08\\\/15\\\/comemoracao-do-aniversario-de-371-anos-de-sorocaba-teve-inicio-com-ato-e-desfile-civicos-e-participacao-das-fanfarras-das-escolas-municipais\\\/#breadcrumblist\"},\"author\":{\"@id\":\"https:\\\/\\\/ejornais.com.br\\\/index.php\\\/author\\\/admin1\\\/#author\"},\"creator\":{\"@id\":\"https:\\\/\\\/ejornais.com.br\\\/index.php\\\/author\\\/admin1\\\/#author\"},\"datePublished\":\"2025-08-15T19:24:48-03:00\",\"dateModified\":\"2025-08-15T19:24:48-03:00\"},{\"@type\":\"WebSite\",\"@id\":\"https:\\\/\\\/ejornais.com.br\\\/#website\",\"url\":\"https:\\\/\\\/ejornais.com.br\\\/\",\"name\":\"eJornais\",\"description\":\"Cat\\u00e1logo de Jornais no mundo, Not\\u00edcias, Blog e Esportes ao vivo\",\"inLanguage\":\"pt-BR\",\"publisher\":{\"@id\":\"https:\\\/\\\/ejornais.com.br\\\/#organization\"}}]}\n\t\t<\/script>\n\t\t<!-- All in One SEO -->\n\n","aioseo_head_json":{"title":"Comemora\u00e7\u00e3o do Anivers\u00e1rio de 371 anos de Sorocaba teve in\u00edcio com Ato e Desfile C\u00edvicos e participa\u00e7\u00e3o das fanfarras das escolas municipais - eJornais","description":"15 de agosto de 2025 18:37 Por: Secom Fotos: Carlos Sales\/Secom Um grande n\u00famero de mun\u00edcipes se reuniu, em frente ao Pa\u00e7o Municipal, na manh\u00e3 ensolarada desta sexta-feira (15), para comemorar os 371 anos de Sorocaba. Antes das 9h, o hor\u00e1rio programado para in\u00edcio dos eventos, o local j\u00e1 reunia um grande n\u00famero de fam\u00edlias,","canonical_url":"https:\/\/ejornais.com.br\/index.php\/2025\/08\/15\/comemoracao-do-aniversario-de-371-anos-de-sorocaba-teve-inicio-com-ato-e-desfile-civicos-e-participacao-das-fanfarras-das-escolas-municipais\/","robots":"max-image-preview:large","keywords":"","webmasterTools":{"miscellaneous":""},"schema":{"@context":"https:\/\/schema.org","@graph":[{"@type":"BlogPosting","@id":"https:\/\/ejornais.com.br\/index.php\/2025\/08\/15\/comemoracao-do-aniversario-de-371-anos-de-sorocaba-teve-inicio-com-ato-e-desfile-civicos-e-participacao-das-fanfarras-das-escolas-municipais\/#blogposting","name":"Comemora\u00e7\u00e3o do Anivers\u00e1rio de 371 anos de Sorocaba teve in\u00edcio com Ato e Desfile C\u00edvicos e participa\u00e7\u00e3o das fanfarras das escolas municipais - eJornais","headline":"Comemora\u00e7\u00e3o do Anivers\u00e1rio de 371 anos de Sorocaba teve in\u00edcio com Ato e Desfile C\u00edvicos e participa\u00e7\u00e3o das fanfarras das escolas municipais","author":{"@id":"https:\/\/ejornais.com.br\/index.php\/author\/admin1\/#author"},"publisher":{"@id":"https:\/\/ejornais.com.br\/#organization"},"datePublished":"2025-08-15T19:24:48-03:00","dateModified":"2025-08-15T19:24:48-03:00","inLanguage":"pt-BR","mainEntityOfPage":{"@id":"https:\/\/ejornais.com.br\/index.php\/2025\/08\/15\/comemoracao-do-aniversario-de-371-anos-de-sorocaba-teve-inicio-com-ato-e-desfile-civicos-e-participacao-das-fanfarras-das-escolas-municipais\/#webpage"},"isPartOf":{"@id":"https:\/\/ejornais.com.br\/index.php\/2025\/08\/15\/comemoracao-do-aniversario-de-371-anos-de-sorocaba-teve-inicio-com-ato-e-desfile-civicos-e-participacao-das-fanfarras-das-escolas-municipais\/#webpage"},"articleSection":"Cat\u00e1logo de Jornais"},{"@type":"BreadcrumbList","@id":"https:\/\/ejornais.com.br\/index.php\/2025\/08\/15\/comemoracao-do-aniversario-de-371-anos-de-sorocaba-teve-inicio-com-ato-e-desfile-civicos-e-participacao-das-fanfarras-das-escolas-municipais\/#breadcrumblist","itemListElement":[{"@type":"ListItem","@id":"https:\/\/ejornais.com.br#listItem","position":1,"name":"In\u00edcio","item":"https:\/\/ejornais.com.br","nextItem":{"@type":"ListItem","@id":"https:\/\/ejornais.com.br\/index.php\/category\/ejornais\/#listItem","name":"Cat\u00e1logo de Jornais"}},{"@type":"ListItem","@id":"https:\/\/ejornais.com.br\/index.php\/category\/ejornais\/#listItem","position":2,"name":"Cat\u00e1logo de Jornais","item":"https:\/\/ejornais.com.br\/index.php\/category\/ejornais\/","nextItem":{"@type":"ListItem","@id":"https:\/\/ejornais.com.br\/index.php\/2025\/08\/15\/comemoracao-do-aniversario-de-371-anos-de-sorocaba-teve-inicio-com-ato-e-desfile-civicos-e-participacao-das-fanfarras-das-escolas-municipais\/#listItem","name":"Comemora\u00e7\u00e3o do Anivers\u00e1rio de 371 anos de Sorocaba teve in\u00edcio com Ato e Desfile C\u00edvicos e participa\u00e7\u00e3o das fanfarras das escolas municipais"},"previousItem":{"@type":"ListItem","@id":"https:\/\/ejornais.com.br#listItem","name":"In\u00edcio"}},{"@type":"ListItem","@id":"https:\/\/ejornais.com.br\/index.php\/2025\/08\/15\/comemoracao-do-aniversario-de-371-anos-de-sorocaba-teve-inicio-com-ato-e-desfile-civicos-e-participacao-das-fanfarras-das-escolas-municipais\/#listItem","position":3,"name":"Comemora\u00e7\u00e3o do Anivers\u00e1rio de 371 anos de Sorocaba teve in\u00edcio com Ato e Desfile C\u00edvicos e participa\u00e7\u00e3o das fanfarras das escolas municipais","previousItem":{"@type":"ListItem","@id":"https:\/\/ejornais.com.br\/index.php\/category\/ejornais\/#listItem","name":"Cat\u00e1logo de Jornais"}}]},{"@type":"Organization","@id":"https:\/\/ejornais.com.br\/#organization","name":"eJornais","description":"Cat\u00e1logo de Jornais no mundo, Not\u00edcias, Blog e Esportes ao vivo","url":"https:\/\/ejornais.com.br\/"},{"@type":"Person","@id":"https:\/\/ejornais.com.br\/index.php\/author\/admin1\/#author","url":"https:\/\/ejornais.com.br\/index.php\/author\/admin1\/","name":"admin1","image":{"@type":"ImageObject","@id":"https:\/\/ejornais.com.br\/index.php\/2025\/08\/15\/comemoracao-do-aniversario-de-371-anos-de-sorocaba-teve-inicio-com-ato-e-desfile-civicos-e-participacao-das-fanfarras-das-escolas-municipais\/#authorImage","url":"https:\/\/secure.gravatar.com\/avatar\/04084e6d73c042b8646e7c17b494073bf0ede3ea13c7105cfc45cbbbc28385a4?s=96&d=mm&r=g","width":96,"height":96,"caption":"admin1"}},{"@type":"WebPage","@id":"https:\/\/ejornais.com.br\/index.php\/2025\/08\/15\/comemoracao-do-aniversario-de-371-anos-de-sorocaba-teve-inicio-com-ato-e-desfile-civicos-e-participacao-das-fanfarras-das-escolas-municipais\/#webpage","url":"https:\/\/ejornais.com.br\/index.php\/2025\/08\/15\/comemoracao-do-aniversario-de-371-anos-de-sorocaba-teve-inicio-com-ato-e-desfile-civicos-e-participacao-das-fanfarras-das-escolas-municipais\/","name":"Comemora\u00e7\u00e3o do Anivers\u00e1rio de 371 anos de Sorocaba teve in\u00edcio com Ato e Desfile C\u00edvicos e participa\u00e7\u00e3o das fanfarras das escolas municipais - eJornais","description":"15 de agosto de 2025 18:37 Por: Secom Fotos: Carlos Sales\/Secom Um grande n\u00famero de mun\u00edcipes se reuniu, em frente ao Pa\u00e7o Municipal, na manh\u00e3 ensolarada desta sexta-feira (15), para comemorar os 371 anos de Sorocaba. Antes das 9h, o hor\u00e1rio programado para in\u00edcio dos eventos, o local j\u00e1 reunia um grande n\u00famero de fam\u00edlias,","inLanguage":"pt-BR","isPartOf":{"@id":"https:\/\/ejornais.com.br\/#website"},"breadcrumb":{"@id":"https:\/\/ejornais.com.br\/index.php\/2025\/08\/15\/comemoracao-do-aniversario-de-371-anos-de-sorocaba-teve-inicio-com-ato-e-desfile-civicos-e-participacao-das-fanfarras-das-escolas-municipais\/#breadcrumblist"},"author":{"@id":"https:\/\/ejornais.com.br\/index.php\/author\/admin1\/#author"},"creator":{"@id":"https:\/\/ejornais.com.br\/index.php\/author\/admin1\/#author"},"datePublished":"2025-08-15T19:24:48-03:00","dateModified":"2025-08-15T19:24:48-03:00"},{"@type":"WebSite","@id":"https:\/\/ejornais.com.br\/#website","url":"https:\/\/ejornais.com.br\/","name":"eJornais","description":"Cat\u00e1logo de Jornais no mundo, Not\u00edcias, Blog e Esportes ao vivo","inLanguage":"pt-BR","publisher":{"@id":"https:\/\/ejornais.com.br\/#organization"}}]},"og:locale":"pt_BR","og:site_name":"eJornais - Cat\u00e1logo de Jornais no mundo, Not\u00edcias, Blog e Esportes ao vivo","og:type":"article","og:title":"Comemora\u00e7\u00e3o do Anivers\u00e1rio de 371 anos de Sorocaba teve in\u00edcio com Ato e Desfile C\u00edvicos e participa\u00e7\u00e3o das fanfarras das escolas municipais - eJornais","og:description":"15 de agosto de 2025 18:37 Por: Secom Fotos: Carlos Sales\/Secom Um grande n\u00famero de mun\u00edcipes se reuniu, em frente ao Pa\u00e7o Municipal, na manh\u00e3 ensolarada desta sexta-feira (15), para comemorar os 371 anos de Sorocaba. Antes das 9h, o hor\u00e1rio programado para in\u00edcio dos eventos, o local j\u00e1 reunia um grande n\u00famero de fam\u00edlias,","og:url":"https:\/\/ejornais.com.br\/index.php\/2025\/08\/15\/comemoracao-do-aniversario-de-371-anos-de-sorocaba-teve-inicio-com-ato-e-desfile-civicos-e-participacao-das-fanfarras-das-escolas-municipais\/","article:published_time":"2025-08-15T22:24:48+00:00","article:modified_time":"2025-08-15T22:24:48+00:00","twitter:card":"summary_large_image","twitter:title":"Comemora\u00e7\u00e3o do Anivers\u00e1rio de 371 anos de Sorocaba teve in\u00edcio com Ato e Desfile C\u00edvicos e participa\u00e7\u00e3o das fanfarras das escolas municipais - eJornais","twitter:description":"15 de agosto de 2025 18:37 Por: Secom Fotos: Carlos Sales\/Secom Um grande n\u00famero de mun\u00edcipes se reuniu, em frente ao Pa\u00e7o Municipal, na manh\u00e3 ensolarada desta sexta-feira (15), para comemorar os 371 anos de Sorocaba. Antes das 9h, o hor\u00e1rio programado para in\u00edcio dos eventos, o local j\u00e1 reunia um grande n\u00famero de fam\u00edlias,"},"aioseo_meta_data":{"post_id":"50567","title":null,"description":null,"keywords":null,"keyphrases":null,"primary_term":null,"canonical_url":null,"og_title":null,"og_description":null,"og_object_type":"default","og_image_type":"default","og_image_url":null,"og_image_width":null,"og_image_height":null,"og_image_custom_url":null,"og_image_custom_fields":null,"og_video":null,"og_custom_url":null,"og_article_section":null,"og_article_tags":null,"twitter_use_og":false,"twitter_card":"default","twitter_image_type":"default","twitter_image_url":null,"twitter_image_custom_url":null,"twitter_image_custom_fields":null,"twitter_title":null,"twitter_description":null,"schema":{"blockGraphs":[],"customGraphs":[],"default":{"data":{"Article":[],"Course":[],"Dataset":[],"FAQPage":[],"Movie":[],"Person":[],"Product":[],"ProductReview":[],"Car":[],"Recipe":[],"Service":[],"SoftwareApplication":[],"WebPage":[]},"graphName":"","isEnabled":true},"graphs":[]},"schema_type":"default","schema_type_options":null,"pillar_content":false,"robots_default":true,"robots_noindex":false,"robots_noarchive":false,"robots_nosnippet":false,"robots_nofollow":false,"robots_noimageindex":false,"robots_noodp":false,"robots_notranslate":false,"robots_max_snippet":null,"robots_max_videopreview":null,"robots_max_imagepreview":"large","priority":null,"frequency":null,"local_seo":null,"breadcrumb_settings":null,"limit_modified_date":false,"ai":null,"created":"2025-08-15 22:34:34","updated":"2025-08-15 22:34:34","seo_analyzer_scan_date":null,"focus_keyword":null,"additional_keywords":null,"truseo_locale":null},"aioseo_breadcrumb":"<div class=\"aioseo-breadcrumbs\"><span class=\"aioseo-breadcrumb\">\n\t\t\t<a href=\"https:\/\/ejornais.com.br\" title=\"In\u00edcio\">In\u00edcio<\/a>\n\t\t<\/span><span class=\"aioseo-breadcrumb-separator\">&raquo;<\/span><span class=\"aioseo-breadcrumb\">\n\t\t\t<a href=\"https:\/\/ejornais.com.br\/index.php\/category\/ejornais\/\" title=\"Cat\u00e1logo de Jornais\">Cat\u00e1logo de Jornais<\/a>\n\t\t<\/span><span class=\"aioseo-breadcrumb-separator\">&raquo;<\/span><span class=\"aioseo-breadcrumb\">\n\t\t\tComemora\u00e7\u00e3o do Anivers\u00e1rio de 371 anos de Sorocaba teve in\u00edcio com Ato e Desfile C\u00edvicos e participa\u00e7\u00e3o das fanfarras das escolas municipais\n\t\t<\/span><\/div>","aioseo_breadcrumb_json":[{"label":"In\u00edcio","link":"https:\/\/ejornais.com.br"},{"label":"Cat\u00e1logo de Jornais","link":"https:\/\/ejornais.com.br\/index.php\/category\/ejornais\/"},{"label":"Comemora\u00e7\u00e3o do Anivers\u00e1rio de 371 anos de Sorocaba teve in\u00edcio com Ato e Desfile C\u00edvicos e participa\u00e7\u00e3o das fanfarras das escolas municipais","link":"https:\/\/ejornais.com.br\/index.php\/2025\/08\/15\/comemoracao-do-aniversario-de-371-anos-de-sorocaba-teve-inicio-com-ato-e-desfile-civicos-e-participacao-das-fanfarras-das-escolas-municipais\/"}],"amp_enabled":true,"_links":{"self":[{"href":"https:\/\/ejornais.com.br\/index.php\/wp-json\/wp\/v2\/posts\/50567","targetHints":{"allow":["GET"]}}],"collection":[{"href":"https:\/\/ejornais.com.br\/index.php\/wp-json\/wp\/v2\/posts"}],"about":[{"href":"https:\/\/ejornais.com.br\/index.php\/wp-json\/wp\/v2\/types\/post"}],"author":[{"embeddable":true,"href":"https:\/\/ejornais.com.br\/index.php\/wp-json\/wp\/v2\/users\/2"}],"replies":[{"embeddable":true,"href":"https:\/\/ejornais.com.br\/index.php\/wp-json\/wp\/v2\/comments?post=50567"}],"version-history":[{"count":0,"href":"https:\/\/ejornais.com.br\/index.php\/wp-json\/wp\/v2\/posts\/50567\/revisions"}],"wp:attachment":[{"href":"https:\/\/ejornais.com.br\/index.php\/wp-json\/wp\/v2\/media?parent=50567"}],"wp:term":[{"taxonomy":"category","embeddable":true,"href":"https:\/\/ejornais.com.br\/index.php\/wp-json\/wp\/v2\/categories?post=50567"},{"taxonomy":"post_tag","embeddable":true,"href":"https:\/\/ejornais.com.br\/index.php\/wp-json\/wp\/v2\/tags?post=50567"}],"curies":[{"name":"wp","href":"https:\/\/api.w.org\/{rel}","templated":true}]}}