{"id":50845,"date":"2025-08-20T16:19:42","date_gmt":"2025-08-20T19:19:42","guid":{"rendered":"https:\/\/ejornais.com.br\/index.php\/2025\/08\/20\/forum-de-cidades-digitais-e-inteligentes-de-joao-pessoa-promove-debate-sobre-tecnologia-nesta-quinta-feira\/"},"modified":"2025-08-20T16:19:42","modified_gmt":"2025-08-20T19:19:42","slug":"forum-de-cidades-digitais-e-inteligentes-de-joao-pessoa-promove-debate-sobre-tecnologia-nesta-quinta-feira","status":"publish","type":"post","link":"https:\/\/ejornais.com.br\/index.php\/2025\/08\/20\/forum-de-cidades-digitais-e-inteligentes-de-joao-pessoa-promove-debate-sobre-tecnologia-nesta-quinta-feira\/","title":{"rendered":"F\u00f3rum de Cidades Digitais e Inteligentes de Jo\u00e3o Pessoa promove debate sobre tecnologia nesta quinta-feira"},"content":{"rendered":"<p><\/p>\n<div>\n<p>A Prefeitura de Jo\u00e3o Pessoa, por meio da Unidade Municipal de Tecnologia da Informa\u00e7\u00e3o (UMTI), realiza nesta quinta-feira (21) o F\u00f3rum de Cidades Digitais e Inteligentes. O evento, promovido em parceria com a Rede Cidade Digital (RCD) e com o apoio institucional da Federa\u00e7\u00e3o das Associa\u00e7\u00f5es de Munic\u00edpios da Para\u00edba (Famup), reunir\u00e1 prefeitos, gestores e servidores p\u00fablicos e especialistas na \u00e1rea para debater o uso estrat\u00e9gico da tecnologia para aprimorar a gest\u00e3o p\u00fablica e impulsionar o desenvolvimento socioecon\u00f4mico dos munic\u00edpios.<\/p>\n<figure class=\"wp-block-image size-large\"><\/figure>\n<p>O F\u00f3rum de Cidades Digitais e Inteligentes \u00e9 o primeiro presencial da Rede Cidade Digital no estado da Para\u00edba. O objetivo principal \u00e9 incentivar a ado\u00e7\u00e3o de tecnologias que tornem os servi\u00e7os p\u00fablicos mais eficientes e acess\u00edveis \u00e0 popula\u00e7\u00e3o. A abertura do F\u00f3rum est\u00e1 marcada para as 9h, na Esta\u00e7\u00e3o Cabo Branco, com um welcome coffee para os participantes a partir das 8h. A programa\u00e7\u00e3o do dia inclui pain\u00e9is, palestras e a apresenta\u00e7\u00e3o de solu\u00e7\u00f5es tecnol\u00f3gicas por empresas do setor.<\/p>\n<p>O coordenador da UMTI de Jo\u00e3o Pessoa, Bruno Crispim, destacou a relev\u00e2ncia do evento. \u201cA realiza\u00e7\u00e3o do F\u00f3rum de Cidades Digitais e Inteligentes em Jo\u00e3o Pessoa \u00e9 importante por v\u00e1rios motivos. Primeiro, porque coloca nossa cidade no centro das discuss\u00f5es sobre tecnologia p\u00fablica e inova\u00e7\u00e3o. Depois, porque confirma o trabalho que temos feito na UMTI para transformar a gest\u00e3o, dar mais efici\u00eancia aos servi\u00e7os e usar a tecnologia de forma estrat\u00e9gica\u201d, afirmou.<\/p>\n<figure class=\"wp-block-image size-large\"><\/figure>\n<p>Crispim ressaltou, ainda, que o F\u00f3rum \u00e9 uma oportunidade para a troca de experi\u00eancias e o fortalecimento de parcerias. \u201cReceber esse F\u00f3rum aqui \u00e9 uma chance de trocar experi\u00eancias com outras cidades, conhecer solu\u00e7\u00f5es que funcionam e mostrar o que Jo\u00e3o Pessoa tem feito com responsabilidade, foco em resultados e vis\u00e3o de futuro. \u00c9 um evento t\u00e9cnico, com gestores p\u00fablicos e empresas que est\u00e3o comprometidas com a transforma\u00e7\u00e3o digital dos munic\u00edpios. A expectativa \u00e9 que, al\u00e9m do debate, a gente fortale\u00e7a parcerias e avance mais r\u00e1pido no que importa: entregar pol\u00edticas p\u00fablicas mais inteligentes para as pessoas\u201d. frisou.<\/p>\n<p>Al\u00e9m da Prefeitura de Jo\u00e3o Pessoa, o evento contar\u00e1 com a participa\u00e7\u00e3o de diversos munic\u00edpios que apresentar\u00e3o seus casos de sucesso. Empresas como Portal de Compras P\u00fablicas, Algar Telecom, Chip e Maq-Larem tamb\u00e9m estar\u00e3o presentes para expor suas solu\u00e7\u00f5es. O Banco do Nordeste, por sua vez, apresentar\u00e1 as linhas de financiamento dispon\u00edveis para a implementa\u00e7\u00e3o de iniciativas de cidades inteligentes.<\/p>\n<p><strong>Programa\u00e7\u00e3o e novidades \u2013 <\/strong>A programa\u00e7\u00e3o do F\u00f3rum de Cidades Digitais e Inteligentes est\u00e1 repleta de novidades e discuss\u00f5es relevantes. Logo pela manh\u00e3, a Secretaria de Educa\u00e7\u00e3o e Cultura de Jo\u00e3o Pessoa (Sedec) apresentar\u00e1 o case \u2018Educa\u00e7\u00e3o 4.0\u2019, mostrando como a tecnologia tem sido integrada ao ensino municipal.<\/p>\n<p>No per\u00edodo da tarde, a Prefeitura de Jo\u00e3o Pessoa apresentar\u00e1 a infraestrutura de cidades inteligentes e o \u2018Chatbot da IA\u2019, uma ferramenta que promete facilitar o acesso a informa\u00e7\u00f5es sobre leis e atividades do munic\u00edpio. Ao longo do dia, empresas de tecnologia mostrar\u00e3o suas solu\u00e7\u00f5es.<\/p>\n<p><strong>Prefeitos Inovadores 2025<\/strong> \u2013 Durante o F\u00f3rum, a Rede Cidade Digital far\u00e1 a entrega do t\u00edtulo de Prefeito Inovador 2025 a gestores da Para\u00edba que se destacaram pela ado\u00e7\u00e3o de tecnologias que promovem melhorias nos servi\u00e7os p\u00fablicos. A premia\u00e7\u00e3o reconhece prefeitos que investem em digitaliza\u00e7\u00e3o de servi\u00e7os, moderniza\u00e7\u00e3o administrativa, uso estrat\u00e9gico de dados e implementa\u00e7\u00e3o de solu\u00e7\u00f5es inovadoras.<\/p>\n<p><strong>Servi\u00e7o:<\/strong><\/p>\n<p><strong>F\u00f3rum de Cidades Digitais e Inteligentes da Regi\u00e3o de Jo\u00e3o Pessoa<\/strong><\/p>\n<p><strong>Data:<\/strong> quinta-feira, 21 de agosto<\/p>\n<p><strong>Hor\u00e1rio:<\/strong> Das 8h \u00e0s 17h<\/p>\n<p><strong>Local:<\/strong> Esta\u00e7\u00e3o Cabo Branco \u2013 Ci\u00eancia, Cultura e Artes, no Altiplano<\/p>\n<p><strong>Programa\u00e7\u00e3o completa: <\/strong>https:\/\/www.sympla.com.br\/rcd<\/p>\n<p><strong>Informa\u00e7\u00f5es:<\/strong> imprensa@redecidadedigital.com.br ou pelo WhatsApp (41) 3015-6812.<a\/><\/p>\n<\/p><\/div>\n","protected":false},"excerpt":{"rendered":"<p>A Prefeitura de Jo\u00e3o Pessoa, por meio da Unidade Municipal de Tecnologia da Informa\u00e7\u00e3o (UMTI), realiza nesta quinta-feira (21) o<\/p>\n","protected":false},"author":2,"featured_media":0,"comment_status":"","ping_status":"","sticky":false,"template":"","format":"standard","meta":{"colormag_page_container_layout":"default_layout","colormag_page_sidebar_layout":"default_layout","footnotes":""},"categories":[1],"tags":[],"class_list":["post-50845","post","type-post","status-publish","format-standard","hentry","category-ejornais"],"aioseo_notices":[],"aioseo_head":"\n\t\t<!-- All in One SEO 5.0.1.1 - aioseo.com -->\n\t<meta name=\"description\" content=\"A Prefeitura de Jo\u00e3o Pessoa, por meio da Unidade Municipal de Tecnologia da Informa\u00e7\u00e3o (UMTI), realiza nesta quinta-feira (21) o F\u00f3rum de Cidades Digitais e Inteligentes. O evento, promovido em parceria com a Rede Cidade Digital (RCD) e com o apoio institucional da Federa\u00e7\u00e3o das Associa\u00e7\u00f5es de Munic\u00edpios da Para\u00edba (Famup), reunir\u00e1 prefeitos, gestores e\" \/>\n\t<meta name=\"robots\" content=\"max-image-preview:large\" \/>\n\t<meta name=\"author\" content=\"admin1\"\/>\n\t<link rel=\"canonical\" href=\"https:\/\/ejornais.com.br\/index.php\/2025\/08\/20\/forum-de-cidades-digitais-e-inteligentes-de-joao-pessoa-promove-debate-sobre-tecnologia-nesta-quinta-feira\/\" \/>\n\t<meta name=\"generator\" content=\"All in One SEO (AIOSEO) 5.0.1.1\" \/>\n\t\t<meta property=\"og:locale\" content=\"pt_BR\" \/>\n\t\t<meta property=\"og:site_name\" content=\"eJornais - Cat\u00e1logo de Jornais no mundo, Not\u00edcias, Blog e Esportes ao vivo\" \/>\n\t\t<meta property=\"og:type\" content=\"article\" \/>\n\t\t<meta property=\"og:title\" content=\"F\u00f3rum de Cidades Digitais e Inteligentes de Jo\u00e3o Pessoa promove debate sobre tecnologia nesta quinta-feira - eJornais\" \/>\n\t\t<meta property=\"og:description\" content=\"A Prefeitura de Jo\u00e3o Pessoa, por meio da Unidade Municipal de Tecnologia da Informa\u00e7\u00e3o (UMTI), realiza nesta quinta-feira (21) o F\u00f3rum de Cidades Digitais e Inteligentes. O evento, promovido em parceria com a Rede Cidade Digital (RCD) e com o apoio institucional da Federa\u00e7\u00e3o das Associa\u00e7\u00f5es de Munic\u00edpios da Para\u00edba (Famup), reunir\u00e1 prefeitos, gestores e\" \/>\n\t\t<meta property=\"og:url\" content=\"https:\/\/ejornais.com.br\/index.php\/2025\/08\/20\/forum-de-cidades-digitais-e-inteligentes-de-joao-pessoa-promove-debate-sobre-tecnologia-nesta-quinta-feira\/\" \/>\n\t\t<meta property=\"article:published_time\" content=\"2025-08-20T19:19:42+00:00\" \/>\n\t\t<meta property=\"article:modified_time\" content=\"2025-08-20T19:19:42+00:00\" \/>\n\t\t<meta name=\"twitter:card\" content=\"summary_large_image\" \/>\n\t\t<meta name=\"twitter:title\" content=\"F\u00f3rum de Cidades Digitais e Inteligentes de Jo\u00e3o Pessoa promove debate sobre tecnologia nesta quinta-feira - eJornais\" \/>\n\t\t<meta name=\"twitter:description\" content=\"A Prefeitura de Jo\u00e3o Pessoa, por meio da Unidade Municipal de Tecnologia da Informa\u00e7\u00e3o (UMTI), realiza nesta quinta-feira (21) o F\u00f3rum de Cidades Digitais e Inteligentes. O evento, promovido em parceria com a Rede Cidade Digital (RCD) e com o apoio institucional da Federa\u00e7\u00e3o das Associa\u00e7\u00f5es de Munic\u00edpios da Para\u00edba (Famup), reunir\u00e1 prefeitos, gestores e\" \/>\n\t\t<script type=\"application\/ld+json\" class=\"aioseo-schema\">\n\t\t\t{\"@context\":\"https:\\\/\\\/schema.org\",\"@graph\":[{\"@type\":\"BlogPosting\",\"@id\":\"https:\\\/\\\/ejornais.com.br\\\/index.php\\\/2025\\\/08\\\/20\\\/forum-de-cidades-digitais-e-inteligentes-de-joao-pessoa-promove-debate-sobre-tecnologia-nesta-quinta-feira\\\/#blogposting\",\"name\":\"F\\u00f3rum de Cidades Digitais e Inteligentes de Jo\\u00e3o Pessoa promove debate sobre tecnologia nesta quinta-feira - eJornais\",\"headline\":\"F\\u00f3rum de Cidades Digitais e Inteligentes de Jo\\u00e3o Pessoa promove debate sobre tecnologia nesta quinta-feira\",\"author\":{\"@id\":\"https:\\\/\\\/ejornais.com.br\\\/index.php\\\/author\\\/admin1\\\/#author\"},\"publisher\":{\"@id\":\"https:\\\/\\\/ejornais.com.br\\\/#organization\"},\"datePublished\":\"2025-08-20T16:19:42-03:00\",\"dateModified\":\"2025-08-20T16:19:42-03:00\",\"inLanguage\":\"pt-BR\",\"mainEntityOfPage\":{\"@id\":\"https:\\\/\\\/ejornais.com.br\\\/index.php\\\/2025\\\/08\\\/20\\\/forum-de-cidades-digitais-e-inteligentes-de-joao-pessoa-promove-debate-sobre-tecnologia-nesta-quinta-feira\\\/#webpage\"},\"isPartOf\":{\"@id\":\"https:\\\/\\\/ejornais.com.br\\\/index.php\\\/2025\\\/08\\\/20\\\/forum-de-cidades-digitais-e-inteligentes-de-joao-pessoa-promove-debate-sobre-tecnologia-nesta-quinta-feira\\\/#webpage\"},\"articleSection\":\"Cat\\u00e1logo de Jornais\"},{\"@type\":\"BreadcrumbList\",\"@id\":\"https:\\\/\\\/ejornais.com.br\\\/index.php\\\/2025\\\/08\\\/20\\\/forum-de-cidades-digitais-e-inteligentes-de-joao-pessoa-promove-debate-sobre-tecnologia-nesta-quinta-feira\\\/#breadcrumblist\",\"itemListElement\":[{\"@type\":\"ListItem\",\"@id\":\"https:\\\/\\\/ejornais.com.br#listItem\",\"position\":1,\"name\":\"In\\u00edcio\",\"item\":\"https:\\\/\\\/ejornais.com.br\",\"nextItem\":{\"@type\":\"ListItem\",\"@id\":\"https:\\\/\\\/ejornais.com.br\\\/index.php\\\/category\\\/ejornais\\\/#listItem\",\"name\":\"Cat\\u00e1logo de Jornais\"}},{\"@type\":\"ListItem\",\"@id\":\"https:\\\/\\\/ejornais.com.br\\\/index.php\\\/category\\\/ejornais\\\/#listItem\",\"position\":2,\"name\":\"Cat\\u00e1logo de Jornais\",\"item\":\"https:\\\/\\\/ejornais.com.br\\\/index.php\\\/category\\\/ejornais\\\/\",\"nextItem\":{\"@type\":\"ListItem\",\"@id\":\"https:\\\/\\\/ejornais.com.br\\\/index.php\\\/2025\\\/08\\\/20\\\/forum-de-cidades-digitais-e-inteligentes-de-joao-pessoa-promove-debate-sobre-tecnologia-nesta-quinta-feira\\\/#listItem\",\"name\":\"F\\u00f3rum de Cidades Digitais e Inteligentes de Jo\\u00e3o Pessoa promove debate sobre tecnologia nesta quinta-feira\"},\"previousItem\":{\"@type\":\"ListItem\",\"@id\":\"https:\\\/\\\/ejornais.com.br#listItem\",\"name\":\"In\\u00edcio\"}},{\"@type\":\"ListItem\",\"@id\":\"https:\\\/\\\/ejornais.com.br\\\/index.php\\\/2025\\\/08\\\/20\\\/forum-de-cidades-digitais-e-inteligentes-de-joao-pessoa-promove-debate-sobre-tecnologia-nesta-quinta-feira\\\/#listItem\",\"position\":3,\"name\":\"F\\u00f3rum de Cidades Digitais e Inteligentes de Jo\\u00e3o Pessoa promove debate sobre tecnologia nesta quinta-feira\",\"previousItem\":{\"@type\":\"ListItem\",\"@id\":\"https:\\\/\\\/ejornais.com.br\\\/index.php\\\/category\\\/ejornais\\\/#listItem\",\"name\":\"Cat\\u00e1logo de Jornais\"}}]},{\"@type\":\"Organization\",\"@id\":\"https:\\\/\\\/ejornais.com.br\\\/#organization\",\"name\":\"eJornais\",\"description\":\"Cat\\u00e1logo de Jornais no mundo, Not\\u00edcias, Blog e Esportes ao vivo\",\"url\":\"https:\\\/\\\/ejornais.com.br\\\/\"},{\"@type\":\"Person\",\"@id\":\"https:\\\/\\\/ejornais.com.br\\\/index.php\\\/author\\\/admin1\\\/#author\",\"url\":\"https:\\\/\\\/ejornais.com.br\\\/index.php\\\/author\\\/admin1\\\/\",\"name\":\"admin1\",\"image\":{\"@type\":\"ImageObject\",\"@id\":\"https:\\\/\\\/ejornais.com.br\\\/index.php\\\/2025\\\/08\\\/20\\\/forum-de-cidades-digitais-e-inteligentes-de-joao-pessoa-promove-debate-sobre-tecnologia-nesta-quinta-feira\\\/#authorImage\",\"url\":\"https:\\\/\\\/secure.gravatar.com\\\/avatar\\\/04084e6d73c042b8646e7c17b494073bf0ede3ea13c7105cfc45cbbbc28385a4?s=96&d=mm&r=g\",\"width\":96,\"height\":96,\"caption\":\"admin1\"}},{\"@type\":\"WebPage\",\"@id\":\"https:\\\/\\\/ejornais.com.br\\\/index.php\\\/2025\\\/08\\\/20\\\/forum-de-cidades-digitais-e-inteligentes-de-joao-pessoa-promove-debate-sobre-tecnologia-nesta-quinta-feira\\\/#webpage\",\"url\":\"https:\\\/\\\/ejornais.com.br\\\/index.php\\\/2025\\\/08\\\/20\\\/forum-de-cidades-digitais-e-inteligentes-de-joao-pessoa-promove-debate-sobre-tecnologia-nesta-quinta-feira\\\/\",\"name\":\"F\\u00f3rum de Cidades Digitais e Inteligentes de Jo\\u00e3o Pessoa promove debate sobre tecnologia nesta quinta-feira - eJornais\",\"description\":\"A Prefeitura de Jo\\u00e3o Pessoa, por meio da Unidade Municipal de Tecnologia da Informa\\u00e7\\u00e3o (UMTI), realiza nesta quinta-feira (21) o F\\u00f3rum de Cidades Digitais e Inteligentes. O evento, promovido em parceria com a Rede Cidade Digital (RCD) e com o apoio institucional da Federa\\u00e7\\u00e3o das Associa\\u00e7\\u00f5es de Munic\\u00edpios da Para\\u00edba (Famup), reunir\\u00e1 prefeitos, gestores e\",\"inLanguage\":\"pt-BR\",\"isPartOf\":{\"@id\":\"https:\\\/\\\/ejornais.com.br\\\/#website\"},\"breadcrumb\":{\"@id\":\"https:\\\/\\\/ejornais.com.br\\\/index.php\\\/2025\\\/08\\\/20\\\/forum-de-cidades-digitais-e-inteligentes-de-joao-pessoa-promove-debate-sobre-tecnologia-nesta-quinta-feira\\\/#breadcrumblist\"},\"author\":{\"@id\":\"https:\\\/\\\/ejornais.com.br\\\/index.php\\\/author\\\/admin1\\\/#author\"},\"creator\":{\"@id\":\"https:\\\/\\\/ejornais.com.br\\\/index.php\\\/author\\\/admin1\\\/#author\"},\"datePublished\":\"2025-08-20T16:19:42-03:00\",\"dateModified\":\"2025-08-20T16:19:42-03:00\"},{\"@type\":\"WebSite\",\"@id\":\"https:\\\/\\\/ejornais.com.br\\\/#website\",\"url\":\"https:\\\/\\\/ejornais.com.br\\\/\",\"name\":\"eJornais\",\"description\":\"Cat\\u00e1logo de Jornais no mundo, Not\\u00edcias, Blog e Esportes ao vivo\",\"inLanguage\":\"pt-BR\",\"publisher\":{\"@id\":\"https:\\\/\\\/ejornais.com.br\\\/#organization\"}}]}\n\t\t<\/script>\n\t\t<!-- All in One SEO -->\n\n","aioseo_head_json":{"title":"F\u00f3rum de Cidades Digitais e Inteligentes de Jo\u00e3o Pessoa promove debate sobre tecnologia nesta quinta-feira - eJornais","description":"A Prefeitura de Jo\u00e3o Pessoa, por meio da Unidade Municipal de Tecnologia da Informa\u00e7\u00e3o (UMTI), realiza nesta quinta-feira (21) o F\u00f3rum de Cidades Digitais e Inteligentes. O evento, promovido em parceria com a Rede Cidade Digital (RCD) e com o apoio institucional da Federa\u00e7\u00e3o das Associa\u00e7\u00f5es de Munic\u00edpios da Para\u00edba (Famup), reunir\u00e1 prefeitos, gestores e","canonical_url":"https:\/\/ejornais.com.br\/index.php\/2025\/08\/20\/forum-de-cidades-digitais-e-inteligentes-de-joao-pessoa-promove-debate-sobre-tecnologia-nesta-quinta-feira\/","robots":"max-image-preview:large","keywords":"","webmasterTools":{"miscellaneous":""},"schema":{"@context":"https:\/\/schema.org","@graph":[{"@type":"BlogPosting","@id":"https:\/\/ejornais.com.br\/index.php\/2025\/08\/20\/forum-de-cidades-digitais-e-inteligentes-de-joao-pessoa-promove-debate-sobre-tecnologia-nesta-quinta-feira\/#blogposting","name":"F\u00f3rum de Cidades Digitais e Inteligentes de Jo\u00e3o Pessoa promove debate sobre tecnologia nesta quinta-feira - eJornais","headline":"F\u00f3rum de Cidades Digitais e Inteligentes de Jo\u00e3o Pessoa promove debate sobre tecnologia nesta quinta-feira","author":{"@id":"https:\/\/ejornais.com.br\/index.php\/author\/admin1\/#author"},"publisher":{"@id":"https:\/\/ejornais.com.br\/#organization"},"datePublished":"2025-08-20T16:19:42-03:00","dateModified":"2025-08-20T16:19:42-03:00","inLanguage":"pt-BR","mainEntityOfPage":{"@id":"https:\/\/ejornais.com.br\/index.php\/2025\/08\/20\/forum-de-cidades-digitais-e-inteligentes-de-joao-pessoa-promove-debate-sobre-tecnologia-nesta-quinta-feira\/#webpage"},"isPartOf":{"@id":"https:\/\/ejornais.com.br\/index.php\/2025\/08\/20\/forum-de-cidades-digitais-e-inteligentes-de-joao-pessoa-promove-debate-sobre-tecnologia-nesta-quinta-feira\/#webpage"},"articleSection":"Cat\u00e1logo de Jornais"},{"@type":"BreadcrumbList","@id":"https:\/\/ejornais.com.br\/index.php\/2025\/08\/20\/forum-de-cidades-digitais-e-inteligentes-de-joao-pessoa-promove-debate-sobre-tecnologia-nesta-quinta-feira\/#breadcrumblist","itemListElement":[{"@type":"ListItem","@id":"https:\/\/ejornais.com.br#listItem","position":1,"name":"In\u00edcio","item":"https:\/\/ejornais.com.br","nextItem":{"@type":"ListItem","@id":"https:\/\/ejornais.com.br\/index.php\/category\/ejornais\/#listItem","name":"Cat\u00e1logo de Jornais"}},{"@type":"ListItem","@id":"https:\/\/ejornais.com.br\/index.php\/category\/ejornais\/#listItem","position":2,"name":"Cat\u00e1logo de Jornais","item":"https:\/\/ejornais.com.br\/index.php\/category\/ejornais\/","nextItem":{"@type":"ListItem","@id":"https:\/\/ejornais.com.br\/index.php\/2025\/08\/20\/forum-de-cidades-digitais-e-inteligentes-de-joao-pessoa-promove-debate-sobre-tecnologia-nesta-quinta-feira\/#listItem","name":"F\u00f3rum de Cidades Digitais e Inteligentes de Jo\u00e3o Pessoa promove debate sobre tecnologia nesta quinta-feira"},"previousItem":{"@type":"ListItem","@id":"https:\/\/ejornais.com.br#listItem","name":"In\u00edcio"}},{"@type":"ListItem","@id":"https:\/\/ejornais.com.br\/index.php\/2025\/08\/20\/forum-de-cidades-digitais-e-inteligentes-de-joao-pessoa-promove-debate-sobre-tecnologia-nesta-quinta-feira\/#listItem","position":3,"name":"F\u00f3rum de Cidades Digitais e Inteligentes de Jo\u00e3o Pessoa promove debate sobre tecnologia nesta quinta-feira","previousItem":{"@type":"ListItem","@id":"https:\/\/ejornais.com.br\/index.php\/category\/ejornais\/#listItem","name":"Cat\u00e1logo de Jornais"}}]},{"@type":"Organization","@id":"https:\/\/ejornais.com.br\/#organization","name":"eJornais","description":"Cat\u00e1logo de Jornais no mundo, Not\u00edcias, Blog e Esportes ao vivo","url":"https:\/\/ejornais.com.br\/"},{"@type":"Person","@id":"https:\/\/ejornais.com.br\/index.php\/author\/admin1\/#author","url":"https:\/\/ejornais.com.br\/index.php\/author\/admin1\/","name":"admin1","image":{"@type":"ImageObject","@id":"https:\/\/ejornais.com.br\/index.php\/2025\/08\/20\/forum-de-cidades-digitais-e-inteligentes-de-joao-pessoa-promove-debate-sobre-tecnologia-nesta-quinta-feira\/#authorImage","url":"https:\/\/secure.gravatar.com\/avatar\/04084e6d73c042b8646e7c17b494073bf0ede3ea13c7105cfc45cbbbc28385a4?s=96&d=mm&r=g","width":96,"height":96,"caption":"admin1"}},{"@type":"WebPage","@id":"https:\/\/ejornais.com.br\/index.php\/2025\/08\/20\/forum-de-cidades-digitais-e-inteligentes-de-joao-pessoa-promove-debate-sobre-tecnologia-nesta-quinta-feira\/#webpage","url":"https:\/\/ejornais.com.br\/index.php\/2025\/08\/20\/forum-de-cidades-digitais-e-inteligentes-de-joao-pessoa-promove-debate-sobre-tecnologia-nesta-quinta-feira\/","name":"F\u00f3rum de Cidades Digitais e Inteligentes de Jo\u00e3o Pessoa promove debate sobre tecnologia nesta quinta-feira - eJornais","description":"A Prefeitura de Jo\u00e3o Pessoa, por meio da Unidade Municipal de Tecnologia da Informa\u00e7\u00e3o (UMTI), realiza nesta quinta-feira (21) o F\u00f3rum de Cidades Digitais e Inteligentes. O evento, promovido em parceria com a Rede Cidade Digital (RCD) e com o apoio institucional da Federa\u00e7\u00e3o das Associa\u00e7\u00f5es de Munic\u00edpios da Para\u00edba (Famup), reunir\u00e1 prefeitos, gestores e","inLanguage":"pt-BR","isPartOf":{"@id":"https:\/\/ejornais.com.br\/#website"},"breadcrumb":{"@id":"https:\/\/ejornais.com.br\/index.php\/2025\/08\/20\/forum-de-cidades-digitais-e-inteligentes-de-joao-pessoa-promove-debate-sobre-tecnologia-nesta-quinta-feira\/#breadcrumblist"},"author":{"@id":"https:\/\/ejornais.com.br\/index.php\/author\/admin1\/#author"},"creator":{"@id":"https:\/\/ejornais.com.br\/index.php\/author\/admin1\/#author"},"datePublished":"2025-08-20T16:19:42-03:00","dateModified":"2025-08-20T16:19:42-03:00"},{"@type":"WebSite","@id":"https:\/\/ejornais.com.br\/#website","url":"https:\/\/ejornais.com.br\/","name":"eJornais","description":"Cat\u00e1logo de Jornais no mundo, Not\u00edcias, Blog e Esportes ao vivo","inLanguage":"pt-BR","publisher":{"@id":"https:\/\/ejornais.com.br\/#organization"}}]},"og:locale":"pt_BR","og:site_name":"eJornais - Cat\u00e1logo de Jornais no mundo, Not\u00edcias, Blog e Esportes ao vivo","og:type":"article","og:title":"F\u00f3rum de Cidades Digitais e Inteligentes de Jo\u00e3o Pessoa promove debate sobre tecnologia nesta quinta-feira - eJornais","og:description":"A Prefeitura de Jo\u00e3o Pessoa, por meio da Unidade Municipal de Tecnologia da Informa\u00e7\u00e3o (UMTI), realiza nesta quinta-feira (21) o F\u00f3rum de Cidades Digitais e Inteligentes. O evento, promovido em parceria com a Rede Cidade Digital (RCD) e com o apoio institucional da Federa\u00e7\u00e3o das Associa\u00e7\u00f5es de Munic\u00edpios da Para\u00edba (Famup), reunir\u00e1 prefeitos, gestores e","og:url":"https:\/\/ejornais.com.br\/index.php\/2025\/08\/20\/forum-de-cidades-digitais-e-inteligentes-de-joao-pessoa-promove-debate-sobre-tecnologia-nesta-quinta-feira\/","article:published_time":"2025-08-20T19:19:42+00:00","article:modified_time":"2025-08-20T19:19:42+00:00","twitter:card":"summary_large_image","twitter:title":"F\u00f3rum de Cidades Digitais e Inteligentes de Jo\u00e3o Pessoa promove debate sobre tecnologia nesta quinta-feira - eJornais","twitter:description":"A Prefeitura de Jo\u00e3o Pessoa, por meio da Unidade Municipal de Tecnologia da Informa\u00e7\u00e3o (UMTI), realiza nesta quinta-feira (21) o F\u00f3rum de Cidades Digitais e Inteligentes. O evento, promovido em parceria com a Rede Cidade Digital (RCD) e com o apoio institucional da Federa\u00e7\u00e3o das Associa\u00e7\u00f5es de Munic\u00edpios da Para\u00edba (Famup), reunir\u00e1 prefeitos, gestores e"},"aioseo_meta_data":{"post_id":"50845","title":null,"description":null,"keywords":null,"keyphrases":null,"primary_term":null,"canonical_url":null,"og_title":null,"og_description":null,"og_object_type":"default","og_image_type":"default","og_image_url":null,"og_image_width":null,"og_image_height":null,"og_image_custom_url":null,"og_image_custom_fields":null,"og_video":null,"og_custom_url":null,"og_article_section":null,"og_article_tags":null,"twitter_use_og":false,"twitter_card":"default","twitter_image_type":"default","twitter_image_url":null,"twitter_image_custom_url":null,"twitter_image_custom_fields":null,"twitter_title":null,"twitter_description":null,"schema":{"blockGraphs":[],"customGraphs":[],"default":{"data":{"Article":[],"Course":[],"Dataset":[],"FAQPage":[],"Movie":[],"Person":[],"Product":[],"ProductReview":[],"Car":[],"Recipe":[],"Service":[],"SoftwareApplication":[],"WebPage":[]},"graphName":"","isEnabled":true},"graphs":[]},"schema_type":"default","schema_type_options":null,"pillar_content":false,"robots_default":true,"robots_noindex":false,"robots_noarchive":false,"robots_nosnippet":false,"robots_nofollow":false,"robots_noimageindex":false,"robots_noodp":false,"robots_notranslate":false,"robots_max_snippet":null,"robots_max_videopreview":null,"robots_max_imagepreview":"large","priority":null,"frequency":null,"local_seo":null,"breadcrumb_settings":null,"limit_modified_date":false,"ai":null,"created":"2025-08-20 19:23:37","updated":"2025-08-20 19:23:37","seo_analyzer_scan_date":null,"focus_keyword":null,"additional_keywords":null,"truseo_locale":null},"aioseo_breadcrumb":"<div class=\"aioseo-breadcrumbs\"><span class=\"aioseo-breadcrumb\">\n\t\t\t<a href=\"https:\/\/ejornais.com.br\" title=\"In\u00edcio\">In\u00edcio<\/a>\n\t\t<\/span><span class=\"aioseo-breadcrumb-separator\">&raquo;<\/span><span class=\"aioseo-breadcrumb\">\n\t\t\t<a href=\"https:\/\/ejornais.com.br\/index.php\/category\/ejornais\/\" title=\"Cat\u00e1logo de Jornais\">Cat\u00e1logo de Jornais<\/a>\n\t\t<\/span><span class=\"aioseo-breadcrumb-separator\">&raquo;<\/span><span class=\"aioseo-breadcrumb\">\n\t\t\tF\u00f3rum de Cidades Digitais e Inteligentes de Jo\u00e3o Pessoa promove debate sobre tecnologia nesta quinta-feira\n\t\t<\/span><\/div>","aioseo_breadcrumb_json":[{"label":"In\u00edcio","link":"https:\/\/ejornais.com.br"},{"label":"Cat\u00e1logo de Jornais","link":"https:\/\/ejornais.com.br\/index.php\/category\/ejornais\/"},{"label":"F\u00f3rum de Cidades Digitais e Inteligentes de Jo\u00e3o Pessoa promove debate sobre tecnologia nesta quinta-feira","link":"https:\/\/ejornais.com.br\/index.php\/2025\/08\/20\/forum-de-cidades-digitais-e-inteligentes-de-joao-pessoa-promove-debate-sobre-tecnologia-nesta-quinta-feira\/"}],"amp_enabled":true,"_links":{"self":[{"href":"https:\/\/ejornais.com.br\/index.php\/wp-json\/wp\/v2\/posts\/50845","targetHints":{"allow":["GET"]}}],"collection":[{"href":"https:\/\/ejornais.com.br\/index.php\/wp-json\/wp\/v2\/posts"}],"about":[{"href":"https:\/\/ejornais.com.br\/index.php\/wp-json\/wp\/v2\/types\/post"}],"author":[{"embeddable":true,"href":"https:\/\/ejornais.com.br\/index.php\/wp-json\/wp\/v2\/users\/2"}],"replies":[{"embeddable":true,"href":"https:\/\/ejornais.com.br\/index.php\/wp-json\/wp\/v2\/comments?post=50845"}],"version-history":[{"count":0,"href":"https:\/\/ejornais.com.br\/index.php\/wp-json\/wp\/v2\/posts\/50845\/revisions"}],"wp:attachment":[{"href":"https:\/\/ejornais.com.br\/index.php\/wp-json\/wp\/v2\/media?parent=50845"}],"wp:term":[{"taxonomy":"category","embeddable":true,"href":"https:\/\/ejornais.com.br\/index.php\/wp-json\/wp\/v2\/categories?post=50845"},{"taxonomy":"post_tag","embeddable":true,"href":"https:\/\/ejornais.com.br\/index.php\/wp-json\/wp\/v2\/tags?post=50845"}],"curies":[{"name":"wp","href":"https:\/\/api.w.org\/{rel}","templated":true}]}}