{"id":50859,"date":"2025-08-20T20:28:02","date_gmt":"2025-08-20T23:28:02","guid":{"rendered":"https:\/\/ejornais.com.br\/index.php\/2025\/08\/20\/prefeitura-oferece-cursos-gratuitos-de-manicure-foto-amadora-e-vendas-digital-cgnoticias\/"},"modified":"2025-08-20T20:28:02","modified_gmt":"2025-08-20T23:28:02","slug":"prefeitura-oferece-cursos-gratuitos-de-manicure-foto-amadora-e-vendas-digital-cgnoticias","status":"publish","type":"post","link":"https:\/\/ejornais.com.br\/index.php\/2025\/08\/20\/prefeitura-oferece-cursos-gratuitos-de-manicure-foto-amadora-e-vendas-digital-cgnoticias\/","title":{"rendered":"Prefeitura oferece cursos gratuitos de manicure, foto amadora e vendas digital \u2013 CGNot\u00edcias"},"content":{"rendered":"<p><\/p>\n<div>\n<p>A Prefeitura de Campo Grande, por meio da Secretaria Executiva da Juventude (Sejuv)\u00a0est\u00e1 com inscri\u00e7\u00f5es abertas para tr\u00eas cursos gratuitos que ser\u00e3o realizados entre os dias\u00a025 e 29 de agosto, no Edif\u00edcio Marrakech, localizado na Rua 25 de Dezembro, n\u00ba 924, 3\u00ba andar, em Campo Grande. As vagas s\u00e3o limitadas.<\/p>\n<p>Entre os destaques est\u00e1 a\u00a0Oficina de Fotografia Amadora, marcada para o dia\u00a025 de agosto, das\u00a013h30 \u00e0s 17h30.\u00a0A atividade ser\u00e1 voltada ao uso do celular como ferramenta principal, permitindo que os participantes desenvolvam t\u00e9cnicas de composi\u00e7\u00e3o, ilumina\u00e7\u00e3o e enquadramento para melhorar a qualidade de suas fotografias cotidianas.<\/p>\n<p>Tamb\u00e9m est\u00e3o dispon\u00edveis os seguintes cursos:<\/p>\n<p>Manicure e Pedicure: de 25 a 29 de agosto, das 7h30 \u00e0s 11h30 (exceto dia 26, feriado de anivers\u00e1rio da cidade).<\/p>\n<p>Vendas no Digital: da Aten\u00e7\u00e3o ao Fechamento: de 25 a 29 de agosto, das 18h30 \u00e0s 21h30 (exceto dia 26).<\/p>\n<p>Os cursos s\u00e3o destinados a partir de 15 anos e visam promover oportunidades de qualifica\u00e7\u00e3o, As vagas s\u00e3o limitadas e as inscri\u00e7\u00f5es devem ser feitas pelo link:\u00a0https:\/\/sejuvcg.campogrande.ms.gov.br\/home<\/p>\n<p><strong>Servi\u00e7o:<\/strong><\/p>\n<p><strong>Manicure e pedicure<\/strong><br \/>Data: 25 a 29\/08<br \/>Hor\u00e1rio: 7h30 \u00e0s 11h30<br \/>Local: Sejuv \u2013 Rua 25 de Dezembro, 924 \u2013 3\u00b0 Andar do Marrakech<\/p>\n<p><strong>Oficina de fotografia amadora<\/strong><br \/>Data: 25\/08<br \/>Hor\u00e1rio: 13h30 as 17h30<br \/>Local: Sejuv \u2013 Rua 25 de Dezembro, 924 \u2013 3\u00b0 Andar do Marrakech<\/p>\n<p><strong>Vendas digital: Da aten\u00e7\u00e3o ao fechamento<br \/><\/strong>Data: 25 a 29\/09<br \/>Hor\u00e1rio: 18h30 \u00e0s 21h30Local: Sejuv \u2013 Rua 25 de Dezembro, 924 \u2013 3\u00b0 Andar do Marrakech<\/p>\n<\/div>\n<p><script async defer async defer src=\"https:\/\/connect.facebook.net\/en_US\/sdk.js?ver=1#xfbml=1&amp;version=v3.2\" id=\"prefeitura-campogrande-script-facebook-sdk-js\"><\/script><\/p>\n","protected":false},"excerpt":{"rendered":"<p>A Prefeitura de Campo Grande, por meio da Secretaria Executiva da Juventude (Sejuv)\u00a0est\u00e1 com inscri\u00e7\u00f5es abertas para tr\u00eas cursos gratuitos<\/p>\n","protected":false},"author":2,"featured_media":0,"comment_status":"","ping_status":"","sticky":false,"template":"","format":"standard","meta":{"colormag_page_container_layout":"default_layout","colormag_page_sidebar_layout":"default_layout","footnotes":""},"categories":[1],"tags":[],"class_list":["post-50859","post","type-post","status-publish","format-standard","hentry","category-ejornais"],"aioseo_notices":[],"amp_enabled":true,"_links":{"self":[{"href":"https:\/\/ejornais.com.br\/index.php\/wp-json\/wp\/v2\/posts\/50859","targetHints":{"allow":["GET"]}}],"collection":[{"href":"https:\/\/ejornais.com.br\/index.php\/wp-json\/wp\/v2\/posts"}],"about":[{"href":"https:\/\/ejornais.com.br\/index.php\/wp-json\/wp\/v2\/types\/post"}],"author":[{"embeddable":true,"href":"https:\/\/ejornais.com.br\/index.php\/wp-json\/wp\/v2\/users\/2"}],"replies":[{"embeddable":true,"href":"https:\/\/ejornais.com.br\/index.php\/wp-json\/wp\/v2\/comments?post=50859"}],"version-history":[{"count":0,"href":"https:\/\/ejornais.com.br\/index.php\/wp-json\/wp\/v2\/posts\/50859\/revisions"}],"wp:attachment":[{"href":"https:\/\/ejornais.com.br\/index.php\/wp-json\/wp\/v2\/media?parent=50859"}],"wp:term":[{"taxonomy":"category","embeddable":true,"href":"https:\/\/ejornais.com.br\/index.php\/wp-json\/wp\/v2\/categories?post=50859"},{"taxonomy":"post_tag","embeddable":true,"href":"https:\/\/ejornais.com.br\/index.php\/wp-json\/wp\/v2\/tags?post=50859"}],"curies":[{"name":"wp","href":"https:\/\/api.w.org\/{rel}","templated":true}]}}