{"id":50860,"date":"2025-08-20T20:31:53","date_gmt":"2025-08-20T23:31:53","guid":{"rendered":"https:\/\/ejornais.com.br\/index.php\/2025\/08\/20\/copa-joao-pessoa-de-futebol-amador-define-nesta-quinta-feira-confrontos-e-chaveamento\/"},"modified":"2025-08-20T20:31:53","modified_gmt":"2025-08-20T23:31:53","slug":"copa-joao-pessoa-de-futebol-amador-define-nesta-quinta-feira-confrontos-e-chaveamento","status":"publish","type":"post","link":"https:\/\/ejornais.com.br\/index.php\/2025\/08\/20\/copa-joao-pessoa-de-futebol-amador-define-nesta-quinta-feira-confrontos-e-chaveamento\/","title":{"rendered":"Copa Jo\u00e3o Pessoa de Futebol Amador define nesta quinta-feira confrontos e chaveamento"},"content":{"rendered":"<p><\/p>\n<div>\n<p>O futebol amador da Capital est\u00e1 em expectativa para o in\u00edcio do maior torneio da modalidade. Nesta quinta-feira (21), no audit\u00f3rio do Centro Administrativo Municipal, no bairro de \u00c1gua Fria, \u00e0s 15h, ser\u00e1 realizado o Congresso T\u00e9cnico da Copa Jo\u00e3o Pessoa de Futebol Amador 2025. Durante o encontro, ser\u00e3o definidos os 32 confrontos do torneio masculino e o chaveamento das sete equipes inscritas no feminino.<\/p>\n<figure class=\"wp-block-gallery has-nested-images columns-default is-cropped wp-block-gallery-1 is-layout-flex wp-block-gallery-is-layout-flex\">\n<figure class=\"wp-block-image size-large\"><\/figure>\n<\/figure>\n<p>A competi\u00e7\u00e3o reunir\u00e1 64 equipes no masculino, que disputar\u00e3o o t\u00edtulo em sistema eliminat\u00f3rio. A \u00faltima vaga da categoria foi definida no dia 13, na Arena da Gra\u00e7a. O Novo Geisel foi o \u00faltimo e carimbou a classifica\u00e7\u00e3o de forma dram\u00e1tica, ap\u00f3s empatar em 1 a 1 com o Manac\u00e1 no tempo normal e vencer a disputa por p\u00eanaltis, garantindo presen\u00e7a no torneio.<\/p>\n<p>No feminino, a divis\u00e3o de acesso n\u00e3o precisou ser disputada, j\u00e1 que o n\u00famero de equipes inscritas foi suficiente para preencher as vagas dispon\u00edveis. Os sete times ser\u00e3o divididos em dois grupos: um com quatro times e outro com tr\u00eas. Os dois melhores de cada chave avan\u00e7am \u00e0s semifinais.<\/p>\n<p>Participar\u00e3o da competi\u00e7\u00e3o os seguintes bairros: Sele\u00e7\u00e3o do Timb\u00f3, Colinas do Sul, Funcion\u00e1rios 2, Mangabeira 4, Sele\u00e7\u00e3o de Cruz das Armas 2, Sele\u00e7\u00e3o de Mangabeira 1 e Sele\u00e7\u00e3o dos Banc\u00e1rios.<\/p>\n<p><strong>In\u00edcio da competi\u00e7\u00e3o \u2013 <\/strong>A bola come\u00e7a a rolar no dia 26 de agosto, prometendo grandes jogos e muita rivalidade nos campos da Capital. Pelo regulamento, os 32 melhores colocados da edi\u00e7\u00e3o de 2023 comp\u00f5em o Grupo 1, enquanto os demais integram o Grupo 2.<\/p>\n<figure class=\"wp-block-gallery has-nested-images columns-default is-cropped wp-block-gallery-2 is-layout-flex wp-block-gallery-is-layout-flex\">\n<figure class=\"wp-block-image size-large\"><\/figure>\n<\/figure>\n<p>Al\u00e9m da premia\u00e7\u00e3o igual para os dois g\u00eaneros, os valores ser\u00e3o distribu\u00eddos da seguinte forma: R$14 mil para o campe\u00e3o, R$8 mil para o vice-campe\u00e3o e R$4 mil para o terceiro colocado, totalizando R$26 mil em cada categoria. Todas as equipes receber\u00e3o uniforme de jogo e bolas, enquanto os tr\u00eas primeiros colocados tamb\u00e9m ser\u00e3o premiados com medalhas e trof\u00e9us.<\/p>\n<p><strong>Confira as 64 equipes classificadas<\/strong> \u2013 13 de Maio, Alto do C\u00e9u, Alto do Mateus, Altiplano, Banc\u00e1rios, Bairro das Ind\u00fastrias, Bairro dos Estados, Bela Vista, Bessa, Boa Esperan\u00e7a, Castelo Branco 1, Cidade Maravilhosa, Colibris, Colinas do Sul, Costa e Silva, Cristo Redentor, Cruz das Armas, Ernani S\u00e1tiro, Esplanada, Funcion\u00e1rios 2, Funcion\u00e1rios 3, Funcion\u00e1rios 4, Gramame, Grot\u00e3o, Ilha do Bispo, Jardim das Ac\u00e1cias, Jardim Planalto, Jardim Veneza, Jo\u00e3o Agripino, Jos\u00e9 Am\u00e9rico, Mandacaru, Mangabeira, Mangabeira 4 e 5, Mussur\u00e9, Nova Rep\u00fablica, Novais, Padre Z\u00e9, Paratibe, Parque do Sol, Parque Sul, Portal do Sol, Porto do Capim, Rangel, Roger, Santa Clara, S\u00e3o Jos\u00e9, S\u00e3o Rafael, Sonho Meu, Tambi\u00e1, Tamba\u00fa, Timb\u00f3, Torre, Valentina, Varadouro e Varj\u00e3o.<\/p>\n<figure class=\"wp-block-gallery has-nested-images columns-default is-cropped wp-block-gallery-3 is-layout-flex wp-block-gallery-is-layout-flex\">\n<figure class=\"wp-block-image size-large\"><\/figure>\n<\/figure>\n<p><strong>Via Torneio de Acesso<\/strong> \u2013 Distrito Industrial, Engenho Velho, Nova Mangabeira, Novo Geisel, Sele\u00e7\u00e3o de Colinas do Sul, Sele\u00e7\u00e3o do Geisel, Sele\u00e7\u00e3o de Mangabeira 8\/ Cidade Verde e Trincheiras.<\/p>\n<p><strong>Contribui\u00e7\u00e3o social \u2013 <\/strong>Como parte do compromisso da Copa Jo\u00e3o Pessoa de Futebol com a comunidade, cada atleta e membro da comiss\u00e3o t\u00e9cnica fez a doa\u00e7\u00e3o de 2kg de alimentos n\u00e3o perec\u00edveis. Esses alimentos ser\u00e3o destinados ao banco de alimentos da Prefeitura.<\/p>\n<\/p><\/div>\n","protected":false},"excerpt":{"rendered":"<p>O futebol amador da Capital est\u00e1 em expectativa para o in\u00edcio do maior torneio da modalidade. Nesta quinta-feira (21), no<\/p>\n","protected":false},"author":2,"featured_media":0,"comment_status":"","ping_status":"","sticky":false,"template":"","format":"standard","meta":{"colormag_page_container_layout":"default_layout","colormag_page_sidebar_layout":"default_layout","footnotes":""},"categories":[1],"tags":[],"class_list":["post-50860","post","type-post","status-publish","format-standard","hentry","category-ejornais"],"aioseo_notices":[],"amp_enabled":true,"_links":{"self":[{"href":"https:\/\/ejornais.com.br\/index.php\/wp-json\/wp\/v2\/posts\/50860","targetHints":{"allow":["GET"]}}],"collection":[{"href":"https:\/\/ejornais.com.br\/index.php\/wp-json\/wp\/v2\/posts"}],"about":[{"href":"https:\/\/ejornais.com.br\/index.php\/wp-json\/wp\/v2\/types\/post"}],"author":[{"embeddable":true,"href":"https:\/\/ejornais.com.br\/index.php\/wp-json\/wp\/v2\/users\/2"}],"replies":[{"embeddable":true,"href":"https:\/\/ejornais.com.br\/index.php\/wp-json\/wp\/v2\/comments?post=50860"}],"version-history":[{"count":0,"href":"https:\/\/ejornais.com.br\/index.php\/wp-json\/wp\/v2\/posts\/50860\/revisions"}],"wp:attachment":[{"href":"https:\/\/ejornais.com.br\/index.php\/wp-json\/wp\/v2\/media?parent=50860"}],"wp:term":[{"taxonomy":"category","embeddable":true,"href":"https:\/\/ejornais.com.br\/index.php\/wp-json\/wp\/v2\/categories?post=50860"},{"taxonomy":"post_tag","embeddable":true,"href":"https:\/\/ejornais.com.br\/index.php\/wp-json\/wp\/v2\/tags?post=50860"}],"curies":[{"name":"wp","href":"https:\/\/api.w.org\/{rel}","templated":true}]}}