{"id":50917,"date":"2025-08-21T16:50:45","date_gmt":"2025-08-21T19:50:45","guid":{"rendered":"https:\/\/ejornais.com.br\/index.php\/2025\/08\/21\/em-viagem-com-a-familia-mion-explica-porque-nao-levou-filho-autista\/"},"modified":"2025-08-21T16:50:45","modified_gmt":"2025-08-21T19:50:45","slug":"em-viagem-com-a-familia-mion-explica-porque-nao-levou-filho-autista","status":"publish","type":"post","link":"https:\/\/ejornais.com.br\/index.php\/2025\/08\/21\/em-viagem-com-a-familia-mion-explica-porque-nao-levou-filho-autista\/","title":{"rendered":"Em viagem com a fam\u00edlia, Mion explica porque n\u00e3o levou filho autista"},"content":{"rendered":"<p> Por MRNews<br \/>\n<\/p>\n<div wp_automatic_readability=\"389.610735759\">\n<h2>Em viagem com a fam\u00edlia, Mion explica porque n\u00e3o levou filho autista: \u2018A viagem vira um terror\u2019<\/h2>\n<p>O apresentador detalhou os motivos de n\u00e3o levar Romeo em viagens internacionais.<\/p>\n<p>No \u00faltimo domingo (02), Marcos Mion usou suas redes sociais para falar sobre uma decis\u00e3o familiar que chamou aten\u00e7\u00e3o dos f\u00e3s: a aus\u00eancia de Romeo, seu filho de 18 anos, na viagem em fam\u00edlia. O apresentador est\u00e1 na Gr\u00e9cia com a esposa, Suzana Gullo, e os filhos Donatella e Stefano.<\/p>\n<p>Mion destacou que este \u00e9 um assunto pessoal e delicado, mas que sente a necessidade de explicar sempre que viaja. Ele revelou que j\u00e1 escreveu textos e stories para falar sobre o tema, mas decidiu gravar um v\u00eddeo por conta do crescimento de seu p\u00fablico e do carinho recebido.<\/p>\n<h3>Mion falou sobre o autismo<\/h3>\n<p>O apresentador contou que Romeo, por ser autista, n\u00e3o se adapta facilmente a mudan\u00e7as bruscas de ambiente ou rotina. Por isso, longas viagens podem se tornar desgastantes e at\u00e9 traum\u00e1ticas para ele.<\/p>\n<p><strong><a href=\"https:\/\/mrnews.com.br\/index.php\/2025\/08\/21\/bolsonaro-pediu-ajuda-a-advogado-de-trump-para-postar-sobre-tarifaco\/\">Bolsonaro pediu ajuda a advogado de Trump para postar sobre tarifa\u00e7o\u00a0<\/a><\/strong><\/p>\n<p><strong><a href=\"https:\/\/mrnews.com.br\/index.php\/2025\/08\/21\/resumo-de-vale-tudo-afonso-descobre-que-sua-mae-esta-tendo-um-caso-com-cesar\/\">Resumo de Vale Tudo; Afonso descobre que sua m\u00e3e est\u00e1 tendo um caso com C\u00e9sar<\/a><\/strong><\/p>\n<p>Segundo Mion, \u00e9 fundamental respeitar a forma \u00fanica com que Romeo v\u00ea o mundo. Ele refor\u00e7ou que n\u00e3o se trata de exclus\u00e3o, mas de proteger o filho de situa\u00e7\u00f5es que o fariam sofrer. \u201c\u00c9 preciso adaptar a vida para que ele consiga conviver com pessoas neurot\u00edpicas e lidar com as press\u00f5es sociais\u201d, explicou.<\/p>\n<p>PUBLICIDADE<\/p>\n<h3>O esfor\u00e7o di\u00e1rio de Romeo<\/h3>\n<p>Ainda durante o relato, Mion disse que o filho j\u00e1 conquistou grandes progressos ao longo dos anos. Romeo aprendeu a se comunicar melhor, controlar emo\u00e7\u00f5es, participar de atividades sociais e at\u00e9 frequentar lugares movimentados, mas sempre dentro de uma rotina bem estruturada.<\/p>\n<p>Ele ressaltou que qualquer quebra nesse padr\u00e3o pode gerar crises, p\u00e2nico e sofrimento. \u201cA viagem vira um castigo pra ele. N\u00f3s tamb\u00e9m ficamos acabados, porque o vemos sofrer. No fim, todos saem tristes\u201d, relatou o apresentador emocionado.<\/p>\n<p><strong><a href=\"https:\/\/mrnews.com.br\/index.php\/2025\/08\/21\/festival-de-curtas-comeca-hoje-em-sao-paulo-com-filmes-de-60-paises\/\">Festival de Curtas come\u00e7a hoje em S\u00e3o Paulo com filmes de 60 pa\u00edses<\/a><\/strong><\/p>\n<p><strong><a href=\"https:\/\/mrnews.com.br\/index.php\/2025\/08\/21\/em-mensagem-obtida-pela-pf-eduardo-bolsonaro-chama-o-pai-de-ingrato\/\">Em mensagem obtida pela PF, Eduardo Bolsonaro chama o pai de ingrato<\/a><\/strong><\/p>\n<p>PUBLICIDADE<\/p>\n<h3>A escolha da fam\u00edlia<\/h3>\n<p>Para Mion, a decis\u00e3o de n\u00e3o levar Romeo em viagens longas \u00e9 uma forma de cuidar do bem-estar do filho e da fam\u00edlia. Ele destacou que essa escolha n\u00e3o significa amar menos, mas sim compreender suas necessidades espec\u00edficas.<\/p>\n<p>A postura do apresentador gerou apoio de f\u00e3s, que elogiaram sua sinceridade e sensibilidade. Muitos tamb\u00e9m compartilharam experi\u00eancias semelhantes com filhos no espectro autista.<\/p>\n<hr\/>\n<p><strong>Categorias:<\/strong> Celebridades<br \/><strong>Tags:<\/strong> Marcos Mion, Romeo, autismo, viagem em fam\u00edlia<\/p>\n<p>\u00a0<\/p>\n<h2>Resumo de Vale Tudo de 25\/08: Afonso descobre que sua m\u00e3e est\u00e1 tendo um caso com C\u00e9sar<\/h2>\n<p>No resumo de <em>Vale Tudo<\/em> de 25 de agosto, Afonso tem p\u00e9ssima descoberta na novela das nove da Globo.<\/p>\n<p>Em <em>Vale Tudo<\/em>, no resumo para segunda-feira (25), C\u00e9sar (Cau\u00e3 Reymond) demonstra para Maria de F\u00e1tima (Bella Campos) que est\u00e1 feliz ao lado de Odete (Debora Bloch), deixando a rival enfurecida. Poliana (Matheus Nachtergaele) se impressiona com a garra de Raquel (Ta\u00eds Ara\u00fajo), que prova estar disposta a se reerguer de seus desafios e ganha a admira\u00e7\u00e3o de todos.<\/p>\n<p>Na novela das nove da Globo, Leila (Carolina Dieckmann) tenta corrigir erros do passado. Ela pede desculpas a Cec\u00edlia (Maeve Jenkings) e La\u00eds (Lorena Lima) pelas confus\u00f5es que causou durante a festa de Marco Aur\u00e9lio (Alexandre Nero) para Sarita (Luara Teles).<\/p>\n<p>PUBLICIDADE<\/p>\n<h3>Resumo de Vale Tudo para segunda-feira (25)<\/h3>\n<p>De acordo com o Gshow, Poliana, Gilda (Let\u00edcia Vieira) e Pascoal (Leandro L\u00e9o) se unem a Raquel em um projeto inusitado: vender sandu\u00edches na praia. A iniciativa fortalece amizades e cria momentos de uni\u00e3o entre os personagens.<\/p>\n<p>Enquanto isso, Odete n\u00e3o esconde de ningu\u00e9m que est\u00e1 apaixonada por C\u00e9sar. A revela\u00e7\u00e3o deixa Maria de F\u00e1tima abalada, j\u00e1 que suas tentativas de desestabilizar o romance n\u00e3o funcionam. A vil\u00e3 chega a tentar chantagear Marco Aur\u00e9lio, mas acaba sendo humilhada, percebendo que seus planos est\u00e3o cada vez mais fr\u00e1geis.<\/p>\n<p>PUBLICIDADE<\/p>\n<h3>Press\u00e3o para Maria de F\u00e1tima na novela das nove da Globo<\/h3>\n<p>A situa\u00e7\u00e3o complica ainda mais quando Afonso (Humberto Carr\u00e3o) descobre que Odete e C\u00e9sar est\u00e3o envolvidos. A revela\u00e7\u00e3o causa forte impacto emocional e deixa o rapaz sem ch\u00e3o. Surpreso, ele precisa lidar com a ideia de que a pr\u00f3pria m\u00e3e se relaciona com algu\u00e9m t\u00e3o pr\u00f3ximo.<\/p>\n<p>Maria de F\u00e1tima, por sua vez, se sente acuada. A personagem percebe que suas manipula\u00e7\u00f5es come\u00e7am a ter efeito contr\u00e1rio, aumentando a press\u00e3o sobre suas atitudes. O p\u00fablico acompanha o desenrolar dessa trama repleta de paix\u00f5es, trai\u00e7\u00f5es e revela\u00e7\u00f5es chocantes.<\/p>\n<hr\/>\n<p>\u00a0<\/p>\n<h3>Luciano revela suborno de Odete e Ivan planeja contra-ataque em <em>Vale Tudo<\/em><\/h3>\n<p>O remake de <em>Vale Tudo<\/em> segue entregando reviravoltas intensas e promete mexer ainda mais com os nervos do p\u00fablico nos pr\u00f3ximos cap\u00edtulos. Uma revela\u00e7\u00e3o bomb\u00e1stica vai mudar completamente a din\u00e2mica da disputa entre Ivan Meireles e sua sogra, Odete Roitman. Pressionado pelo peso da culpa, Luciano decide confessar ao amigo que vinha sendo pago pela poderosa empres\u00e1ria para espion\u00e1-lo. A confiss\u00e3o, que poderia significar o fim da amizade, acaba se tornando o in\u00edcio de um plano ousado.<\/p>\n<h2>A confiss\u00e3o inesperada<\/h2>\n<p>Luciano procura Ivan em uma noite silenciosa, tomado pela ang\u00fastia. No encontro, ele admite ter aceitado dinheiro de Odete para vigi\u00e1-lo e investigar poss\u00edveis trai\u00e7\u00f5es contra Heleninha. O choque inicial deixa Ivan dividido entre raiva e decep\u00e7\u00e3o, mas ao inv\u00e9s de romper com o amigo, ele surpreende: transforma a trai\u00e7\u00e3o em oportunidade.<\/p>\n<p>\u2014 Voc\u00ea vai continuar trabalhando para ela. Mas agora, vai trabalhar para mim \u2014 dispara Ivan, revelando um contra-ataque estrat\u00e9gico.<\/p>\n<h2>O plano contra Odete<\/h2>\n<p>Ivan v\u00ea na obsess\u00e3o da sogra uma fraqueza. Se Odete deseja informa\u00e7\u00f5es privilegiadas, Luciano continuar\u00e1 atuando como espi\u00e3o, mas dessa vez alimentando-a apenas com dados filtrados e convenientes. A ideia \u00e9 manipular a vil\u00e3 com o pr\u00f3prio veneno, fazendo-a acreditar que est\u00e1 no controle quando, na verdade, est\u00e1 sendo conduzida para a armadilha de Ivan.<\/p>\n<p>Luciano, embora desconfort\u00e1vel, aceita o papel de agente duplo, na esperan\u00e7a de reparar a confian\u00e7a perdida.<\/p>\n<h2>Odete cada vez mais perigosa<\/h2>\n<p>Do outro lado, Odete Roitman segue convicta de que precisa separar Ivan de Raquel. Ap\u00f3s receber relat\u00f3rios e fotos supostamente comprometedoras de Luciano, ela se sente vitoriosa e decide acelerar os planos. Convencida de que Raquel \u00e9 a grande amea\u00e7a, a vil\u00e3 coloca Walter para investigar o passado da dona da Paladar, acreditando que encontrar\u00e1 algo para destruir sua reputa\u00e7\u00e3o.<\/p>\n<p>Enquanto isso, Ivan abre o jogo com Raquel, revelando o plano e mostrando que, pela primeira vez, est\u00e1 disposto a enfrentar a sogra de igual para igual.<\/p>\n<h2>Heleninha em colapso<\/h2>\n<p>No meio dessa guerra, Heleninha se fragiliza ainda mais. Confusa com o comportamento do marido e emocionalmente inst\u00e1vel, ela se afunda na inseguran\u00e7a e se torna mais dependente. Mesmo alertada por Celina para olhar para si mesma, Heleninha insiste em acreditar que est\u00e1 perdendo o marido e v\u00ea Raquel como a culpada.<\/p>\n<h2>O erro de Luciano e a escalada do jogo<\/h2>\n<p>Apesar do plano bem estruturado, Luciano acaba cometendo um deslize e fornece a Odete informa\u00e7\u00f5es al\u00e9m do que deveria. A empres\u00e1ria, astuta, percebe a inconsist\u00eancia e come\u00e7a a desconfiar. Walter \u00e9 encarregado de vigiar o rapaz, o que coloca todo o esquema em risco.<\/p>\n<p>Ciente da amea\u00e7a, Ivan decide intensificar o contra-ataque. Ele come\u00e7a a levantar provas das fraudes e crimes corporativos de Odete, com a ajuda de Celina, planejando usar tudo contra a sogra no momento certo.<\/p>\n<h2>Uma guerra declarada<\/h2>\n<p>O jogo de poder entre Ivan e Odete atinge um novo patamar. O herdeiro, antes acuado, agora se posiciona para expor a empres\u00e1ria e virar o jogo. Mas a disputa est\u00e1 longe de acabar, j\u00e1 que Odete n\u00e3o mede esfor\u00e7os para manter o controle e destruir quem considera inimigo.<\/p>\n<p>Com espionagem, manipula\u00e7\u00f5es e revela\u00e7\u00f5es cada vez mais perigosas, os pr\u00f3ximos cap\u00edtulos de <em>Vale Tudo<\/em> prometem prender o p\u00fablico diante da tela e reacender a eterna quest\u00e3o: afinal, quem tem raz\u00e3o nesse tabuleiro de poder e trai\u00e7\u00f5es?<\/p>\n<p>\u00a0<\/p>\n<h2>\u2018Entendeu o que eu disse?\u2019: Ana Clara entra em choque com rea\u00e7\u00e3o de Leonardo em Vale Tudo<\/h2>\n<p>A novela <strong>Vale Tudo<\/strong>, exibida pela TV Globo, promete fortes emo\u00e7\u00f5es nos pr\u00f3ximos cap\u00edtulos com um enigma que deve deixar os telespectadores intrigados. O personagem <strong>Leonardo<\/strong>, interpretado por Guilherme Magon, ter\u00e1 novas cenas que colocar\u00e3o em d\u00favida o seu verdadeiro estado de sa\u00fade, abrindo espa\u00e7o para especula\u00e7\u00f5es sobre at\u00e9 onde ele \u00e9 v\u00edtima ou apenas um manipulador.<\/p>\n<p>A sequ\u00eancia em destaque mostrar\u00e1 <strong>Ana Clara<\/strong> interagindo com Leonardo durante uma sess\u00e3o improvisada de fisioterapia. A princ\u00edpio, tudo indica que ele continua sem condi\u00e7\u00f5es de compreender o que acontece \u00e0 sua volta, mas uma rea\u00e7\u00e3o inesperada far\u00e1 com que a personagem questione a situa\u00e7\u00e3o. \u201cPera\u00ed\u2026 voc\u00ea entendeu o que eu disse? Me entendeu?\u201d, dir\u00e1 ela, chocada com a possibilidade de que o filho de Odete esteja mais consciente do que aparenta.<\/p>\n<p>Apesar da d\u00favida, Leonardo n\u00e3o ter\u00e1 uma rea\u00e7\u00e3o clara que confirme qualquer melhora. O p\u00fablico, no entanto, ser\u00e1 instigado a observar cada detalhe, j\u00e1 que o roteiro deixa pequenas pistas que sugerem que h\u00e1 algo escondido, como se o personagem guardasse um segredo a sete chaves.<\/p>\n<h3>O mist\u00e9rio criado pela autora<\/h3>\n<p>A autora <strong>Manuela Dias<\/strong> aposta em um jogo narrativo baseado na ambiguidade. Ao inv\u00e9s de oferecer respostas f\u00e1ceis, a trama mant\u00e9m o suspense e leva o p\u00fablico a questionar se Leonardo realmente est\u00e1 debilitado ou se est\u00e1 encenando para enganar todos ao seu redor. Essa incerteza se tornar\u00e1 um dos principais recursos na reta final da novela, ampliando a tens\u00e3o dram\u00e1tica e dando mais profundidade ao personagem.<\/p>\n<h3>A decis\u00e3o surpreendente de Ana Clara<\/h3>\n<p>Convencida de que Leonardo n\u00e3o tem plena consci\u00eancia de sua condi\u00e7\u00e3o, <strong>Ana Clara<\/strong> seguir\u00e1 com os planos de casamento. A uni\u00e3o ser\u00e1 oficializada de maneira simb\u00f3lica, com a assinatura feita por digital, em uma cena que promete emocionar e ao mesmo tempo gerar pol\u00eamica entre os f\u00e3s da novela. Para muitos, essa atitude refor\u00e7ar\u00e1 a cegueira emocional da personagem, que ignora os sinais de que pode estar sendo enganada.<\/p>\n<p>O p\u00fablico, por sua vez, ficar\u00e1 dividido entre acreditar na suposta fragilidade de Leonardo ou desconfiar de uma poss\u00edvel manipula\u00e7\u00e3o que, caso confirmada, poder\u00e1 mudar completamente o rumo da hist\u00f3ria.<\/p>\n<p>Com essas reviravoltas, <strong>Vale Tudo<\/strong> segue prendendo a aten\u00e7\u00e3o dos telespectadores, mostrando por que continua sendo uma das tramas mais comentadas da televis\u00e3o brasileira. O suspense em torno de Leonardo e as escolhas de Ana Clara prometem agitar a reta final da novela e manter o p\u00fablico ansioso pelas pr\u00f3ximas revela\u00e7\u00f5es.<\/p>\n<p>\u00a0<\/p>\n<h4>Antes de perder a vida, Afonso grava mensagem emocionante para os filhos em <em>Vale Tudo<\/em>: \u2018A m\u00e3e de voc\u00eas\u2019<\/h4>\n<p>O executivo gravar\u00e1 um v\u00eddeo comovente para os beb\u00eas que Solange carrega em seu ventre.<\/p>\n<hr\/>\n<p>Os pr\u00f3ximos cap\u00edtulos do remake de <em>Vale Tudo<\/em>, exibido pela TV Globo, prometem arrancar l\u00e1grimas do p\u00fablico. Afonso (Humberto Carr\u00e3o), em meio \u00e0 luta contra a leucemia e com a sa\u00fade cada vez mais fr\u00e1gil, decidir\u00e1 registrar uma mensagem emocionante para os filhos que ainda n\u00e3o nasceram. Solange (Alice Wegmann), gr\u00e1vida de g\u00eameos, ser\u00e1 a grande inspira\u00e7\u00e3o do executivo para um dos momentos mais tocantes da trama.<\/p>\n<h3>Afonso grava v\u00eddeo para os beb\u00eas<\/h3>\n<p>Durante a madrugada, enquanto Solange dorme, Afonso pegar\u00e1 o celular e come\u00e7ar\u00e1 a gravar. Em voz baixa e comovida, ele falar\u00e1 diretamente com os filhos que ainda est\u00e3o no ventre da m\u00e3e:<\/p>\n<p>\u201cEu vou falar baixinho porque a m\u00e3e de voc\u00eas est\u00e1 dormindo. Hoje voc\u00eas est\u00e3o na 13\u00aa semana e\u2026 eu j\u00e1 amo tanto voc\u00eas\u201c, dir\u00e1, transbordando afeto mesmo antes do nascimento.<\/p>\n<p>Temendo que seu estado de sa\u00fade piore, o herdeiro da TCA refor\u00e7ar\u00e1 que, independentemente do que acontecer, seu amor sempre estar\u00e1 presente. O v\u00eddeo ser\u00e1 uma forma de deixar uma lembran\u00e7a eterna de sua luta e de seus sentimentos mais profundos.<\/p>\n<h3>Declara\u00e7\u00e3o emocionante sobre Solange<\/h3>\n<p>No mesmo registro, Afonso aproveitar\u00e1 para falar da m\u00e3e das crian\u00e7as. Ele exaltar\u00e1 Solange como a mulher mais forte que j\u00e1 conheceu e pedir\u00e1 que, no futuro, os filhos cuidem dela com todo o carinho. Essa fala n\u00e3o s\u00f3 refor\u00e7ar\u00e1 o elo do casal, como tamb\u00e9m mostrar\u00e1 o amadurecimento de Afonso diante das adversidades.<\/p>\n<h3>Solange interrompe a grava\u00e7\u00e3o<\/h3>\n<p>A cena ganhar\u00e1 ainda mais intensidade quando Solange acordar e flagrar o amado gravando. Emocionada, com l\u00e1grimas nos olhos, ela afirmar\u00e1 que os filhos nunca ver\u00e3o aquele v\u00eddeo, deixando claro sua esperan\u00e7a de que Afonso sobreviver\u00e1 ao tratamento.<\/p>\n<p>Ele, por sua vez, tentar\u00e1 disfar\u00e7ar a como\u00e7\u00e3o, dizendo que estava apenas se prevenindo em caso de emerg\u00eancia. O di\u00e1logo revelar\u00e1 toda a vulnerabilidade do casal, mas tamb\u00e9m a for\u00e7a que encontram juntos para enfrentar a doen\u00e7a.<\/p>\n<h3>Drama chega ao \u00e1pice<\/h3>\n<p>Esse epis\u00f3dio marcar\u00e1 a fase mais dif\u00edcil da trajet\u00f3ria de Afonso, que logo ser\u00e1 internado para iniciar a quimioterapia. O v\u00eddeo, repleto de amor e ternura, se tornar\u00e1 um s\u00edmbolo da esperan\u00e7a e da conex\u00e3o dele com Solange e os filhos.<\/p>\n<p>As cenas, previstas para irem ao ar no dia <strong>29 de agosto<\/strong>, devem emocionar intensamente o p\u00fablico e refor\u00e7ar o tom dram\u00e1tico que consagrou <em>Vale Tudo<\/em> como um dos maiores sucessos da teledramaturgia brasileira.<\/p>\n<hr\/>\n<p>\ud83d\udccc <strong>Categorias:<\/strong> NOVELAS<br \/>\ud83d\udccc <strong>Tags:<\/strong> afonso, c\u00e2ncer, solange, TV Globo, Vale Tudo<\/p>\n<hr\/>\n<p>\u00a0<\/p>\n<h2>QUEM \u00c9 O PAI?<\/h2>\n<p><strong>F\u00e1tima \u00e9 obrigada por Afonso a fazer teste de DNA em <em>Vale Tudo<\/em><\/strong><\/p>\n<p>O cerco vai se fechar para <strong>Maria de F\u00e1tima (Bella Campos)<\/strong> no remake de <em>Vale Tudo<\/em>. Depois de ser flagrada nos bra\u00e7os de <strong>C\u00e9sar (Cau\u00e3 Reymond)<\/strong>, a vil\u00e3 ver\u00e1 seu casamento ruir e ainda ter\u00e1 de lidar com uma cobran\u00e7a direta de <strong>Afonso (Humberto Carr\u00e3o)<\/strong>: ele exigir\u00e1 um exame de DNA para descobrir a paternidade do beb\u00ea que ela espera.<\/p>\n<p>\u201cEu s\u00f3 quero saber uma coisa. Esse filho que voc\u00ea est\u00e1 esperando \u00e9 meu?\u201d, perguntar\u00e1 o herdeiro da TCA, sem rodeios.<\/p>\n<h3>Confiss\u00e3o bomb\u00e1stica<\/h3>\n<p>Encurralada, F\u00e1tima vacilar\u00e1, mas acabar\u00e1 admitindo: \u201cPode ser seu, mas tamb\u00e9m pode ser do C\u00e9sar\u201d. A revela\u00e7\u00e3o cair\u00e1 como uma bomba para Afonso, que ficar\u00e1 em choque ao perceber que foi enganado durante todo o casamento.<\/p>\n<h3>Acerto de contas<\/h3>\n<p>A discuss\u00e3o entre os dois ficar\u00e1 cada vez mais pesada. Ele acusar\u00e1 a esposa de manipul\u00e1-lo desde o in\u00edcio, enquanto ela, sem remorso, jogar\u00e1 na cara: \u201cEu me casei por dinheiro, sim. Mas eu me esforcei pra te fazer feliz. N\u00e3o \u00e9 justo eu sair dessa hist\u00f3ria sem uma recompensa\u201d.<\/p>\n<p>Afonso n\u00e3o deixar\u00e1 barato e determinar\u00e1 que o exame ser\u00e1 feito custe o que custar. Dias depois, F\u00e1tima perder\u00e1 o jogo: devolver\u00e1 o cart\u00e3o de cr\u00e9dito do marido e admitir\u00e1 que o filho n\u00e3o \u00e9 dele. O resultado confirmar\u00e1 C\u00e9sar como o pai, abrindo espa\u00e7o para novas arma\u00e7\u00f5es da vil\u00e3 contra o modelo e contra <strong>Odete (Debora Bloch)<\/strong>.<\/p>\n<h3>Virada na trama<\/h3>\n<p>No mesmo cap\u00edtulo, previsto para <strong>quinta-feira (21)<\/strong>, a golpista ser\u00e1 abandonada ao mesmo tempo pelo amante e pelo marido, ficando sem aliados e com ainda mais inimigos.<\/p>\n<p>\u00a0<\/p>\n<hr\/>\n<p>\u00a0<\/p>\n<p><!-- CONTENT END 3 --><\/p><\/div>\n","protected":false},"excerpt":{"rendered":"<p>Por MRNews Em viagem com a fam\u00edlia, Mion explica porque n\u00e3o levou filho autista: \u2018A viagem vira um terror\u2019 O<\/p>\n","protected":false},"author":2,"featured_media":0,"comment_status":"","ping_status":"","sticky":false,"template":"","format":"standard","meta":{"colormag_page_container_layout":"default_layout","colormag_page_sidebar_layout":"default_layout","footnotes":""},"categories":[1],"tags":[],"class_list":["post-50917","post","type-post","status-publish","format-standard","hentry","category-ejornais"],"aioseo_notices":[],"amp_enabled":true,"_links":{"self":[{"href":"https:\/\/ejornais.com.br\/index.php\/wp-json\/wp\/v2\/posts\/50917","targetHints":{"allow":["GET"]}}],"collection":[{"href":"https:\/\/ejornais.com.br\/index.php\/wp-json\/wp\/v2\/posts"}],"about":[{"href":"https:\/\/ejornais.com.br\/index.php\/wp-json\/wp\/v2\/types\/post"}],"author":[{"embeddable":true,"href":"https:\/\/ejornais.com.br\/index.php\/wp-json\/wp\/v2\/users\/2"}],"replies":[{"embeddable":true,"href":"https:\/\/ejornais.com.br\/index.php\/wp-json\/wp\/v2\/comments?post=50917"}],"version-history":[{"count":0,"href":"https:\/\/ejornais.com.br\/index.php\/wp-json\/wp\/v2\/posts\/50917\/revisions"}],"wp:attachment":[{"href":"https:\/\/ejornais.com.br\/index.php\/wp-json\/wp\/v2\/media?parent=50917"}],"wp:term":[{"taxonomy":"category","embeddable":true,"href":"https:\/\/ejornais.com.br\/index.php\/wp-json\/wp\/v2\/categories?post=50917"},{"taxonomy":"post_tag","embeddable":true,"href":"https:\/\/ejornais.com.br\/index.php\/wp-json\/wp\/v2\/tags?post=50917"}],"curies":[{"name":"wp","href":"https:\/\/api.w.org\/{rel}","templated":true}]}}