{"id":51108,"date":"2025-08-25T04:49:40","date_gmt":"2025-08-25T07:49:40","guid":{"rendered":"https:\/\/ejornais.com.br\/index.php\/2025\/08\/25\/agencia-minas-gerais-inscricoes-para-o-20o-concurso-de-qualidade-do-cafe-da-regiao-de-manhuacu-estao-abertas\/"},"modified":"2025-08-25T04:49:40","modified_gmt":"2025-08-25T07:49:40","slug":"agencia-minas-gerais-inscricoes-para-o-20o-concurso-de-qualidade-do-cafe-da-regiao-de-manhuacu-estao-abertas","status":"publish","type":"post","link":"https:\/\/ejornais.com.br\/index.php\/2025\/08\/25\/agencia-minas-gerais-inscricoes-para-o-20o-concurso-de-qualidade-do-cafe-da-regiao-de-manhuacu-estao-abertas\/","title":{"rendered":"Ag\u00eancia Minas Gerais | Inscri\u00e7\u00f5es para o 20\u00ba Concurso de Qualidade do Caf\u00e9 da regi\u00e3o de Manhua\u00e7u est\u00e3o abertas"},"content":{"rendered":"<p><\/p>\n<div>\n<p>O 20\u00ba\u00a0Concurso de Qualidade do Caf\u00e9 da Regi\u00e3o das Matas de Minas da\u00a0Regional de Manhua\u00e7u, promovido pelo Governo de Minas\u00a0por meio da Empresa de Assist\u00eancia T\u00e9cnica e Extens\u00e3o Rural do Estado de Minas Gerais (Emater\u2013MG), est\u00e1 com inscri\u00e7\u00f5es abertas para todos os produtores da regi\u00e3o. Aqueles que participarem tamb\u00e9m estar\u00e3o automaticamente inscritos no 22\u00ba Concurso de Qualidade dos Caf\u00e9s de Minas Gerais,\u00a0o maior concurso de caf\u00e9s especiais de estado.<\/p>\n<p>\u201cNormalmente, mais de um ter\u00e7o das amostras do Concurso de Qualidade dos Caf\u00e9s de Minas Gerais estadual \u00e9 da regi\u00e3o de Manhua\u00e7u. Ent\u00e3o, decidimos fazer uma inscri\u00e7\u00e3o conjunta para as duas premia\u00e7\u00f5es, facilitando para o produtor. Um j\u00fari vai analisar o lote de caf\u00e9 entregue e as notas valer\u00e3o para os dois concursos\u201d, explica o coordenador t\u00e9cnico regional da Emater-MG, Thiago Oliveira.<\/p>\n<p>Produtores interessados devem se inscrever neste link at\u00e9 o dia 5\/9.<\/p>\n<p><strong>Categorias<\/strong><\/p>\n<p>Podem participar do concurso cafeicultores e familiares\u00a0cuja resid\u00eancia ou propriedade estejam nos munic\u00edpios atendidos pela Unidade Regional da Emater-MG da regi\u00e3o (Uregi Manhua\u00e7u). S\u00e3o eles:\u00a0Alto Jequitib\u00e1, Capara\u00f3, Caputira, Chal\u00e9, Concei\u00e7\u00e3o de Ipanema, Durand\u00e9, Ipanema, Lajinha, Luisburgo, Manhua\u00e7u, Manhumirim, Martins Soares, Matip\u00f3, Mutum, Oriz\u00e2nia, Pedra Bonita, Pocrane, Reduto, Santana do Manhua\u00e7u, Sericita, Simon\u00e9sia, S\u00e3o Jos\u00e9 do Mantimento, S\u00e3o Jo\u00e3o do Manhua\u00e7u, Taparuba e Vermelho Novo.<\/p>\n<p>Ap\u00f3s o preenchimento do formul\u00e1rio de inscri\u00e7\u00e3o, as amostras de caf\u00e9 t\u00eam que ser entregues at\u00e9 o dia 5\/9 no escrit\u00f3rio local da Emater-MG do munic\u00edpio do produtor. Elas devem ser da esp\u00e9cie Ar\u00e1bica e que terem sido\u00a0colhidas no ano de 2025. O cafeicultor poder\u00e1 se inscrever em apenas uma das modalidades: \u201cCaf\u00e9 Natural\u201d ou \u201cCaf\u00e9 Cereja Descascado, Despolpado ou Desmucilado\u201d.<\/p>\n<p><strong>J\u00fari de renome<\/strong><\/p>\n<p>Os lotes de caf\u00e9 passar\u00e3o por an\u00e1lises f\u00edsica e sensorial conduzidas por uma comiss\u00e3o julgadora de profissionais da \u00e1rea. \u201cOutra vantagem da realiza\u00e7\u00e3o conjunta dos concursos regional e estadual \u00e9 que as amostras s\u00e3o avaliadas por um j\u00fari de grande credibilidade e formados por especialistas de renome. Ent\u00e3o, \u00e9 uma an\u00e1lise s\u00e9ria e criteriosa\u201d, salienta Thiago.<\/p>\n<p>O Concurso de Qualidade do Caf\u00e9 da Regi\u00e3o das Matas de Minas da Regional de Manhua\u00e7u vem incentivando a melhoria da qualidade dos caf\u00e9s da regi\u00e3o, al\u00e9m de agrega\u00e7\u00e3o de valor do produto. \u201cQuando o cafeicultor recebe uma premia\u00e7\u00e3o, ele \u00e9 mais procurado pelos compradores de caf\u00e9 e o produto fica mais valorizado\u201d, conta o coordenador.<\/p>\n<p>O encerramento do concurso est\u00e1 previsto para acontecer em dezembro. Mais informa\u00e7\u00f5es sobre o concurso podem ser obtidas nos escrit\u00f3rios locais da Emater-MG\u00a0dos munic\u00edpios da regi\u00e3o de Manhua\u00e7u.<\/p>\n<\/p><\/div>\n","protected":false},"excerpt":{"rendered":"<p>O 20\u00ba\u00a0Concurso de Qualidade do Caf\u00e9 da Regi\u00e3o das Matas de Minas da\u00a0Regional de Manhua\u00e7u, promovido pelo Governo de Minas\u00a0por<\/p>\n","protected":false},"author":2,"featured_media":0,"comment_status":"","ping_status":"","sticky":false,"template":"","format":"standard","meta":{"colormag_page_container_layout":"default_layout","colormag_page_sidebar_layout":"default_layout","footnotes":""},"categories":[1],"tags":[],"class_list":["post-51108","post","type-post","status-publish","format-standard","hentry","category-ejornais"],"aioseo_notices":[],"amp_enabled":true,"_links":{"self":[{"href":"https:\/\/ejornais.com.br\/index.php\/wp-json\/wp\/v2\/posts\/51108","targetHints":{"allow":["GET"]}}],"collection":[{"href":"https:\/\/ejornais.com.br\/index.php\/wp-json\/wp\/v2\/posts"}],"about":[{"href":"https:\/\/ejornais.com.br\/index.php\/wp-json\/wp\/v2\/types\/post"}],"author":[{"embeddable":true,"href":"https:\/\/ejornais.com.br\/index.php\/wp-json\/wp\/v2\/users\/2"}],"replies":[{"embeddable":true,"href":"https:\/\/ejornais.com.br\/index.php\/wp-json\/wp\/v2\/comments?post=51108"}],"version-history":[{"count":0,"href":"https:\/\/ejornais.com.br\/index.php\/wp-json\/wp\/v2\/posts\/51108\/revisions"}],"wp:attachment":[{"href":"https:\/\/ejornais.com.br\/index.php\/wp-json\/wp\/v2\/media?parent=51108"}],"wp:term":[{"taxonomy":"category","embeddable":true,"href":"https:\/\/ejornais.com.br\/index.php\/wp-json\/wp\/v2\/categories?post=51108"},{"taxonomy":"post_tag","embeddable":true,"href":"https:\/\/ejornais.com.br\/index.php\/wp-json\/wp\/v2\/tags?post=51108"}],"curies":[{"name":"wp","href":"https:\/\/api.w.org\/{rel}","templated":true}]}}