{"id":51152,"date":"2025-08-25T22:05:44","date_gmt":"2025-08-26T01:05:44","guid":{"rendered":"https:\/\/ejornais.com.br\/index.php\/2025\/08\/25\/julgamento-de-bolsonaro-traz-algum-grau-de-tensao-para-pais\/"},"modified":"2025-08-25T22:05:44","modified_gmt":"2025-08-26T01:05:44","slug":"julgamento-de-bolsonaro-traz-algum-grau-de-tensao-para-pais","status":"publish","type":"post","link":"https:\/\/ejornais.com.br\/index.php\/2025\/08\/25\/julgamento-de-bolsonaro-traz-algum-grau-de-tensao-para-pais\/","title":{"rendered":"julgamento de Bolsonaro traz \u201calgum grau de tens\u00e3o\u201d para pa\u00eds"},"content":{"rendered":"<p> Por MRNews<br \/>\n<\/p>\n<div wp_automatic_readability=\"45.42750929368\">\n<p><strong>O presidente do Supremo Tribunal Federal (STF), ministro Lu\u00eds Roberto Barroso, disse nesta segunda-feira (25) que o julgamento do ex-presidente Jair Bolsonaro e mais sete r\u00e9us pela trama golpista traz \u201calgum grau de tens\u00e3o\u201d para o pa\u00eds.<\/strong><\/p>\n<p>Durante um evento na Ordem dos Advogados do Brasil (OAB), o ministro afirmou que o resultado do julgamento pela condena\u00e7\u00e3o ou absolvi\u00e7\u00e3o dos r\u00e9us ser\u00e1 de acordo com as provas e ocorrer\u00e1 com o devido processo legal e sess\u00f5es p\u00fablicas.<\/p>\n<blockquote wp_automatic_readability=\"10.960526315789\">\n<p>\u201cN\u00f3s vivemos esse momento tenso, inevit\u00e1vel, dos julgamentos do 8 de janeiro e dos julgamentos do que, segundo a den\u00fancia do procurador-geral da Rep\u00fablica, teria sido uma tentativa de golpe de Estado. \u00c9 evidente que esses epis\u00f3dios trazem algum grau de tens\u00e3o para o pa\u00eds\u201d, afirmou.<\/p>\n<p><strong><a href=\"https:\/\/mrnews.com.br\/index.php\/2025\/08\/25\/essa-sera-a-reacao-de-afonso-ao-descobrir-que-cesar-e-o-seu-novo-padrasto-em-vale-tudo\/\">Essa ser\u00e1 a rea\u00e7\u00e3o de Afonso ao descobrir que C\u00e9sar \u00e9 o seu novo padrasto em Vale Tudo<\/a><\/strong><\/p>\n<p><strong><a href=\"https:\/\/mrnews.com.br\/index.php\/2025\/08\/25\/morre-irma-de-cissa-guimaraes-e-atriz-recebe-apoio-de-fas-e-famosos\/\">Morre irm\u00e3 de Cissa Guimar\u00e3es, e atriz recebe apoio de f\u00e3s e famosos<\/a><\/strong><\/p>\n<\/blockquote>\n<p>Barroso tamb\u00e9m fez um retrospecto das tentativas de quebra da legalidade constitucional ao longo da hist\u00f3ria do Brasil e disse que \u00e9 preciso \u201cencerrar um ciclo\u201d.<\/p>\n<blockquote wp_automatic_readability=\"9\">\n<p>\u201c\u00c9 imperativo o julgamento, porque o pa\u00eds precisa encerrar o ciclo em que se considerava legitimo e aceit\u00e1vel a quebra de legalidade constitucional por n\u00e3o gostar do resultado eleitoral, completou.<\/p>\n<\/blockquote>\n<h2>Julgamento<\/h2>\n<p><strong>O julgamento de Bolsonaro ser\u00e1 realizado pela Primeira Turma do Supremo, que \u00e9 formada pelos ministros Fl\u00e1vio Dino, Cristiano Zanin, C\u00e1rmen L\u00facia e Luiz Fux.\u00a0 As sess\u00f5es do julgamento est\u00e3o marcadas para ocorrer entre os dias 2 e 12 de setembro.<\/strong><\/p>\n<p>Os r\u00e9us respondem pelos crimes de organiza\u00e7\u00e3o criminosa armada, tentativa de aboli\u00e7\u00e3o violenta do Estado Democr\u00e1tico de Direito, golpe de Estado, dano qualificado pela viol\u00eancia e grave amea\u00e7a e deteriora\u00e7\u00e3o de patrim\u00f4nio tombado.<\/p>\n<p><strong><a href=\"https:\/\/mrnews.com.br\/index.php\/2025\/08\/25\/chile-e-arabia-saudita-retiram-restricao-a-carne-de-frango-do-brasil\/\">Chile e Ar\u00e1bia Saudita retiram restri\u00e7\u00e3o \u00e0 carne de frango do Brasil<\/a><\/strong><\/p>\n<p><strong><a href=\"https:\/\/mrnews.com.br\/index.php\/2025\/08\/25\/agu-pede-a-pf-investigacao-sobre-fake-news-contra-banco-do-brasil\/\">AGU pede \u00e0 PF investiga\u00e7\u00e3o sobre fake news contra Banco do Brasil<\/a><\/strong><\/p>\n<p>Em caso de condena\u00e7\u00e3o, as penas podem passar de 30 anos de pris\u00e3o.\u00a0\u00a0<\/p>\n<p><strong>S\u00e3o r\u00e9us do n\u00facleo crucial da trama golpista:<\/strong><\/p>\n<ul>\n<li>Jair Bolsonaro \u2013 ex-presidente da Rep\u00fablica;\u00a0<\/li>\n<li>Alexandre Ramagem \u2013 ex-diretor da Ag\u00eancia Brasileira de Intelig\u00eancia (Abin);<\/li>\n<li>Almir Garnier \u2013 ex-comandante da Marinha;<\/li>\n<li>Anderson Torres \u2013 ex-ministro da Justi\u00e7a e ex-secret\u00e1rio de Seguran\u00e7a do Distrito Federal;<\/li>\n<li>Augusto Heleno \u2013 ex-ministro do Gabinete de Seguran\u00e7a Institucional;<\/li>\n<li>Paulo S\u00e9rgio Nogueira (general), ex-ministro da Defesa;<\/li>\n<li>Walter Braga Netto \u2013 ex-ministro de Bolsonaro e candidato \u00e0 vice na chapa de 2022.<\/li>\n<li>Mauro Cid (tenente-coronel), ex-ajudante de ordens de Jair Bolsonaro.\u00a0<\/li>\n<\/ul>\n<\/div>\n","protected":false},"excerpt":{"rendered":"<p>Por MRNews O presidente do Supremo Tribunal Federal (STF), ministro Lu\u00eds Roberto Barroso, disse nesta segunda-feira (25) que o julgamento<\/p>\n","protected":false},"author":2,"featured_media":0,"comment_status":"","ping_status":"","sticky":false,"template":"","format":"standard","meta":{"colormag_page_container_layout":"default_layout","colormag_page_sidebar_layout":"default_layout","footnotes":""},"categories":[1],"tags":[],"class_list":["post-51152","post","type-post","status-publish","format-standard","hentry","category-ejornais"],"aioseo_notices":[],"aioseo_head":"\n\t\t<!-- All in One SEO 5.0.1.1 - aioseo.com -->\n\t<meta name=\"description\" content=\"Por MRNews O presidente do Supremo Tribunal Federal (STF), ministro Lu\u00eds Roberto Barroso, disse nesta segunda-feira (25) que o julgamento do ex-presidente Jair Bolsonaro e mais sete r\u00e9us pela trama golpista traz \u201calgum grau de tens\u00e3o\u201d para o pa\u00eds. Durante um evento na Ordem dos Advogados do Brasil (OAB), o ministro afirmou que o resultado\" \/>\n\t<meta name=\"robots\" content=\"max-image-preview:large\" \/>\n\t<meta name=\"author\" content=\"admin1\"\/>\n\t<link rel=\"canonical\" href=\"https:\/\/ejornais.com.br\/index.php\/2025\/08\/25\/julgamento-de-bolsonaro-traz-algum-grau-de-tensao-para-pais\/\" \/>\n\t<meta name=\"generator\" content=\"All in One SEO (AIOSEO) 5.0.1.1\" \/>\n\t\t<meta property=\"og:locale\" content=\"pt_BR\" \/>\n\t\t<meta property=\"og:site_name\" content=\"eJornais - Cat\u00e1logo de Jornais no mundo, Not\u00edcias, Blog e Esportes ao vivo\" \/>\n\t\t<meta property=\"og:type\" content=\"article\" \/>\n\t\t<meta property=\"og:title\" content=\"julgamento de Bolsonaro traz \u201calgum grau de tens\u00e3o\u201d para pa\u00eds - eJornais\" \/>\n\t\t<meta property=\"og:description\" content=\"Por MRNews O presidente do Supremo Tribunal Federal (STF), ministro Lu\u00eds Roberto Barroso, disse nesta segunda-feira (25) que o julgamento do ex-presidente Jair Bolsonaro e mais sete r\u00e9us pela trama golpista traz \u201calgum grau de tens\u00e3o\u201d para o pa\u00eds. Durante um evento na Ordem dos Advogados do Brasil (OAB), o ministro afirmou que o resultado\" \/>\n\t\t<meta property=\"og:url\" content=\"https:\/\/ejornais.com.br\/index.php\/2025\/08\/25\/julgamento-de-bolsonaro-traz-algum-grau-de-tensao-para-pais\/\" \/>\n\t\t<meta property=\"article:published_time\" content=\"2025-08-26T01:05:44+00:00\" \/>\n\t\t<meta property=\"article:modified_time\" content=\"2025-08-26T01:05:44+00:00\" \/>\n\t\t<meta name=\"twitter:card\" content=\"summary_large_image\" \/>\n\t\t<meta name=\"twitter:title\" content=\"julgamento de Bolsonaro traz \u201calgum grau de tens\u00e3o\u201d para pa\u00eds - eJornais\" \/>\n\t\t<meta name=\"twitter:description\" content=\"Por MRNews O presidente do Supremo Tribunal Federal (STF), ministro Lu\u00eds Roberto Barroso, disse nesta segunda-feira (25) que o julgamento do ex-presidente Jair Bolsonaro e mais sete r\u00e9us pela trama golpista traz \u201calgum grau de tens\u00e3o\u201d para o pa\u00eds. Durante um evento na Ordem dos Advogados do Brasil (OAB), o ministro afirmou que o resultado\" \/>\n\t\t<script type=\"application\/ld+json\" class=\"aioseo-schema\">\n\t\t\t{\"@context\":\"https:\\\/\\\/schema.org\",\"@graph\":[{\"@type\":\"BlogPosting\",\"@id\":\"https:\\\/\\\/ejornais.com.br\\\/index.php\\\/2025\\\/08\\\/25\\\/julgamento-de-bolsonaro-traz-algum-grau-de-tensao-para-pais\\\/#blogposting\",\"name\":\"julgamento de Bolsonaro traz \\u201calgum grau de tens\\u00e3o\\u201d para pa\\u00eds - eJornais\",\"headline\":\"julgamento de Bolsonaro traz \\u201calgum grau de tens\\u00e3o\\u201d para pa\\u00eds\",\"author\":{\"@id\":\"https:\\\/\\\/ejornais.com.br\\\/index.php\\\/author\\\/admin1\\\/#author\"},\"publisher\":{\"@id\":\"https:\\\/\\\/ejornais.com.br\\\/#organization\"},\"datePublished\":\"2025-08-25T22:05:44-03:00\",\"dateModified\":\"2025-08-25T22:05:44-03:00\",\"inLanguage\":\"pt-BR\",\"mainEntityOfPage\":{\"@id\":\"https:\\\/\\\/ejornais.com.br\\\/index.php\\\/2025\\\/08\\\/25\\\/julgamento-de-bolsonaro-traz-algum-grau-de-tensao-para-pais\\\/#webpage\"},\"isPartOf\":{\"@id\":\"https:\\\/\\\/ejornais.com.br\\\/index.php\\\/2025\\\/08\\\/25\\\/julgamento-de-bolsonaro-traz-algum-grau-de-tensao-para-pais\\\/#webpage\"},\"articleSection\":\"Cat\\u00e1logo de Jornais\"},{\"@type\":\"BreadcrumbList\",\"@id\":\"https:\\\/\\\/ejornais.com.br\\\/index.php\\\/2025\\\/08\\\/25\\\/julgamento-de-bolsonaro-traz-algum-grau-de-tensao-para-pais\\\/#breadcrumblist\",\"itemListElement\":[{\"@type\":\"ListItem\",\"@id\":\"https:\\\/\\\/ejornais.com.br#listItem\",\"position\":1,\"name\":\"In\\u00edcio\",\"item\":\"https:\\\/\\\/ejornais.com.br\",\"nextItem\":{\"@type\":\"ListItem\",\"@id\":\"https:\\\/\\\/ejornais.com.br\\\/index.php\\\/category\\\/ejornais\\\/#listItem\",\"name\":\"Cat\\u00e1logo de Jornais\"}},{\"@type\":\"ListItem\",\"@id\":\"https:\\\/\\\/ejornais.com.br\\\/index.php\\\/category\\\/ejornais\\\/#listItem\",\"position\":2,\"name\":\"Cat\\u00e1logo de Jornais\",\"item\":\"https:\\\/\\\/ejornais.com.br\\\/index.php\\\/category\\\/ejornais\\\/\",\"nextItem\":{\"@type\":\"ListItem\",\"@id\":\"https:\\\/\\\/ejornais.com.br\\\/index.php\\\/2025\\\/08\\\/25\\\/julgamento-de-bolsonaro-traz-algum-grau-de-tensao-para-pais\\\/#listItem\",\"name\":\"julgamento de Bolsonaro traz \\u201calgum grau de tens\\u00e3o\\u201d para pa\\u00eds\"},\"previousItem\":{\"@type\":\"ListItem\",\"@id\":\"https:\\\/\\\/ejornais.com.br#listItem\",\"name\":\"In\\u00edcio\"}},{\"@type\":\"ListItem\",\"@id\":\"https:\\\/\\\/ejornais.com.br\\\/index.php\\\/2025\\\/08\\\/25\\\/julgamento-de-bolsonaro-traz-algum-grau-de-tensao-para-pais\\\/#listItem\",\"position\":3,\"name\":\"julgamento de Bolsonaro traz \\u201calgum grau de tens\\u00e3o\\u201d para pa\\u00eds\",\"previousItem\":{\"@type\":\"ListItem\",\"@id\":\"https:\\\/\\\/ejornais.com.br\\\/index.php\\\/category\\\/ejornais\\\/#listItem\",\"name\":\"Cat\\u00e1logo de Jornais\"}}]},{\"@type\":\"Organization\",\"@id\":\"https:\\\/\\\/ejornais.com.br\\\/#organization\",\"name\":\"eJornais\",\"description\":\"Cat\\u00e1logo de Jornais no mundo, Not\\u00edcias, Blog e Esportes ao vivo\",\"url\":\"https:\\\/\\\/ejornais.com.br\\\/\"},{\"@type\":\"Person\",\"@id\":\"https:\\\/\\\/ejornais.com.br\\\/index.php\\\/author\\\/admin1\\\/#author\",\"url\":\"https:\\\/\\\/ejornais.com.br\\\/index.php\\\/author\\\/admin1\\\/\",\"name\":\"admin1\",\"image\":{\"@type\":\"ImageObject\",\"@id\":\"https:\\\/\\\/ejornais.com.br\\\/index.php\\\/2025\\\/08\\\/25\\\/julgamento-de-bolsonaro-traz-algum-grau-de-tensao-para-pais\\\/#authorImage\",\"url\":\"https:\\\/\\\/secure.gravatar.com\\\/avatar\\\/04084e6d73c042b8646e7c17b494073bf0ede3ea13c7105cfc45cbbbc28385a4?s=96&d=mm&r=g\",\"width\":96,\"height\":96,\"caption\":\"admin1\"}},{\"@type\":\"WebPage\",\"@id\":\"https:\\\/\\\/ejornais.com.br\\\/index.php\\\/2025\\\/08\\\/25\\\/julgamento-de-bolsonaro-traz-algum-grau-de-tensao-para-pais\\\/#webpage\",\"url\":\"https:\\\/\\\/ejornais.com.br\\\/index.php\\\/2025\\\/08\\\/25\\\/julgamento-de-bolsonaro-traz-algum-grau-de-tensao-para-pais\\\/\",\"name\":\"julgamento de Bolsonaro traz \\u201calgum grau de tens\\u00e3o\\u201d para pa\\u00eds - eJornais\",\"description\":\"Por MRNews O presidente do Supremo Tribunal Federal (STF), ministro Lu\\u00eds Roberto Barroso, disse nesta segunda-feira (25) que o julgamento do ex-presidente Jair Bolsonaro e mais sete r\\u00e9us pela trama golpista traz \\u201calgum grau de tens\\u00e3o\\u201d para o pa\\u00eds. Durante um evento na Ordem dos Advogados do Brasil (OAB), o ministro afirmou que o resultado\",\"inLanguage\":\"pt-BR\",\"isPartOf\":{\"@id\":\"https:\\\/\\\/ejornais.com.br\\\/#website\"},\"breadcrumb\":{\"@id\":\"https:\\\/\\\/ejornais.com.br\\\/index.php\\\/2025\\\/08\\\/25\\\/julgamento-de-bolsonaro-traz-algum-grau-de-tensao-para-pais\\\/#breadcrumblist\"},\"author\":{\"@id\":\"https:\\\/\\\/ejornais.com.br\\\/index.php\\\/author\\\/admin1\\\/#author\"},\"creator\":{\"@id\":\"https:\\\/\\\/ejornais.com.br\\\/index.php\\\/author\\\/admin1\\\/#author\"},\"datePublished\":\"2025-08-25T22:05:44-03:00\",\"dateModified\":\"2025-08-25T22:05:44-03:00\"},{\"@type\":\"WebSite\",\"@id\":\"https:\\\/\\\/ejornais.com.br\\\/#website\",\"url\":\"https:\\\/\\\/ejornais.com.br\\\/\",\"name\":\"eJornais\",\"description\":\"Cat\\u00e1logo de Jornais no mundo, Not\\u00edcias, Blog e Esportes ao vivo\",\"inLanguage\":\"pt-BR\",\"publisher\":{\"@id\":\"https:\\\/\\\/ejornais.com.br\\\/#organization\"}}]}\n\t\t<\/script>\n\t\t<!-- All in One SEO -->\n\n","aioseo_head_json":{"title":"julgamento de Bolsonaro traz \u201calgum grau de tens\u00e3o\u201d para pa\u00eds - eJornais","description":"Por MRNews O presidente do Supremo Tribunal Federal (STF), ministro Lu\u00eds Roberto Barroso, disse nesta segunda-feira (25) que o julgamento do ex-presidente Jair Bolsonaro e mais sete r\u00e9us pela trama golpista traz \u201calgum grau de tens\u00e3o\u201d para o pa\u00eds. Durante um evento na Ordem dos Advogados do Brasil (OAB), o ministro afirmou que o resultado","canonical_url":"https:\/\/ejornais.com.br\/index.php\/2025\/08\/25\/julgamento-de-bolsonaro-traz-algum-grau-de-tensao-para-pais\/","robots":"max-image-preview:large","keywords":"","webmasterTools":{"miscellaneous":""},"schema":{"@context":"https:\/\/schema.org","@graph":[{"@type":"BlogPosting","@id":"https:\/\/ejornais.com.br\/index.php\/2025\/08\/25\/julgamento-de-bolsonaro-traz-algum-grau-de-tensao-para-pais\/#blogposting","name":"julgamento de Bolsonaro traz \u201calgum grau de tens\u00e3o\u201d para pa\u00eds - eJornais","headline":"julgamento de Bolsonaro traz \u201calgum grau de tens\u00e3o\u201d para pa\u00eds","author":{"@id":"https:\/\/ejornais.com.br\/index.php\/author\/admin1\/#author"},"publisher":{"@id":"https:\/\/ejornais.com.br\/#organization"},"datePublished":"2025-08-25T22:05:44-03:00","dateModified":"2025-08-25T22:05:44-03:00","inLanguage":"pt-BR","mainEntityOfPage":{"@id":"https:\/\/ejornais.com.br\/index.php\/2025\/08\/25\/julgamento-de-bolsonaro-traz-algum-grau-de-tensao-para-pais\/#webpage"},"isPartOf":{"@id":"https:\/\/ejornais.com.br\/index.php\/2025\/08\/25\/julgamento-de-bolsonaro-traz-algum-grau-de-tensao-para-pais\/#webpage"},"articleSection":"Cat\u00e1logo de Jornais"},{"@type":"BreadcrumbList","@id":"https:\/\/ejornais.com.br\/index.php\/2025\/08\/25\/julgamento-de-bolsonaro-traz-algum-grau-de-tensao-para-pais\/#breadcrumblist","itemListElement":[{"@type":"ListItem","@id":"https:\/\/ejornais.com.br#listItem","position":1,"name":"In\u00edcio","item":"https:\/\/ejornais.com.br","nextItem":{"@type":"ListItem","@id":"https:\/\/ejornais.com.br\/index.php\/category\/ejornais\/#listItem","name":"Cat\u00e1logo de Jornais"}},{"@type":"ListItem","@id":"https:\/\/ejornais.com.br\/index.php\/category\/ejornais\/#listItem","position":2,"name":"Cat\u00e1logo de Jornais","item":"https:\/\/ejornais.com.br\/index.php\/category\/ejornais\/","nextItem":{"@type":"ListItem","@id":"https:\/\/ejornais.com.br\/index.php\/2025\/08\/25\/julgamento-de-bolsonaro-traz-algum-grau-de-tensao-para-pais\/#listItem","name":"julgamento de Bolsonaro traz \u201calgum grau de tens\u00e3o\u201d para pa\u00eds"},"previousItem":{"@type":"ListItem","@id":"https:\/\/ejornais.com.br#listItem","name":"In\u00edcio"}},{"@type":"ListItem","@id":"https:\/\/ejornais.com.br\/index.php\/2025\/08\/25\/julgamento-de-bolsonaro-traz-algum-grau-de-tensao-para-pais\/#listItem","position":3,"name":"julgamento de Bolsonaro traz \u201calgum grau de tens\u00e3o\u201d para pa\u00eds","previousItem":{"@type":"ListItem","@id":"https:\/\/ejornais.com.br\/index.php\/category\/ejornais\/#listItem","name":"Cat\u00e1logo de Jornais"}}]},{"@type":"Organization","@id":"https:\/\/ejornais.com.br\/#organization","name":"eJornais","description":"Cat\u00e1logo de Jornais no mundo, Not\u00edcias, Blog e Esportes ao vivo","url":"https:\/\/ejornais.com.br\/"},{"@type":"Person","@id":"https:\/\/ejornais.com.br\/index.php\/author\/admin1\/#author","url":"https:\/\/ejornais.com.br\/index.php\/author\/admin1\/","name":"admin1","image":{"@type":"ImageObject","@id":"https:\/\/ejornais.com.br\/index.php\/2025\/08\/25\/julgamento-de-bolsonaro-traz-algum-grau-de-tensao-para-pais\/#authorImage","url":"https:\/\/secure.gravatar.com\/avatar\/04084e6d73c042b8646e7c17b494073bf0ede3ea13c7105cfc45cbbbc28385a4?s=96&d=mm&r=g","width":96,"height":96,"caption":"admin1"}},{"@type":"WebPage","@id":"https:\/\/ejornais.com.br\/index.php\/2025\/08\/25\/julgamento-de-bolsonaro-traz-algum-grau-de-tensao-para-pais\/#webpage","url":"https:\/\/ejornais.com.br\/index.php\/2025\/08\/25\/julgamento-de-bolsonaro-traz-algum-grau-de-tensao-para-pais\/","name":"julgamento de Bolsonaro traz \u201calgum grau de tens\u00e3o\u201d para pa\u00eds - eJornais","description":"Por MRNews O presidente do Supremo Tribunal Federal (STF), ministro Lu\u00eds Roberto Barroso, disse nesta segunda-feira (25) que o julgamento do ex-presidente Jair Bolsonaro e mais sete r\u00e9us pela trama golpista traz \u201calgum grau de tens\u00e3o\u201d para o pa\u00eds. Durante um evento na Ordem dos Advogados do Brasil (OAB), o ministro afirmou que o resultado","inLanguage":"pt-BR","isPartOf":{"@id":"https:\/\/ejornais.com.br\/#website"},"breadcrumb":{"@id":"https:\/\/ejornais.com.br\/index.php\/2025\/08\/25\/julgamento-de-bolsonaro-traz-algum-grau-de-tensao-para-pais\/#breadcrumblist"},"author":{"@id":"https:\/\/ejornais.com.br\/index.php\/author\/admin1\/#author"},"creator":{"@id":"https:\/\/ejornais.com.br\/index.php\/author\/admin1\/#author"},"datePublished":"2025-08-25T22:05:44-03:00","dateModified":"2025-08-25T22:05:44-03:00"},{"@type":"WebSite","@id":"https:\/\/ejornais.com.br\/#website","url":"https:\/\/ejornais.com.br\/","name":"eJornais","description":"Cat\u00e1logo de Jornais no mundo, Not\u00edcias, Blog e Esportes ao vivo","inLanguage":"pt-BR","publisher":{"@id":"https:\/\/ejornais.com.br\/#organization"}}]},"og:locale":"pt_BR","og:site_name":"eJornais - Cat\u00e1logo de Jornais no mundo, Not\u00edcias, Blog e Esportes ao vivo","og:type":"article","og:title":"julgamento de Bolsonaro traz \u201calgum grau de tens\u00e3o\u201d para pa\u00eds - eJornais","og:description":"Por MRNews O presidente do Supremo Tribunal Federal (STF), ministro Lu\u00eds Roberto Barroso, disse nesta segunda-feira (25) que o julgamento do ex-presidente Jair Bolsonaro e mais sete r\u00e9us pela trama golpista traz \u201calgum grau de tens\u00e3o\u201d para o pa\u00eds. Durante um evento na Ordem dos Advogados do Brasil (OAB), o ministro afirmou que o resultado","og:url":"https:\/\/ejornais.com.br\/index.php\/2025\/08\/25\/julgamento-de-bolsonaro-traz-algum-grau-de-tensao-para-pais\/","article:published_time":"2025-08-26T01:05:44+00:00","article:modified_time":"2025-08-26T01:05:44+00:00","twitter:card":"summary_large_image","twitter:title":"julgamento de Bolsonaro traz \u201calgum grau de tens\u00e3o\u201d para pa\u00eds - eJornais","twitter:description":"Por MRNews O presidente do Supremo Tribunal Federal (STF), ministro Lu\u00eds Roberto Barroso, disse nesta segunda-feira (25) que o julgamento do ex-presidente Jair Bolsonaro e mais sete r\u00e9us pela trama golpista traz \u201calgum grau de tens\u00e3o\u201d para o pa\u00eds. Durante um evento na Ordem dos Advogados do Brasil (OAB), o ministro afirmou que o resultado"},"aioseo_meta_data":{"post_id":"51152","title":null,"description":null,"keywords":null,"keyphrases":null,"primary_term":null,"canonical_url":null,"og_title":null,"og_description":null,"og_object_type":"default","og_image_type":"default","og_image_url":null,"og_image_width":null,"og_image_height":null,"og_image_custom_url":null,"og_image_custom_fields":null,"og_video":null,"og_custom_url":null,"og_article_section":null,"og_article_tags":null,"twitter_use_og":false,"twitter_card":"default","twitter_image_type":"default","twitter_image_url":null,"twitter_image_custom_url":null,"twitter_image_custom_fields":null,"twitter_title":null,"twitter_description":null,"schema":{"blockGraphs":[],"customGraphs":[],"default":{"data":{"Article":[],"Course":[],"Dataset":[],"FAQPage":[],"Movie":[],"Person":[],"Product":[],"ProductReview":[],"Car":[],"Recipe":[],"Service":[],"SoftwareApplication":[],"WebPage":[]},"graphName":"","isEnabled":true},"graphs":[]},"schema_type":"default","schema_type_options":null,"pillar_content":false,"robots_default":true,"robots_noindex":false,"robots_noarchive":false,"robots_nosnippet":false,"robots_nofollow":false,"robots_noimageindex":false,"robots_noodp":false,"robots_notranslate":false,"robots_max_snippet":null,"robots_max_videopreview":null,"robots_max_imagepreview":"large","priority":null,"frequency":null,"local_seo":null,"breadcrumb_settings":null,"limit_modified_date":false,"ai":null,"created":"2025-08-26 01:14:35","updated":"2025-08-26 01:14:35","seo_analyzer_scan_date":null,"focus_keyword":null,"additional_keywords":null,"truseo_locale":null},"aioseo_breadcrumb":"<div class=\"aioseo-breadcrumbs\"><span class=\"aioseo-breadcrumb\">\n\t\t\t<a href=\"https:\/\/ejornais.com.br\" title=\"In\u00edcio\">In\u00edcio<\/a>\n\t\t<\/span><span class=\"aioseo-breadcrumb-separator\">&raquo;<\/span><span class=\"aioseo-breadcrumb\">\n\t\t\t<a href=\"https:\/\/ejornais.com.br\/index.php\/category\/ejornais\/\" title=\"Cat\u00e1logo de Jornais\">Cat\u00e1logo de Jornais<\/a>\n\t\t<\/span><span class=\"aioseo-breadcrumb-separator\">&raquo;<\/span><span class=\"aioseo-breadcrumb\">\n\t\t\tjulgamento de Bolsonaro traz \u201calgum grau de tens\u00e3o\u201d para pa\u00eds\n\t\t<\/span><\/div>","aioseo_breadcrumb_json":[{"label":"In\u00edcio","link":"https:\/\/ejornais.com.br"},{"label":"Cat\u00e1logo de Jornais","link":"https:\/\/ejornais.com.br\/index.php\/category\/ejornais\/"},{"label":"julgamento de Bolsonaro traz \u201calgum grau de tens\u00e3o\u201d para pa\u00eds","link":"https:\/\/ejornais.com.br\/index.php\/2025\/08\/25\/julgamento-de-bolsonaro-traz-algum-grau-de-tensao-para-pais\/"}],"amp_enabled":true,"_links":{"self":[{"href":"https:\/\/ejornais.com.br\/index.php\/wp-json\/wp\/v2\/posts\/51152","targetHints":{"allow":["GET"]}}],"collection":[{"href":"https:\/\/ejornais.com.br\/index.php\/wp-json\/wp\/v2\/posts"}],"about":[{"href":"https:\/\/ejornais.com.br\/index.php\/wp-json\/wp\/v2\/types\/post"}],"author":[{"embeddable":true,"href":"https:\/\/ejornais.com.br\/index.php\/wp-json\/wp\/v2\/users\/2"}],"replies":[{"embeddable":true,"href":"https:\/\/ejornais.com.br\/index.php\/wp-json\/wp\/v2\/comments?post=51152"}],"version-history":[{"count":0,"href":"https:\/\/ejornais.com.br\/index.php\/wp-json\/wp\/v2\/posts\/51152\/revisions"}],"wp:attachment":[{"href":"https:\/\/ejornais.com.br\/index.php\/wp-json\/wp\/v2\/media?parent=51152"}],"wp:term":[{"taxonomy":"category","embeddable":true,"href":"https:\/\/ejornais.com.br\/index.php\/wp-json\/wp\/v2\/categories?post=51152"},{"taxonomy":"post_tag","embeddable":true,"href":"https:\/\/ejornais.com.br\/index.php\/wp-json\/wp\/v2\/tags?post=51152"}],"curies":[{"name":"wp","href":"https:\/\/api.w.org\/{rel}","templated":true}]}}