{"id":51240,"date":"2025-08-27T11:22:40","date_gmt":"2025-08-27T14:22:40","guid":{"rendered":"https:\/\/ejornais.com.br\/index.php\/2025\/08\/27\/autorizacao-de-inexigibilidade-de-licitacao-no-43-2025-prefeitura-municipal-de-bonito\/"},"modified":"2025-08-27T11:22:40","modified_gmt":"2025-08-27T14:22:40","slug":"autorizacao-de-inexigibilidade-de-licitacao-no-43-2025-prefeitura-municipal-de-bonito","status":"publish","type":"post","link":"https:\/\/ejornais.com.br\/index.php\/2025\/08\/27\/autorizacao-de-inexigibilidade-de-licitacao-no-43-2025-prefeitura-municipal-de-bonito\/","title":{"rendered":"AUTORIZA\u00c7\u00c3O DE INEXIGIBILIDADE DE LICITA\u00c7\u00c3O N\u00ba 43\/2025. &#8211; Prefeitura Municipal de Bonito"},"content":{"rendered":"<p><\/p>\n<div data-td-block-uid=\"tdi_60\">\n<div class=\"tdb-block-inner td-fix-index\">\n<p>Reconhe\u00e7o a inexigibilidade de licita\u00e7\u00e3o, fundamentada no artigo 74, inciso II, da Lei n\u00ba 14133\/21, conforme solicita\u00e7\u00e3o, justificativa e parecer jur\u00eddico, constantes no processo abaixo, tendo como objeto a <strong>contrata\u00e7\u00e3o da empresa Luiz Fernando Villar para a realiza\u00e7\u00e3o de apresenta\u00e7\u00e3o art\u00edstica do grupo \u201cAlma Serrana\u201d, no dia 1\u00ba de outubro de 2025, com dura\u00e7\u00e3o de duas horas, no Munic\u00edpio de Bonito\/MS, em comemora\u00e7\u00e3o ao Anivers\u00e1rio da Cidade.<\/strong><\/p>\n<p><strong>AUTORIZO<\/strong> a despesa, em cumprimento \u00e0s determina\u00e7\u00f5es contidas na Lei retro mencionada.<\/p>\n<p><strong>INEXIGIBILIDADE DE LICITA\u00c7\u00c3O<\/strong><strong> N\u00ba 43\/2025<\/strong><\/p>\n<p><strong>PROCESSO LICITAT\u00d3RIO N\u00ba 110\/2025<\/strong><\/p>\n<p><strong>FAVORECIDO<\/strong>: LUIZ FERNANDO VILLAR<\/p>\n<p><strong>CNPJ N\u00ba <\/strong>40.058.469\/0001-04<\/p>\n<p><strong>VALOR: <\/strong>R$ 45.000,00 (quarenta e cinco mil reais).<\/p>\n<p><strong>PRAZO<\/strong>: 90 dias.<\/p>\n<p>Bonito-MS, 27 de agosto de 2025.<\/p>\n<p><strong>Josmail Rodrigues<\/strong><\/p>\n<p>Prefeito Municipal.<\/p>\n<\/div>\n<\/div>\n","protected":false},"excerpt":{"rendered":"<p>Reconhe\u00e7o a inexigibilidade de licita\u00e7\u00e3o, fundamentada no artigo 74, inciso II, da Lei n\u00ba 14133\/21, conforme solicita\u00e7\u00e3o, justificativa e parecer<\/p>\n","protected":false},"author":2,"featured_media":0,"comment_status":"","ping_status":"","sticky":false,"template":"","format":"standard","meta":{"colormag_page_container_layout":"default_layout","colormag_page_sidebar_layout":"default_layout","footnotes":""},"categories":[1],"tags":[],"class_list":["post-51240","post","type-post","status-publish","format-standard","hentry","category-ejornais"],"aioseo_notices":[],"amp_enabled":true,"_links":{"self":[{"href":"https:\/\/ejornais.com.br\/index.php\/wp-json\/wp\/v2\/posts\/51240","targetHints":{"allow":["GET"]}}],"collection":[{"href":"https:\/\/ejornais.com.br\/index.php\/wp-json\/wp\/v2\/posts"}],"about":[{"href":"https:\/\/ejornais.com.br\/index.php\/wp-json\/wp\/v2\/types\/post"}],"author":[{"embeddable":true,"href":"https:\/\/ejornais.com.br\/index.php\/wp-json\/wp\/v2\/users\/2"}],"replies":[{"embeddable":true,"href":"https:\/\/ejornais.com.br\/index.php\/wp-json\/wp\/v2\/comments?post=51240"}],"version-history":[{"count":0,"href":"https:\/\/ejornais.com.br\/index.php\/wp-json\/wp\/v2\/posts\/51240\/revisions"}],"wp:attachment":[{"href":"https:\/\/ejornais.com.br\/index.php\/wp-json\/wp\/v2\/media?parent=51240"}],"wp:term":[{"taxonomy":"category","embeddable":true,"href":"https:\/\/ejornais.com.br\/index.php\/wp-json\/wp\/v2\/categories?post=51240"},{"taxonomy":"post_tag","embeddable":true,"href":"https:\/\/ejornais.com.br\/index.php\/wp-json\/wp\/v2\/tags?post=51240"}],"curies":[{"name":"wp","href":"https:\/\/api.w.org\/{rel}","templated":true}]}}