{"id":51363,"date":"2025-08-29T05:31:38","date_gmt":"2025-08-29T08:31:38","guid":{"rendered":"https:\/\/ejornais.com.br\/index.php\/2025\/08\/29\/edital-184-2025-ifsp-lanca-edital-de-apoio-a-participacao-de-estudantes-na-omif-2025-ifsp\/"},"modified":"2025-08-29T05:31:38","modified_gmt":"2025-08-29T08:31:38","slug":"edital-184-2025-ifsp-lanca-edital-de-apoio-a-participacao-de-estudantes-na-omif-2025-ifsp","status":"publish","type":"post","link":"https:\/\/ejornais.com.br\/index.php\/2025\/08\/29\/edital-184-2025-ifsp-lanca-edital-de-apoio-a-participacao-de-estudantes-na-omif-2025-ifsp\/","title":{"rendered":"Edital 184\/2025 &#8211; IFSP lan\u00e7a edital de apoio \u00e0 participa\u00e7\u00e3o de estudantes na Omif 2025 &#8211; IFSP"},"content":{"rendered":"<p><\/p>\n<div>\n<div class=\"subtitle\">\n<p>Inscri\u00e7\u00f5es devem ser feitas pelo coordenador da\u00a0olimp\u00edada\u00a0no campus at\u00e9 8 de setembro<\/p>\n<\/div>\n<p><!-- fim .content-header-options-1 --><\/p>\n<p>O Instituto Federal de S\u00e3o Paulo (IFSP), por meio das pr\u00f3-reitorias de Ensino e de Pesquisa e P\u00f3s-Gradua\u00e7\u00e3o e da Ag\u00eancia de Inova\u00e7\u00e3o e Transfer\u00eancia de Tecnologia (Inova), lan\u00e7a o\u00a0Edital 184\/2025, para apoiar os estudantes classificados para a segunda fase das Olimp\u00edadas de Matem\u00e1tica dos Institutos Federais (Omif), marcada para os dias 20 a 23 de novembro de 2025, no Campus Irati do IFPR.<\/p>\n<p>O aux\u00edlio prev\u00ea custear total ou parcialmente as despesas com alimenta\u00e7\u00e3o e seguro viagem de estudantes. As inscri\u00e7\u00f5es devem ser feitas pelo coordenador da competi\u00e7\u00e3o no campus at\u00e9 8 de setembro, por meio de formul\u00e1rio disponibilizado na p\u00e1gina do edital.<\/p>\n<p>A Omif \u00e9 um evento voltado aos estudantes do ensino t\u00e9cnico integrado ao ensino m\u00e9dio das institui\u00e7\u00f5es da Rede Federal de Educa\u00e7\u00e3o. Al\u00e9m de promover a inclus\u00e3o e a participa\u00e7\u00e3o dos alunos em atividades que valorizam o racioc\u00ednio l\u00f3gico e a resolu\u00e7\u00e3o de problemas, e incentivar o aprendizado e a pr\u00e1tica da matem\u00e1tica de forma l\u00fadica e desafiadora, os participantes t\u00eam a oportunidade de interagir com colegas de outras institui\u00e7\u00f5es, compartilhando conhecimentos e experi\u00eancias.<\/p>\n<p>Dividida em duas fases, a Omif acontece no primeiro momento, nas institui\u00e7\u00f5es participantes, onde os estudantes resolvem provas de m\u00faltipla escolha. J\u00e1 na segunda etapa os mais bem classificados da primeira fase competem em um evento centralizado, em que s\u00e3o aplicadas provas mais complexas. Na edi\u00e7\u00e3o 2025, o IFSP teve mais de 40 estudantes, de 25 campi, classificados para a segunda fase.<\/p>\n<p>Confira o documento completo e o formul\u00e1rio de inscri\u00e7\u00e3o na p\u00e1gina do edital.<\/p>\n<p>Saiba mais sobre a Omif em omif.com.br.<\/p>\n<\/div>\n","protected":false},"excerpt":{"rendered":"<p>Inscri\u00e7\u00f5es devem ser feitas pelo coordenador da\u00a0olimp\u00edada\u00a0no campus at\u00e9 8 de setembro O Instituto Federal de S\u00e3o Paulo (IFSP), por<\/p>\n","protected":false},"author":2,"featured_media":0,"comment_status":"","ping_status":"","sticky":false,"template":"","format":"standard","meta":{"colormag_page_container_layout":"default_layout","colormag_page_sidebar_layout":"default_layout","footnotes":""},"categories":[1],"tags":[],"class_list":["post-51363","post","type-post","status-publish","format-standard","hentry","category-ejornais"],"aioseo_notices":[],"amp_enabled":true,"_links":{"self":[{"href":"https:\/\/ejornais.com.br\/index.php\/wp-json\/wp\/v2\/posts\/51363","targetHints":{"allow":["GET"]}}],"collection":[{"href":"https:\/\/ejornais.com.br\/index.php\/wp-json\/wp\/v2\/posts"}],"about":[{"href":"https:\/\/ejornais.com.br\/index.php\/wp-json\/wp\/v2\/types\/post"}],"author":[{"embeddable":true,"href":"https:\/\/ejornais.com.br\/index.php\/wp-json\/wp\/v2\/users\/2"}],"replies":[{"embeddable":true,"href":"https:\/\/ejornais.com.br\/index.php\/wp-json\/wp\/v2\/comments?post=51363"}],"version-history":[{"count":0,"href":"https:\/\/ejornais.com.br\/index.php\/wp-json\/wp\/v2\/posts\/51363\/revisions"}],"wp:attachment":[{"href":"https:\/\/ejornais.com.br\/index.php\/wp-json\/wp\/v2\/media?parent=51363"}],"wp:term":[{"taxonomy":"category","embeddable":true,"href":"https:\/\/ejornais.com.br\/index.php\/wp-json\/wp\/v2\/categories?post=51363"},{"taxonomy":"post_tag","embeddable":true,"href":"https:\/\/ejornais.com.br\/index.php\/wp-json\/wp\/v2\/tags?post=51363"}],"curies":[{"name":"wp","href":"https:\/\/api.w.org\/{rel}","templated":true}]}}