{"id":51381,"date":"2025-08-29T10:25:41","date_gmt":"2025-08-29T13:25:41","guid":{"rendered":"https:\/\/ejornais.com.br\/index.php\/2025\/08\/29\/sedurb-finaliza-a-semana-realizando-servico-de-podas-pontuais-de-arvores-em-joao-pessoa\/"},"modified":"2025-08-29T10:25:41","modified_gmt":"2025-08-29T13:25:41","slug":"sedurb-finaliza-a-semana-realizando-servico-de-podas-pontuais-de-arvores-em-joao-pessoa","status":"publish","type":"post","link":"https:\/\/ejornais.com.br\/index.php\/2025\/08\/29\/sedurb-finaliza-a-semana-realizando-servico-de-podas-pontuais-de-arvores-em-joao-pessoa\/","title":{"rendered":"Sedurb finaliza a semana realizando servi\u00e7o de podas pontuais de \u00e1rvores em Jo\u00e3o Pessoa"},"content":{"rendered":"<p><\/p>\n<div>\n<p>A Secretaria de Desenvolvimento Urbano de Jo\u00e3o Pessoa (Sedurb) finaliza a semana realizando servi\u00e7os de podas de \u00e1rvores em dois bairros da cidade, nesta sexta-feira (29). Os locais s\u00e3o os seguintes: Av. Santa Catarina, no Bairro dos Estados; e na Barreira do Cabo Branco, com apoio da Superintend\u00eancia Executiva de Mobilidade Urbana (Semob-JP).<\/p>\n<figure class=\"wp-block-image size-large\"><\/figure>\n<p>As equipes da Diretoria de Paisagismo (DPAI) da Sedurb realizam diariamente podas de \u00e1rvores, servi\u00e7os que incluem podas de levantamento e rebaixamento, supress\u00e3o, tombamento, limpeza de coqueiros e palmeiras, al\u00e9m do recolhimento de troncos de \u00e1rvores, que muitas vezes s\u00e3o cortados pelos pr\u00f3prios moradores. As a\u00e7\u00f5es contribuem para preservar as vias e os espa\u00e7os p\u00fablicos, oferecendo melhor qualidade de vida \u00e0 popula\u00e7\u00e3o.<\/p>\n<p><strong>Trabalho conjunto \u2013<\/strong> Al\u00e9m da Sedurb, as podas pontuais de \u00e1rvores envolvem equipes da Secretaria de Meio Ambiente (Semam), da Autarquia Especial Municipal de Limpeza Urbana (Emlur), e, eventualmente, da Energisa Para\u00edba, quando galhos de \u00e1rvores est\u00e3o em contato com a rede el\u00e9trica, causando perigo para os moradores e equipes envolvidas.<\/p>\n<p>Ap\u00f3s a elabora\u00e7\u00e3o de um laudo pela Semam, a demanda \u00e9 enviada para a Diretoria de Paisagismo da Sedurb, que executa a poda, o corte ou a retirada da \u00e1rvore, desde que esteja em local p\u00fablico, como cal\u00e7adas, canteiros, pra\u00e7as ou outros tipos de equipamentos comunit\u00e1rios. Em seguida, uma equipe da Autarquia Especial Municipal de Limpeza Urbana (Emlur) realiza a coleta e transporte dos res\u00edduos para o Aterro Sanit\u00e1rio Metropolitano.<\/p>\n<p><strong>Como solicitar \u2013<\/strong> A popula\u00e7\u00e3o pode solicitar podas de \u00e1rvores e outros servi\u00e7os da Sedurb acessando a plataforma 1Doc: https:\/\/x.gd\/cgQeH; pelo aplicativo \u2018Jo\u00e3o Pessoa na Palma da M\u00e3o\u2019; ou ainda de forma presencial, na sede da Sedurb, localizada no Centro Administrativo Municipal, em \u00c1gua Fria, das 8h \u00e0s 14h, de segunda a sexta-feira.<\/p>\n<\/p><\/div>\n","protected":false},"excerpt":{"rendered":"<p>A Secretaria de Desenvolvimento Urbano de Jo\u00e3o Pessoa (Sedurb) finaliza a semana realizando servi\u00e7os de podas de \u00e1rvores em dois<\/p>\n","protected":false},"author":2,"featured_media":0,"comment_status":"","ping_status":"","sticky":false,"template":"","format":"standard","meta":{"colormag_page_container_layout":"default_layout","colormag_page_sidebar_layout":"default_layout","footnotes":""},"categories":[1],"tags":[],"class_list":["post-51381","post","type-post","status-publish","format-standard","hentry","category-ejornais"],"aioseo_notices":[],"amp_enabled":true,"_links":{"self":[{"href":"https:\/\/ejornais.com.br\/index.php\/wp-json\/wp\/v2\/posts\/51381","targetHints":{"allow":["GET"]}}],"collection":[{"href":"https:\/\/ejornais.com.br\/index.php\/wp-json\/wp\/v2\/posts"}],"about":[{"href":"https:\/\/ejornais.com.br\/index.php\/wp-json\/wp\/v2\/types\/post"}],"author":[{"embeddable":true,"href":"https:\/\/ejornais.com.br\/index.php\/wp-json\/wp\/v2\/users\/2"}],"replies":[{"embeddable":true,"href":"https:\/\/ejornais.com.br\/index.php\/wp-json\/wp\/v2\/comments?post=51381"}],"version-history":[{"count":0,"href":"https:\/\/ejornais.com.br\/index.php\/wp-json\/wp\/v2\/posts\/51381\/revisions"}],"wp:attachment":[{"href":"https:\/\/ejornais.com.br\/index.php\/wp-json\/wp\/v2\/media?parent=51381"}],"wp:term":[{"taxonomy":"category","embeddable":true,"href":"https:\/\/ejornais.com.br\/index.php\/wp-json\/wp\/v2\/categories?post=51381"},{"taxonomy":"post_tag","embeddable":true,"href":"https:\/\/ejornais.com.br\/index.php\/wp-json\/wp\/v2\/tags?post=51381"}],"curies":[{"name":"wp","href":"https:\/\/api.w.org\/{rel}","templated":true}]}}