{"id":51384,"date":"2025-08-29T11:11:39","date_gmt":"2025-08-29T14:11:39","guid":{"rendered":"https:\/\/ejornais.com.br\/index.php\/2025\/08\/29\/nascidos-em-setembro-e-outubro-recebem-6a-parcela\/"},"modified":"2025-08-29T11:11:39","modified_gmt":"2025-08-29T14:11:39","slug":"nascidos-em-setembro-e-outubro-recebem-6a-parcela","status":"publish","type":"post","link":"https:\/\/ejornais.com.br\/index.php\/2025\/08\/29\/nascidos-em-setembro-e-outubro-recebem-6a-parcela\/","title":{"rendered":"nascidos em setembro e outubro recebem 6\u00aa parcela"},"content":{"rendered":"<p> Por MRNews<br \/>\n<\/p>\n<div wp_automatic_readability=\"77.909849749583\">\n<p>O Minist\u00e9rio da Educa\u00e7\u00e3o (MEC) paga nesta sexta-feira (29) a\u202fsexta parcela\u202fdo programa P\u00e9-de-Meia de 2025 aos participantes nascidos nos meses de setembro e outubro.<\/p>\n<p><strong>Os beneficiados pelo programa s\u00e3o estudantes do ensino m\u00e9dio matriculados na rede p\u00fablica regular e na modalidade educa\u00e7\u00e3o de jovens e adultos (EJA), inscritos no Cadastro Nacional de Programas Sociais do governo federal (Cad\u00danico).<\/strong><\/p>\n<p>Nessa nova etapa, a Caixa Econ\u00f4mica Federal, respons\u00e1vel pela gest\u00e3o dos recursos repassados pelo MEC, estima que cerca de 3,4 milh\u00f5es de estudantes de escolas p\u00fablicas receber\u00e3o o benef\u00edcio de R$ 200 at\u00e9 a pr\u00f3xima segunda-feira (1\u00ba).<\/p>\n<p><strong><a href=\"https:\/\/mrnews.com.br\/index.php\/2025\/08\/29\/presidencia-da-cop30-convida-setor-privado-a-integrar-agenda-de-acao\/\">Presid\u00eancia da COP30 convida setor privado a integrar agenda de a\u00e7\u00e3o<\/a><\/strong><\/p>\n<p><strong><a href=\"https:\/\/mrnews.com.br\/index.php\/2025\/08\/29\/tv-brasil-exibe-sabado-episodios-finais-da-serie-turca-um-milagre\/\">TV Brasil exibe s\u00e1bado epis\u00f3dios finais da s\u00e9rie turca Um Milagre<\/a><\/strong><\/p>\n<p><strong>De acordo com o Minist\u00e9rio da Educa\u00e7\u00e3o, para ter direito ao benef\u00edcio, os estudantes devem ter presen\u00e7a m\u00ednima de 80% nas aulas.<\/strong><\/p>\n<p>Os pagamentos do incentivo-frequ\u00eancia do P\u00e9-de-Meia ocorrem at\u00e9 a pr\u00f3xima segunda-feira (1\u00ba), conforme o m\u00eas de nascimento dos alunos que est\u00e3o matriculados em uma das tr\u00eas s\u00e9ries do ensino m\u00e9dio na rede p\u00fablica de ensino.<\/p>\n<p><strong>Confira o calend\u00e1rio:<\/strong><\/p>\n<ul>\n<li style=\"margin-left: 36pt;\">Nascidos em janeiro e fevereiro recebem em 25 de agosto;<\/li>\n<li style=\"margin-left: 36pt;\">Nascidos em mar\u00e7o e abril, em 26 de agosto;<\/li>\n<li style=\"margin-left: 36pt;\">Nascidos em maio e junho, em 27 de agosto;<\/li>\n<li style=\"margin-left: 36pt;\">Nascidos em julho e agosto, em 28 de agosto;<\/li>\n<li style=\"margin-left: 36pt;\">Nascidos em setembro e outubro recebem 29 de agosto;<\/li>\n<li style=\"margin-left: 36pt;\">Nascidos em novembro e dezembro, em 1\u00ba de setembro.<\/li>\n<\/ul>\n<h2>EJA<\/h2>\n<p>A parcela \u00fanica dos concluintes aprovados no primeiro semestre da modalidade Educa\u00e7\u00e3o de Jovens e Adultos (EJA) do ensino m\u00e9dio, este ano, tamb\u00e9m ser\u00e1 paga at\u00e9 1\u00b0 de setembro, no valor de R$ 1 mil.<\/p>\n<p><strong><a href=\"https:\/\/mrnews.com.br\/index.php\/2025\/08\/29\/receita-paga-nesta-sexta-feira-quarto-lote-de-restituicao-do-ir\/\">Receita paga nesta sexta-feira quarto lote de restitui\u00e7\u00e3o do IR<\/a><\/strong><\/p>\n<p><strong><a href=\"https:\/\/mrnews.com.br\/index.php\/2025\/08\/29\/caixa-conclui-pagamento-da-parcela-do-bolsa-familia-de-agosto\/\">Caixa conclui pagamento da parcela do Bolsa Fam\u00edlia de agosto<\/a><\/strong><\/p>\n<h2>Dep\u00f3sitos<\/h2>\n<p>A sexta parcela da chamada <em>Poupan\u00e7a do ensino m\u00e9dio<\/em>\u00a0de 2025 est\u00e1 sendo depositada em uma conta poupan\u00e7a da Caixa Econ\u00f4mica, aberta automaticamente em nome dos estudantes. <strong>O valor pode ser movimentado ou sacado imediatamente, se o participante desejar.<\/strong> Basta acessar o aplicativo Caixa Tem, se\u202fo aluno tiver\u202f18 anos de idade ou mais. As informa\u00e7\u00f5es relativas aos pagamentos tamb\u00e9m podem ser consultadas no mesmo aplicativo.<\/p>\n<p><strong>No caso de menor de idade,\u202fser\u00e1\u202fnecess\u00e1rio que o respons\u00e1vel legal autorize\u202fa\u202fmovimenta\u00e7\u00e3o\u202fda\u202fconta.<\/strong> O consentimento poder\u00e1 ser\u202ffeito no pr\u00f3prio aplicativo ou em uma ag\u00eancia da Caixa.<\/p>\n<p>O participante poder\u00e1 consultar no aplicativo\u00a0Jornada do Estudante, o status de pagamentos, se rejeitado ou aprovado; as informa\u00e7\u00f5es escolares e as regras do programa.<\/p>\n<h2>Incentivos<\/h2>\n<p>A poupan\u00e7a do ensino m\u00e9dio tem quatro tipos de incentivo financeiro-educacional:<\/p>\n<ul>\n<li style=\"margin-left: 36pt;\">Incentivo-matr\u00edcula: por matr\u00edcula registrada no in\u00edcio do ano letivo, valor pago uma vez por ano, no valor de R$ 200;<\/li>\n<li style=\"margin-left: 36pt;\">Incentivo-frequ\u00eancia: por frequ\u00eancia m\u00ednima escolar de 80% do total de horas letivas. Para o ensino regular, s\u00e3o nove parcelas durante o ano de R$ 200;<\/li>\n<li style=\"margin-left: 36pt;\">Incentivo-conclus\u00e3o: por conclus\u00e3o e com aprova\u00e7\u00e3o em cada um dos tr\u00eas anos letivos do ensino m\u00e9dio e participa\u00e7\u00e3o em avalia\u00e7\u00f5es educacionais, no valor total de R$ 3 mil. O saque depende da obten\u00e7\u00e3o de certificado de conclus\u00e3o do ensino m\u00e9dio;<\/li>\n<li style=\"margin-left: 36pt;\">Incentivo-Enem: paga ap\u00f3s a participa\u00e7\u00e3o nos dois dias do Exame Nacional do Ensino M\u00e9dio (Enem), no ano que o estudante conclui o 3\u00ba ano do ensino m\u00e9dio. Os R$ 200 s\u00e3o pagos em parcela \u00fanica.<\/li>\n<\/ul>\n<p>Dessa forma,\u00a0a soma do\u202fincentivo financeiro-educacional pode alcan\u00e7ar R$ 9,2 mil por aluno,\u202fno fim do ensino m\u00e9dio.<\/p>\n<h2>P\u00e9-de-Meia<\/h2>\n<p>Lan\u00e7ado em janeiro de 2024, o programa do governo federal \u00e9 voltado a estudantes de baixa renda do ensino m\u00e9dio da rede p\u00fablica. A iniciativa funciona como uma poupan\u00e7a para promover a perman\u00eancia e a conclus\u00e3o escolar nessa etapa de ensino.<\/p>\n<p>Saiba\u00a0aqui link\u00a0quais s\u00e3o os requisitos para ser inserido no programa.<\/p>\n<p><strong>O MEC esclarece que n\u00e3o h\u00e1 necessidade de inscri\u00e7\u00e3o no programa.<\/strong>\u00a0Todo aluno que se encaixa nos crit\u00e9rios do P\u00e9-de-Meia\u00a0\u00e9 inclu\u00eddo automaticamente.<\/p>\n<p>Confira as dicas de como usar as parcelas do benef\u00edcio.<\/p>\n<\/div>\n","protected":false},"excerpt":{"rendered":"<p>Por MRNews O Minist\u00e9rio da Educa\u00e7\u00e3o (MEC) paga nesta sexta-feira (29) a\u202fsexta parcela\u202fdo programa P\u00e9-de-Meia de 2025 aos participantes nascidos<\/p>\n","protected":false},"author":2,"featured_media":0,"comment_status":"","ping_status":"","sticky":false,"template":"","format":"standard","meta":{"colormag_page_container_layout":"default_layout","colormag_page_sidebar_layout":"default_layout","footnotes":""},"categories":[1],"tags":[],"class_list":["post-51384","post","type-post","status-publish","format-standard","hentry","category-ejornais"],"aioseo_notices":[],"amp_enabled":true,"_links":{"self":[{"href":"https:\/\/ejornais.com.br\/index.php\/wp-json\/wp\/v2\/posts\/51384","targetHints":{"allow":["GET"]}}],"collection":[{"href":"https:\/\/ejornais.com.br\/index.php\/wp-json\/wp\/v2\/posts"}],"about":[{"href":"https:\/\/ejornais.com.br\/index.php\/wp-json\/wp\/v2\/types\/post"}],"author":[{"embeddable":true,"href":"https:\/\/ejornais.com.br\/index.php\/wp-json\/wp\/v2\/users\/2"}],"replies":[{"embeddable":true,"href":"https:\/\/ejornais.com.br\/index.php\/wp-json\/wp\/v2\/comments?post=51384"}],"version-history":[{"count":0,"href":"https:\/\/ejornais.com.br\/index.php\/wp-json\/wp\/v2\/posts\/51384\/revisions"}],"wp:attachment":[{"href":"https:\/\/ejornais.com.br\/index.php\/wp-json\/wp\/v2\/media?parent=51384"}],"wp:term":[{"taxonomy":"category","embeddable":true,"href":"https:\/\/ejornais.com.br\/index.php\/wp-json\/wp\/v2\/categories?post=51384"},{"taxonomy":"post_tag","embeddable":true,"href":"https:\/\/ejornais.com.br\/index.php\/wp-json\/wp\/v2\/tags?post=51384"}],"curies":[{"name":"wp","href":"https:\/\/api.w.org\/{rel}","templated":true}]}}