{"id":51406,"date":"2025-08-29T17:56:41","date_gmt":"2025-08-29T20:56:41","guid":{"rendered":"https:\/\/ejornais.com.br\/index.php\/2025\/08\/29\/ricos-concentram-27-da-renda-e-pagam-menos-imposto-no-pais\/"},"modified":"2025-08-29T17:56:41","modified_gmt":"2025-08-29T20:56:41","slug":"ricos-concentram-27-da-renda-e-pagam-menos-imposto-no-pais","status":"publish","type":"post","link":"https:\/\/ejornais.com.br\/index.php\/2025\/08\/29\/ricos-concentram-27-da-renda-e-pagam-menos-imposto-no-pais\/","title":{"rendered":"Ricos concentram 27% da renda e pagam menos imposto no pa\u00eds"},"content":{"rendered":"<p> Por MRNews<br \/>\n<\/p>\n<div wp_automatic_readability=\"100.34373673036\">\n<p><strong>A parcela mais rica dos brasileiros det\u00e9m grande parte da renda nacional, mas paga menos impostos que o restante da popula\u00e7\u00e3o do pa\u00eds.<\/strong> \u00c9 o que revelou o estudo Retrato da Desigualdade e dos Tributos Pagos no Brasil, que foi divulgado nesta sexta-feira (29) pelo ministro da Fazenda, Fernando Haddad, e pelo economista franc\u00eas Gabriel Zucman, diretor do EU Tax Observatory e professor da Ecole Normale Sup\u00e9rieure em Paris.<\/p>\n<p><strong>Segundo o estudo, no Brasil 1% das pessoas mais ricas do pa\u00eds e que t\u00eam renda anual superior a R$ 5,5 milh\u00f5es concentra 27,4% da renda nacional total. Os milion\u00e1rios pagam 20,6% de al\u00edquotas de tributos, enquanto para o brasileiro de classe m\u00e9dia, a al\u00edquota cobrada gira em torno de 42,5%. Os dados s\u00e3o de 2019.<\/strong><\/p>\n<blockquote wp_automatic_readability=\"16.583333333333\">\n<p>\u201cA maioria dos grupos de renda paga uma al\u00edquota efetiva m\u00e9dia entre 45% e 50%, refletindo o alto peso dos tributos sobre o consumo. No entanto, os milion\u00e1rios em d\u00f3lar \u2013 isto \u00e9, adultos que ganham pelo menos US$ 1 milh\u00e3o por ano [ou cerca de R$ 5,5 milh\u00f5es], em linhas gerais o 0,01% do topo da distribui\u00e7\u00e3o \u2013 pagam apenas 20,6% de sua renda em tributos\u201d, diz o texto da pesquisa.<\/p>\n<p><strong><a href=\"https:\/\/mrnews.com.br\/index.php\/2025\/08\/29\/com-precatorios-setor-publico-teve-deficit-de-r-666-bi-em-julho\/\">Com precat\u00f3rios, setor p\u00fablico teve d\u00e9ficit de R$ 66,6 bi em julho<\/a><\/strong><\/p>\n<p><strong><a href=\"https:\/\/mrnews.com.br\/index.php\/2025\/08\/29\/reflexo-branco-nos-olhos-entenda-condicao-que-assusta-pais\/\">Reflexo branco nos olhos: entenda condi\u00e7\u00e3o que assusta pais<\/a><\/strong><\/p>\n<\/blockquote>\n<p>\u201cTemos insistido em dizer que o Brasil n\u00e3o pode figurar entre as 10 maiores economias do mundo e ao mesmo tempo estar entre as piores economias do ponto de vista de distribui\u00e7\u00e3o de renda, que \u00e9 exatamente a situa\u00e7\u00e3o em que nos encontramos\u201d, disse o ministro Haddad.<\/p>\n<p><strong>Segundo Zucman, o estudo demonstra que a desigualdade de renda no Brasil \u00e9 maior do que se imaginava.\u00a0<\/strong><\/p>\n<blockquote wp_automatic_readability=\"13\">\n<p>\u201cO que descobrimos \u00e9 que se levarmos em conta um conceito mais amplo de renda, levando em conta tamb\u00e9m os ganhos empresariais, o 1% mais rico do Brasil det\u00e9m 27% do total da renda nacional. Isso, sem d\u00favida, coloca o Brasil no topo do ranking dos pa\u00edses mais desiguais em termos de renda\u201d, destacou.<\/p>\n<\/blockquote>\n<h2>Sistema tribut\u00e1rio regressivo<\/h2>\n<p><strong>De acordo com a pesquisa, o Brasil tem um sistema tribut\u00e1rio regressivo, em que pessoas da classe m\u00e9dia pagam mais tributos que a parcela mais rica da popula\u00e7\u00e3o.<\/strong> Isso seria explicado por dois fatores:\u00a0<\/p>\n<p><strong><a href=\"https:\/\/mrnews.com.br\/index.php\/2025\/08\/29\/lula-anuncia-r-97-bilhoes-para-o-transporte-publico\/\">Lula anuncia R$ 9,7 bilh\u00f5es para o transporte p\u00fablico<\/a><\/strong><\/p>\n<p><strong><a href=\"https:\/\/mrnews.com.br\/index.php\/2025\/08\/29\/oito-pessoas-estao-foragidas-apos-megaoperacao-da-policia-federal\/\">Oito pessoas est\u00e3o foragidas ap\u00f3s megaopera\u00e7\u00e3o da Pol\u00edcia Federal<\/a><\/strong><\/p>\n<ul>\n<li>O sistema depende fortemente de tributos indiretos, atingindo principalmente as pessoas de menor renda,\u00a0<\/li>\n<li>O imposto de renda de pessoas f\u00edsicas n\u00e3o tributa dividendos.<\/li>\n<\/ul>\n<blockquote wp_automatic_readability=\"12\">\n<p>\u201cNa compara\u00e7\u00e3o internacional, esses milion\u00e1rios em d\u00f3lar pagam em m\u00e9dia, em outros pa\u00edses, entre 22% e 42% de sua renda, o que coloca o Brasil muito abaixo da tributa\u00e7\u00e3o cobrada em outros pa\u00edses\u201d, acrescentou.<\/p>\n<\/blockquote>\n<h2>Isen\u00e7\u00e3o do IR<\/h2>\n<p>Para Haddad, o estudo \u201cn\u00e3o poderia ser mais oportuno\u201d, tendo sido divulgado em um momento em que o Congresso Nacional discute a proposta do governo federal de isentar do Imposto de Renda para as pessoas que ganham at\u00e9 R$ 5 mil e aumentando as al\u00edquotas sobre a popula\u00e7\u00e3o mais rica.\u00a0<\/p>\n<blockquote wp_automatic_readability=\"15\">\n<p>\u201cTenho muita convic\u00e7\u00e3o de que, com exce\u00e7\u00e3o de um grupo mais extremado de deputados e senadores, o bom senso h\u00e1 de prevalecer para que o Brasil inicie uma trajet\u00f3ria. Estamos falando de um passo modesto. Mas esse primeiro passo, mesmo que modesto, vai abrir uma seara, um caminho, para o Brasil buscar seu desenvolvimento sustent\u00e1vel. \u00c9 imposs\u00edvel um pa\u00eds crescer com desenvolvimento sustent\u00e1vel com essa distribui\u00e7\u00e3o de renda que n\u00f3s temos\u201d, acrescentou o ministro.<\/p>\n<\/blockquote>\n<h2>Megaopera\u00e7\u00e3o<\/h2>\n<p>Durante a entrevista coletiva, o ministro lembrou a megaopera\u00e7\u00e3o realizada ontem (28) e que identificou fraudes fiscais e econ\u00f4micas de uma rede ligada \u00e0 organiza\u00e7\u00e3o criminosa Primeiro Comando da Capital (PCC).\u00a0<\/p>\n<p>Para ele, a a\u00e7\u00e3o de fiscaliza\u00e7\u00e3o da Receita Federal foi uma \u201cprova de patriotismo e apre\u00e7o ao pa\u00eds\u201d, combatendo o crime organizado. Ele ressaltou a necessidade de uma legisla\u00e7\u00e3o equilibrada para ter mais justi\u00e7a social no Brasil.<\/p>\n<h2>Estudo\u00a0<\/h2>\n<p>Elaborado por um grupo de economistas brasileiros e internacionais, resultado de uma colabora\u00e7\u00e3o entre um cons\u00f3rcio internacional de economistas coordenado pelo EU Tax Observatory e a Receita Federal do Brasil (RFB), o estudo foi divulgado por meio de uma coletiva online na p\u00e1gina do Minist\u00e9rio da Fazenda\u00a0no Youtube.\u00a0<\/p>\n<p>Para o levantamento foram utilizados dados administrativos, incluindo declara\u00e7\u00f5es de imposto de pessoas f\u00edsicas e de empresas.<\/p>\n<p>Al\u00e9m de Haddad e Zucman, tamb\u00e9m participaram da coletiva a auditora-fiscal da Receita Federal\u00a0Luciana Barcarolo\u00a0e o pesquisador Theo Ribas Palomo, afiliado ao EU Tax Observatory e ao PSE Stone Center.<\/p>\n<\/div>\n","protected":false},"excerpt":{"rendered":"<p>Por MRNews A parcela mais rica dos brasileiros det\u00e9m grande parte da renda nacional, mas paga menos impostos que o<\/p>\n","protected":false},"author":2,"featured_media":0,"comment_status":"","ping_status":"","sticky":false,"template":"","format":"standard","meta":{"colormag_page_container_layout":"default_layout","colormag_page_sidebar_layout":"default_layout","footnotes":""},"categories":[1],"tags":[],"class_list":["post-51406","post","type-post","status-publish","format-standard","hentry","category-ejornais"],"aioseo_notices":[],"amp_enabled":true,"_links":{"self":[{"href":"https:\/\/ejornais.com.br\/index.php\/wp-json\/wp\/v2\/posts\/51406","targetHints":{"allow":["GET"]}}],"collection":[{"href":"https:\/\/ejornais.com.br\/index.php\/wp-json\/wp\/v2\/posts"}],"about":[{"href":"https:\/\/ejornais.com.br\/index.php\/wp-json\/wp\/v2\/types\/post"}],"author":[{"embeddable":true,"href":"https:\/\/ejornais.com.br\/index.php\/wp-json\/wp\/v2\/users\/2"}],"replies":[{"embeddable":true,"href":"https:\/\/ejornais.com.br\/index.php\/wp-json\/wp\/v2\/comments?post=51406"}],"version-history":[{"count":0,"href":"https:\/\/ejornais.com.br\/index.php\/wp-json\/wp\/v2\/posts\/51406\/revisions"}],"wp:attachment":[{"href":"https:\/\/ejornais.com.br\/index.php\/wp-json\/wp\/v2\/media?parent=51406"}],"wp:term":[{"taxonomy":"category","embeddable":true,"href":"https:\/\/ejornais.com.br\/index.php\/wp-json\/wp\/v2\/categories?post=51406"},{"taxonomy":"post_tag","embeddable":true,"href":"https:\/\/ejornais.com.br\/index.php\/wp-json\/wp\/v2\/tags?post=51406"}],"curies":[{"name":"wp","href":"https:\/\/api.w.org\/{rel}","templated":true}]}}