{"id":51431,"date":"2025-08-30T02:02:39","date_gmt":"2025-08-30T05:02:39","guid":{"rendered":"https:\/\/ejornais.com.br\/index.php\/2025\/08\/30\/conheca-origens-da-guitarrada-genero-agora-e-manifestacao-cultural\/"},"modified":"2025-08-30T02:02:39","modified_gmt":"2025-08-30T05:02:39","slug":"conheca-origens-da-guitarrada-genero-agora-e-manifestacao-cultural","status":"publish","type":"post","link":"https:\/\/ejornais.com.br\/index.php\/2025\/08\/30\/conheca-origens-da-guitarrada-genero-agora-e-manifestacao-cultural\/","title":{"rendered":"Conhe\u00e7a origens da guitarrada; g\u00eanero agora \u00e9 manifesta\u00e7\u00e3o cultural"},"content":{"rendered":"<p> Por MRNews<br \/>\n<\/p>\n<div wp_automatic_readability=\"55.06824012314\">\n<p>A guitarrada foi reconhecida nesta sexta-feira (29),\u00a0oficialmente, como uma manifesta\u00e7\u00e3o da cultura nacional.\u00a0O presidente Luiz In\u00e1cio Lula da Silva sancionou a\u00a0lei\u00a0N\u00ba 15.192\u00a0que valoriza a guitarrada\u00a0como express\u00e3o cultural brasileira.<\/p>\n<p><strong>Esse g\u00eanero musical\u00a0instrumental surgiu no Par\u00e1, na d\u00e9cada de 1970,\u00a0e \u00e9 fruto da fus\u00e3o de ritmos regionais como o carimb\u00f3 e o siri\u00e1, com g\u00eaneros de origem caribenha como a c\u00fambia, o mambo, o merengue e o zouk.\u00a0<\/strong><\/p>\n<p>Al\u00e9m disso,\u00a0tamb\u00e9m \u00e9 considerado inspira\u00e7\u00e3o para outros ritmos musicais populares aqui no Brasil, como o brega pop e a lambada.\u00a0<\/p>\n<p><strong><a href=\"https:\/\/mrnews.com.br\/index.php\/2025\/08\/30\/biocombustivel-de-macauba-mudara-vida-de-agricultores-em-mg-diz-lula\/\">Biocombust\u00edvel de maca\u00faba mudar\u00e1 vida de agricultores em MG, diz Lula<\/a><\/strong><\/p>\n<p><strong><a href=\"https:\/\/mrnews.com.br\/index.php\/2025\/08\/30\/orcamento-de-2026-tem-meta-de-superavit-de-r-343-bilhoes\/\">Or\u00e7amento de 2026 tem meta de super\u00e1vit de R$ 34,3 bilh\u00f5es<\/a><\/strong><\/p>\n<p>&gt;&gt;\u00a0\u201cGuitarradas da Amaz\u00f4nia\u201d: Mestre Curica fala sobre sua trajet\u00f3ria na m\u00fasica<\/p>\n<p><strong>O marco inicial da guitarrada no Brasil \u00e9 LP \u201cLambadas das Quebradas\u201d, do paraense Mestre Vieira.<\/strong> E como o pr\u00f3prio nome j\u00e1 diz, \u00e9 a guitarra que dita a melodia central da manifesta\u00e7\u00e3o cultural, tamb\u00e9m conhecida como Lambada Instrumental; as apresenta\u00e7\u00f5es s\u00e3o comandadas predominantemente por um solista.<\/p>\n<p><strong>Mestre Vieira teve seu trabalho influenciado pelo choro ainda crian\u00e7a. <\/strong>Os\u00a0primeiros contatos com a guitarra el\u00e9trica aconteceram nos anos 70, ap\u00f3s ter passado por uma s\u00e9rie de instrumentos de corda como bandolim, banjo, cavaquinho, viol\u00e3o e al\u00e9m dos instrumentos de sopro.<\/p>\n<p>Ele gravou 18 discos ao longo da carreira e \u00e9 considerado por muitos m\u00fasicos e pesquisadores um dos pilares da m\u00fasica paraense.<\/p>\n<p><strong><a href=\"https:\/\/mrnews.com.br\/index.php\/2025\/08\/29\/volkswagen-e-condenada-por-exploracao-de-trabalho-escravo\/\">Volkswagen \u00e9 condenada por explora\u00e7\u00e3o de trabalho escravo<\/a><\/strong><\/p>\n<p><strong><a href=\"https:\/\/mrnews.com.br\/index.php\/2025\/08\/29\/stf-mantem-prisao-do-ex-jogador-robinho\/\">STF mant\u00e9m pris\u00e3o do ex-jogador Robinho<\/a><\/strong><\/p>\n<p>Em 2023, a Assembleia Legislativa do Par\u00e1 j\u00e1 havia aprovado o projeto de lei que define o dia 29 de outubro como \u2018Dia Estadual da Guitarrada\u201d, a data celebra o anivers\u00e1rio de Mestre Vieira, falecido em fevereiro de 2018, aos 83 anos.<\/p>\n<p>\u00a0<\/p>\n<blockquote class=\"instagram-media\" data-instgrm-permalink=\"https:\/\/www.instagram.com\/reel\/DN8gcC9Dv_x\/?utm_source=ig_embed&amp;utm_campaign=loading\" data-instgrm-version=\"14\" style=\" background:#FFF; border:0; border-radius:3px; box-shadow:0 0 1px 0 rgba(0,0,0,0.5),0 1px 10px 0 rgba(0,0,0,0.15); margin: 1px; max-width:540px; min-width:326px; padding:0; width:99.375%; width:-webkit-calc(100% - 2px); width:calc(100% - 2px);\"><\/blockquote>\n<p>\u00a0<\/p>\n<\/div>\n<p><script async src=\"\/\/www.instagram.com\/embed.js\"><\/script><\/p>\n","protected":false},"excerpt":{"rendered":"<p>Por MRNews A guitarrada foi reconhecida nesta sexta-feira (29),\u00a0oficialmente, como uma manifesta\u00e7\u00e3o da cultura nacional.\u00a0O presidente Luiz In\u00e1cio Lula da<\/p>\n","protected":false},"author":2,"featured_media":0,"comment_status":"","ping_status":"","sticky":false,"template":"","format":"standard","meta":{"colormag_page_container_layout":"default_layout","colormag_page_sidebar_layout":"default_layout","footnotes":""},"categories":[1],"tags":[],"class_list":["post-51431","post","type-post","status-publish","format-standard","hentry","category-ejornais"],"aioseo_notices":[],"aioseo_head":"\n\t\t<!-- All in One SEO 5.0.1.1 - aioseo.com -->\n\t<meta name=\"description\" content=\"Por MRNews A guitarrada foi reconhecida nesta sexta-feira (29), oficialmente, como uma manifesta\u00e7\u00e3o da cultura nacional. O presidente Luiz In\u00e1cio Lula da Silva sancionou a lei N\u00ba 15.192 que valoriza a guitarrada como express\u00e3o cultural brasileira. Esse g\u00eanero musical instrumental surgiu no Par\u00e1, na d\u00e9cada de 1970, e \u00e9 fruto da fus\u00e3o de ritmos regionais como o carimb\u00f3 e o siri\u00e1, com g\u00eaneros\" \/>\n\t<meta name=\"robots\" content=\"max-image-preview:large\" \/>\n\t<meta name=\"author\" content=\"admin1\"\/>\n\t<link rel=\"canonical\" href=\"https:\/\/ejornais.com.br\/index.php\/2025\/08\/30\/conheca-origens-da-guitarrada-genero-agora-e-manifestacao-cultural\/\" \/>\n\t<meta name=\"generator\" content=\"All in One SEO (AIOSEO) 5.0.1.1\" \/>\n\t\t<meta property=\"og:locale\" content=\"pt_BR\" \/>\n\t\t<meta property=\"og:site_name\" content=\"eJornais - Cat\u00e1logo de Jornais no mundo, Not\u00edcias, Blog e Esportes ao vivo\" \/>\n\t\t<meta property=\"og:type\" content=\"article\" \/>\n\t\t<meta property=\"og:title\" content=\"Conhe\u00e7a origens da guitarrada; g\u00eanero agora \u00e9 manifesta\u00e7\u00e3o cultural - eJornais\" \/>\n\t\t<meta property=\"og:description\" content=\"Por MRNews A guitarrada foi reconhecida nesta sexta-feira (29), oficialmente, como uma manifesta\u00e7\u00e3o da cultura nacional. O presidente Luiz In\u00e1cio Lula da Silva sancionou a lei N\u00ba 15.192 que valoriza a guitarrada como express\u00e3o cultural brasileira. Esse g\u00eanero musical instrumental surgiu no Par\u00e1, na d\u00e9cada de 1970, e \u00e9 fruto da fus\u00e3o de ritmos regionais como o carimb\u00f3 e o siri\u00e1, com g\u00eaneros\" \/>\n\t\t<meta property=\"og:url\" content=\"https:\/\/ejornais.com.br\/index.php\/2025\/08\/30\/conheca-origens-da-guitarrada-genero-agora-e-manifestacao-cultural\/\" \/>\n\t\t<meta property=\"article:published_time\" content=\"2025-08-30T05:02:39+00:00\" \/>\n\t\t<meta property=\"article:modified_time\" content=\"2025-08-30T05:02:39+00:00\" \/>\n\t\t<meta name=\"twitter:card\" content=\"summary_large_image\" \/>\n\t\t<meta name=\"twitter:title\" content=\"Conhe\u00e7a origens da guitarrada; g\u00eanero agora \u00e9 manifesta\u00e7\u00e3o cultural - eJornais\" \/>\n\t\t<meta name=\"twitter:description\" content=\"Por MRNews A guitarrada foi reconhecida nesta sexta-feira (29), oficialmente, como uma manifesta\u00e7\u00e3o da cultura nacional. O presidente Luiz In\u00e1cio Lula da Silva sancionou a lei N\u00ba 15.192 que valoriza a guitarrada como express\u00e3o cultural brasileira. Esse g\u00eanero musical instrumental surgiu no Par\u00e1, na d\u00e9cada de 1970, e \u00e9 fruto da fus\u00e3o de ritmos regionais como o carimb\u00f3 e o siri\u00e1, com g\u00eaneros\" \/>\n\t\t<script type=\"application\/ld+json\" class=\"aioseo-schema\">\n\t\t\t{\"@context\":\"https:\\\/\\\/schema.org\",\"@graph\":[{\"@type\":\"BlogPosting\",\"@id\":\"https:\\\/\\\/ejornais.com.br\\\/index.php\\\/2025\\\/08\\\/30\\\/conheca-origens-da-guitarrada-genero-agora-e-manifestacao-cultural\\\/#blogposting\",\"name\":\"Conhe\\u00e7a origens da guitarrada; g\\u00eanero agora \\u00e9 manifesta\\u00e7\\u00e3o cultural - eJornais\",\"headline\":\"Conhe\\u00e7a origens da guitarrada; g\\u00eanero agora \\u00e9 manifesta\\u00e7\\u00e3o cultural\",\"author\":{\"@id\":\"https:\\\/\\\/ejornais.com.br\\\/index.php\\\/author\\\/admin1\\\/#author\"},\"publisher\":{\"@id\":\"https:\\\/\\\/ejornais.com.br\\\/#organization\"},\"datePublished\":\"2025-08-30T02:02:39-03:00\",\"dateModified\":\"2025-08-30T02:02:39-03:00\",\"inLanguage\":\"pt-BR\",\"mainEntityOfPage\":{\"@id\":\"https:\\\/\\\/ejornais.com.br\\\/index.php\\\/2025\\\/08\\\/30\\\/conheca-origens-da-guitarrada-genero-agora-e-manifestacao-cultural\\\/#webpage\"},\"isPartOf\":{\"@id\":\"https:\\\/\\\/ejornais.com.br\\\/index.php\\\/2025\\\/08\\\/30\\\/conheca-origens-da-guitarrada-genero-agora-e-manifestacao-cultural\\\/#webpage\"},\"articleSection\":\"Cat\\u00e1logo de Jornais\"},{\"@type\":\"BreadcrumbList\",\"@id\":\"https:\\\/\\\/ejornais.com.br\\\/index.php\\\/2025\\\/08\\\/30\\\/conheca-origens-da-guitarrada-genero-agora-e-manifestacao-cultural\\\/#breadcrumblist\",\"itemListElement\":[{\"@type\":\"ListItem\",\"@id\":\"https:\\\/\\\/ejornais.com.br#listItem\",\"position\":1,\"name\":\"In\\u00edcio\",\"item\":\"https:\\\/\\\/ejornais.com.br\",\"nextItem\":{\"@type\":\"ListItem\",\"@id\":\"https:\\\/\\\/ejornais.com.br\\\/index.php\\\/category\\\/ejornais\\\/#listItem\",\"name\":\"Cat\\u00e1logo de Jornais\"}},{\"@type\":\"ListItem\",\"@id\":\"https:\\\/\\\/ejornais.com.br\\\/index.php\\\/category\\\/ejornais\\\/#listItem\",\"position\":2,\"name\":\"Cat\\u00e1logo de Jornais\",\"item\":\"https:\\\/\\\/ejornais.com.br\\\/index.php\\\/category\\\/ejornais\\\/\",\"nextItem\":{\"@type\":\"ListItem\",\"@id\":\"https:\\\/\\\/ejornais.com.br\\\/index.php\\\/2025\\\/08\\\/30\\\/conheca-origens-da-guitarrada-genero-agora-e-manifestacao-cultural\\\/#listItem\",\"name\":\"Conhe\\u00e7a origens da guitarrada; g\\u00eanero agora \\u00e9 manifesta\\u00e7\\u00e3o cultural\"},\"previousItem\":{\"@type\":\"ListItem\",\"@id\":\"https:\\\/\\\/ejornais.com.br#listItem\",\"name\":\"In\\u00edcio\"}},{\"@type\":\"ListItem\",\"@id\":\"https:\\\/\\\/ejornais.com.br\\\/index.php\\\/2025\\\/08\\\/30\\\/conheca-origens-da-guitarrada-genero-agora-e-manifestacao-cultural\\\/#listItem\",\"position\":3,\"name\":\"Conhe\\u00e7a origens da guitarrada; g\\u00eanero agora \\u00e9 manifesta\\u00e7\\u00e3o cultural\",\"previousItem\":{\"@type\":\"ListItem\",\"@id\":\"https:\\\/\\\/ejornais.com.br\\\/index.php\\\/category\\\/ejornais\\\/#listItem\",\"name\":\"Cat\\u00e1logo de Jornais\"}}]},{\"@type\":\"Organization\",\"@id\":\"https:\\\/\\\/ejornais.com.br\\\/#organization\",\"name\":\"eJornais\",\"description\":\"Cat\\u00e1logo de Jornais no mundo, Not\\u00edcias, Blog e Esportes ao vivo\",\"url\":\"https:\\\/\\\/ejornais.com.br\\\/\"},{\"@type\":\"Person\",\"@id\":\"https:\\\/\\\/ejornais.com.br\\\/index.php\\\/author\\\/admin1\\\/#author\",\"url\":\"https:\\\/\\\/ejornais.com.br\\\/index.php\\\/author\\\/admin1\\\/\",\"name\":\"admin1\",\"image\":{\"@type\":\"ImageObject\",\"@id\":\"https:\\\/\\\/ejornais.com.br\\\/index.php\\\/2025\\\/08\\\/30\\\/conheca-origens-da-guitarrada-genero-agora-e-manifestacao-cultural\\\/#authorImage\",\"url\":\"https:\\\/\\\/secure.gravatar.com\\\/avatar\\\/04084e6d73c042b8646e7c17b494073bf0ede3ea13c7105cfc45cbbbc28385a4?s=96&d=mm&r=g\",\"width\":96,\"height\":96,\"caption\":\"admin1\"}},{\"@type\":\"WebPage\",\"@id\":\"https:\\\/\\\/ejornais.com.br\\\/index.php\\\/2025\\\/08\\\/30\\\/conheca-origens-da-guitarrada-genero-agora-e-manifestacao-cultural\\\/#webpage\",\"url\":\"https:\\\/\\\/ejornais.com.br\\\/index.php\\\/2025\\\/08\\\/30\\\/conheca-origens-da-guitarrada-genero-agora-e-manifestacao-cultural\\\/\",\"name\":\"Conhe\\u00e7a origens da guitarrada; g\\u00eanero agora \\u00e9 manifesta\\u00e7\\u00e3o cultural - eJornais\",\"description\":\"Por MRNews A guitarrada foi reconhecida nesta sexta-feira (29), oficialmente, como uma manifesta\\u00e7\\u00e3o da cultura nacional. O presidente Luiz In\\u00e1cio Lula da Silva sancionou a lei N\\u00ba 15.192 que valoriza a guitarrada como express\\u00e3o cultural brasileira. Esse g\\u00eanero musical instrumental surgiu no Par\\u00e1, na d\\u00e9cada de 1970, e \\u00e9 fruto da fus\\u00e3o de ritmos regionais como o carimb\\u00f3 e o siri\\u00e1, com g\\u00eaneros\",\"inLanguage\":\"pt-BR\",\"isPartOf\":{\"@id\":\"https:\\\/\\\/ejornais.com.br\\\/#website\"},\"breadcrumb\":{\"@id\":\"https:\\\/\\\/ejornais.com.br\\\/index.php\\\/2025\\\/08\\\/30\\\/conheca-origens-da-guitarrada-genero-agora-e-manifestacao-cultural\\\/#breadcrumblist\"},\"author\":{\"@id\":\"https:\\\/\\\/ejornais.com.br\\\/index.php\\\/author\\\/admin1\\\/#author\"},\"creator\":{\"@id\":\"https:\\\/\\\/ejornais.com.br\\\/index.php\\\/author\\\/admin1\\\/#author\"},\"datePublished\":\"2025-08-30T02:02:39-03:00\",\"dateModified\":\"2025-08-30T02:02:39-03:00\"},{\"@type\":\"WebSite\",\"@id\":\"https:\\\/\\\/ejornais.com.br\\\/#website\",\"url\":\"https:\\\/\\\/ejornais.com.br\\\/\",\"name\":\"eJornais\",\"description\":\"Cat\\u00e1logo de Jornais no mundo, Not\\u00edcias, Blog e Esportes ao vivo\",\"inLanguage\":\"pt-BR\",\"publisher\":{\"@id\":\"https:\\\/\\\/ejornais.com.br\\\/#organization\"}}]}\n\t\t<\/script>\n\t\t<!-- All in One SEO -->\n\n","aioseo_head_json":{"title":"Conhe\u00e7a origens da guitarrada; g\u00eanero agora \u00e9 manifesta\u00e7\u00e3o cultural - eJornais","description":"Por MRNews A guitarrada foi reconhecida nesta sexta-feira (29), oficialmente, como uma manifesta\u00e7\u00e3o da cultura nacional. O presidente Luiz In\u00e1cio Lula da Silva sancionou a lei N\u00ba 15.192 que valoriza a guitarrada como express\u00e3o cultural brasileira. Esse g\u00eanero musical instrumental surgiu no Par\u00e1, na d\u00e9cada de 1970, e \u00e9 fruto da fus\u00e3o de ritmos regionais como o carimb\u00f3 e o siri\u00e1, com g\u00eaneros","canonical_url":"https:\/\/ejornais.com.br\/index.php\/2025\/08\/30\/conheca-origens-da-guitarrada-genero-agora-e-manifestacao-cultural\/","robots":"max-image-preview:large","keywords":"","webmasterTools":{"miscellaneous":""},"schema":{"@context":"https:\/\/schema.org","@graph":[{"@type":"BlogPosting","@id":"https:\/\/ejornais.com.br\/index.php\/2025\/08\/30\/conheca-origens-da-guitarrada-genero-agora-e-manifestacao-cultural\/#blogposting","name":"Conhe\u00e7a origens da guitarrada; g\u00eanero agora \u00e9 manifesta\u00e7\u00e3o cultural - eJornais","headline":"Conhe\u00e7a origens da guitarrada; g\u00eanero agora \u00e9 manifesta\u00e7\u00e3o cultural","author":{"@id":"https:\/\/ejornais.com.br\/index.php\/author\/admin1\/#author"},"publisher":{"@id":"https:\/\/ejornais.com.br\/#organization"},"datePublished":"2025-08-30T02:02:39-03:00","dateModified":"2025-08-30T02:02:39-03:00","inLanguage":"pt-BR","mainEntityOfPage":{"@id":"https:\/\/ejornais.com.br\/index.php\/2025\/08\/30\/conheca-origens-da-guitarrada-genero-agora-e-manifestacao-cultural\/#webpage"},"isPartOf":{"@id":"https:\/\/ejornais.com.br\/index.php\/2025\/08\/30\/conheca-origens-da-guitarrada-genero-agora-e-manifestacao-cultural\/#webpage"},"articleSection":"Cat\u00e1logo de Jornais"},{"@type":"BreadcrumbList","@id":"https:\/\/ejornais.com.br\/index.php\/2025\/08\/30\/conheca-origens-da-guitarrada-genero-agora-e-manifestacao-cultural\/#breadcrumblist","itemListElement":[{"@type":"ListItem","@id":"https:\/\/ejornais.com.br#listItem","position":1,"name":"In\u00edcio","item":"https:\/\/ejornais.com.br","nextItem":{"@type":"ListItem","@id":"https:\/\/ejornais.com.br\/index.php\/category\/ejornais\/#listItem","name":"Cat\u00e1logo de Jornais"}},{"@type":"ListItem","@id":"https:\/\/ejornais.com.br\/index.php\/category\/ejornais\/#listItem","position":2,"name":"Cat\u00e1logo de Jornais","item":"https:\/\/ejornais.com.br\/index.php\/category\/ejornais\/","nextItem":{"@type":"ListItem","@id":"https:\/\/ejornais.com.br\/index.php\/2025\/08\/30\/conheca-origens-da-guitarrada-genero-agora-e-manifestacao-cultural\/#listItem","name":"Conhe\u00e7a origens da guitarrada; g\u00eanero agora \u00e9 manifesta\u00e7\u00e3o cultural"},"previousItem":{"@type":"ListItem","@id":"https:\/\/ejornais.com.br#listItem","name":"In\u00edcio"}},{"@type":"ListItem","@id":"https:\/\/ejornais.com.br\/index.php\/2025\/08\/30\/conheca-origens-da-guitarrada-genero-agora-e-manifestacao-cultural\/#listItem","position":3,"name":"Conhe\u00e7a origens da guitarrada; g\u00eanero agora \u00e9 manifesta\u00e7\u00e3o cultural","previousItem":{"@type":"ListItem","@id":"https:\/\/ejornais.com.br\/index.php\/category\/ejornais\/#listItem","name":"Cat\u00e1logo de Jornais"}}]},{"@type":"Organization","@id":"https:\/\/ejornais.com.br\/#organization","name":"eJornais","description":"Cat\u00e1logo de Jornais no mundo, Not\u00edcias, Blog e Esportes ao vivo","url":"https:\/\/ejornais.com.br\/"},{"@type":"Person","@id":"https:\/\/ejornais.com.br\/index.php\/author\/admin1\/#author","url":"https:\/\/ejornais.com.br\/index.php\/author\/admin1\/","name":"admin1","image":{"@type":"ImageObject","@id":"https:\/\/ejornais.com.br\/index.php\/2025\/08\/30\/conheca-origens-da-guitarrada-genero-agora-e-manifestacao-cultural\/#authorImage","url":"https:\/\/secure.gravatar.com\/avatar\/04084e6d73c042b8646e7c17b494073bf0ede3ea13c7105cfc45cbbbc28385a4?s=96&d=mm&r=g","width":96,"height":96,"caption":"admin1"}},{"@type":"WebPage","@id":"https:\/\/ejornais.com.br\/index.php\/2025\/08\/30\/conheca-origens-da-guitarrada-genero-agora-e-manifestacao-cultural\/#webpage","url":"https:\/\/ejornais.com.br\/index.php\/2025\/08\/30\/conheca-origens-da-guitarrada-genero-agora-e-manifestacao-cultural\/","name":"Conhe\u00e7a origens da guitarrada; g\u00eanero agora \u00e9 manifesta\u00e7\u00e3o cultural - eJornais","description":"Por MRNews A guitarrada foi reconhecida nesta sexta-feira (29), oficialmente, como uma manifesta\u00e7\u00e3o da cultura nacional. O presidente Luiz In\u00e1cio Lula da Silva sancionou a lei N\u00ba 15.192 que valoriza a guitarrada como express\u00e3o cultural brasileira. Esse g\u00eanero musical instrumental surgiu no Par\u00e1, na d\u00e9cada de 1970, e \u00e9 fruto da fus\u00e3o de ritmos regionais como o carimb\u00f3 e o siri\u00e1, com g\u00eaneros","inLanguage":"pt-BR","isPartOf":{"@id":"https:\/\/ejornais.com.br\/#website"},"breadcrumb":{"@id":"https:\/\/ejornais.com.br\/index.php\/2025\/08\/30\/conheca-origens-da-guitarrada-genero-agora-e-manifestacao-cultural\/#breadcrumblist"},"author":{"@id":"https:\/\/ejornais.com.br\/index.php\/author\/admin1\/#author"},"creator":{"@id":"https:\/\/ejornais.com.br\/index.php\/author\/admin1\/#author"},"datePublished":"2025-08-30T02:02:39-03:00","dateModified":"2025-08-30T02:02:39-03:00"},{"@type":"WebSite","@id":"https:\/\/ejornais.com.br\/#website","url":"https:\/\/ejornais.com.br\/","name":"eJornais","description":"Cat\u00e1logo de Jornais no mundo, Not\u00edcias, Blog e Esportes ao vivo","inLanguage":"pt-BR","publisher":{"@id":"https:\/\/ejornais.com.br\/#organization"}}]},"og:locale":"pt_BR","og:site_name":"eJornais - Cat\u00e1logo de Jornais no mundo, Not\u00edcias, Blog e Esportes ao vivo","og:type":"article","og:title":"Conhe\u00e7a origens da guitarrada; g\u00eanero agora \u00e9 manifesta\u00e7\u00e3o cultural - eJornais","og:description":"Por MRNews A guitarrada foi reconhecida nesta sexta-feira (29), oficialmente, como uma manifesta\u00e7\u00e3o da cultura nacional. O presidente Luiz In\u00e1cio Lula da Silva sancionou a lei N\u00ba 15.192 que valoriza a guitarrada como express\u00e3o cultural brasileira. Esse g\u00eanero musical instrumental surgiu no Par\u00e1, na d\u00e9cada de 1970, e \u00e9 fruto da fus\u00e3o de ritmos regionais como o carimb\u00f3 e o siri\u00e1, com g\u00eaneros","og:url":"https:\/\/ejornais.com.br\/index.php\/2025\/08\/30\/conheca-origens-da-guitarrada-genero-agora-e-manifestacao-cultural\/","article:published_time":"2025-08-30T05:02:39+00:00","article:modified_time":"2025-08-30T05:02:39+00:00","twitter:card":"summary_large_image","twitter:title":"Conhe\u00e7a origens da guitarrada; g\u00eanero agora \u00e9 manifesta\u00e7\u00e3o cultural - eJornais","twitter:description":"Por MRNews A guitarrada foi reconhecida nesta sexta-feira (29), oficialmente, como uma manifesta\u00e7\u00e3o da cultura nacional. O presidente Luiz In\u00e1cio Lula da Silva sancionou a lei N\u00ba 15.192 que valoriza a guitarrada como express\u00e3o cultural brasileira. Esse g\u00eanero musical instrumental surgiu no Par\u00e1, na d\u00e9cada de 1970, e \u00e9 fruto da fus\u00e3o de ritmos regionais como o carimb\u00f3 e o siri\u00e1, com g\u00eaneros"},"aioseo_meta_data":{"post_id":"51431","title":null,"description":null,"keywords":null,"keyphrases":null,"primary_term":null,"canonical_url":null,"og_title":null,"og_description":null,"og_object_type":"default","og_image_type":"default","og_image_url":null,"og_image_width":null,"og_image_height":null,"og_image_custom_url":null,"og_image_custom_fields":null,"og_video":null,"og_custom_url":null,"og_article_section":null,"og_article_tags":null,"twitter_use_og":false,"twitter_card":"default","twitter_image_type":"default","twitter_image_url":null,"twitter_image_custom_url":null,"twitter_image_custom_fields":null,"twitter_title":null,"twitter_description":null,"schema":{"blockGraphs":[],"customGraphs":[],"default":{"data":{"Article":[],"Course":[],"Dataset":[],"FAQPage":[],"Movie":[],"Person":[],"Product":[],"ProductReview":[],"Car":[],"Recipe":[],"Service":[],"SoftwareApplication":[],"WebPage":[]},"graphName":"","isEnabled":true},"graphs":[]},"schema_type":"default","schema_type_options":null,"pillar_content":false,"robots_default":true,"robots_noindex":false,"robots_noarchive":false,"robots_nosnippet":false,"robots_nofollow":false,"robots_noimageindex":false,"robots_noodp":false,"robots_notranslate":false,"robots_max_snippet":null,"robots_max_videopreview":null,"robots_max_imagepreview":"large","priority":null,"frequency":null,"local_seo":null,"breadcrumb_settings":null,"limit_modified_date":false,"ai":null,"created":"2025-08-30 05:03:48","updated":"2025-08-30 05:03:48","seo_analyzer_scan_date":null,"focus_keyword":null,"additional_keywords":null,"truseo_locale":null},"aioseo_breadcrumb":"<div class=\"aioseo-breadcrumbs\"><span class=\"aioseo-breadcrumb\">\n\t\t\t<a href=\"https:\/\/ejornais.com.br\" title=\"In\u00edcio\">In\u00edcio<\/a>\n\t\t<\/span><span class=\"aioseo-breadcrumb-separator\">&raquo;<\/span><span class=\"aioseo-breadcrumb\">\n\t\t\t<a href=\"https:\/\/ejornais.com.br\/index.php\/category\/ejornais\/\" title=\"Cat\u00e1logo de Jornais\">Cat\u00e1logo de Jornais<\/a>\n\t\t<\/span><span class=\"aioseo-breadcrumb-separator\">&raquo;<\/span><span class=\"aioseo-breadcrumb\">\n\t\t\tConhe\u00e7a origens da guitarrada; g\u00eanero agora \u00e9 manifesta\u00e7\u00e3o cultural\n\t\t<\/span><\/div>","aioseo_breadcrumb_json":[{"label":"In\u00edcio","link":"https:\/\/ejornais.com.br"},{"label":"Cat\u00e1logo de Jornais","link":"https:\/\/ejornais.com.br\/index.php\/category\/ejornais\/"},{"label":"Conhe\u00e7a origens da guitarrada; g\u00eanero agora \u00e9 manifesta\u00e7\u00e3o cultural","link":"https:\/\/ejornais.com.br\/index.php\/2025\/08\/30\/conheca-origens-da-guitarrada-genero-agora-e-manifestacao-cultural\/"}],"amp_enabled":true,"_links":{"self":[{"href":"https:\/\/ejornais.com.br\/index.php\/wp-json\/wp\/v2\/posts\/51431","targetHints":{"allow":["GET"]}}],"collection":[{"href":"https:\/\/ejornais.com.br\/index.php\/wp-json\/wp\/v2\/posts"}],"about":[{"href":"https:\/\/ejornais.com.br\/index.php\/wp-json\/wp\/v2\/types\/post"}],"author":[{"embeddable":true,"href":"https:\/\/ejornais.com.br\/index.php\/wp-json\/wp\/v2\/users\/2"}],"replies":[{"embeddable":true,"href":"https:\/\/ejornais.com.br\/index.php\/wp-json\/wp\/v2\/comments?post=51431"}],"version-history":[{"count":0,"href":"https:\/\/ejornais.com.br\/index.php\/wp-json\/wp\/v2\/posts\/51431\/revisions"}],"wp:attachment":[{"href":"https:\/\/ejornais.com.br\/index.php\/wp-json\/wp\/v2\/media?parent=51431"}],"wp:term":[{"taxonomy":"category","embeddable":true,"href":"https:\/\/ejornais.com.br\/index.php\/wp-json\/wp\/v2\/categories?post=51431"},{"taxonomy":"post_tag","embeddable":true,"href":"https:\/\/ejornais.com.br\/index.php\/wp-json\/wp\/v2\/tags?post=51431"}],"curies":[{"name":"wp","href":"https:\/\/api.w.org\/{rel}","templated":true}]}}