{"id":51582,"date":"2025-09-02T00:33:41","date_gmt":"2025-09-02T03:33:41","guid":{"rendered":"https:\/\/ejornais.com.br\/index.php\/2025\/09\/02\/prefeitura-de-joao-pessoa-inicia-vacinacao-contra-o-sarampo-em-trabalhadores-da-saude\/"},"modified":"2025-09-02T00:33:41","modified_gmt":"2025-09-02T03:33:41","slug":"prefeitura-de-joao-pessoa-inicia-vacinacao-contra-o-sarampo-em-trabalhadores-da-saude","status":"publish","type":"post","link":"https:\/\/ejornais.com.br\/index.php\/2025\/09\/02\/prefeitura-de-joao-pessoa-inicia-vacinacao-contra-o-sarampo-em-trabalhadores-da-saude\/","title":{"rendered":"Prefeitura de Jo\u00e3o Pessoa inicia vacina\u00e7\u00e3o contra o sarampo em trabalhadores da sa\u00fade"},"content":{"rendered":"<p><\/p>\n<div>\n<p>Dando continuidade \u00e0s a\u00e7\u00f5es preventivas contra o sarampo, a Prefeitura de Jo\u00e3o Pessoa iniciou, nesta segunda-feira (1\u00ba), a vacina\u00e7\u00e3o dos trabalhadores de sa\u00fade que atuam em hospitais e nos atendimentos ambulatoriais de urg\u00eancia e emerg\u00eancia da Capital. A mobiliza\u00e7\u00e3o contempla 22 estabelecimentos, garantindo a aplica\u00e7\u00e3o das vacinas tr\u00edplice viral (que protege contra sarampo, caxumba e rub\u00e9ola) e influenza para os profissionais que ainda n\u00e3o receberam as doses na campanha deste ano.<\/p>\n<figure class=\"wp-block-gallery has-nested-images columns-default is-cropped wp-block-gallery-1 is-layout-flex wp-block-gallery-is-layout-flex\">\n<figure class=\"wp-block-image size-full\"><\/figure>\n<figure class=\"wp-block-image size-full\"><\/figure>\n<\/figure>\n<p>De acordo com a Secretaria Municipal de Sa\u00fade (SMS), a vacina\u00e7\u00e3o dos trabalhadores de sa\u00fade \u00e9 fundamental porque, al\u00e9m de garantir a prote\u00e7\u00e3o dos profissionais, contribui tamb\u00e9m para evitar a transmiss\u00e3o do v\u00edrus a pacientes vulner\u00e1veis, como beb\u00eas e pessoas imunocomprometidas, e reduz o risco de propaga\u00e7\u00e3o em ambientes hospitalares.<\/p>\n<p>O Minist\u00e9rio da Sa\u00fade estabelece a obrigatoriedade de duas doses da tr\u00edplice viral para trabalhadores de sa\u00fade, independentemente da faixa et\u00e1ria. De acordo com o MS, no Brasil, em 2025, j\u00e1 foram confirmados 24 casos espor\u00e1dicos de sarampo, distribu\u00eddos no Distrito Federal (1), Rio de Janeiro (2), S\u00e3o Paulo (1), Rio Grande do Sul (1) e Tocantins (19). No Tocantins, outros quatro casos encontram-se em investiga\u00e7\u00e3o.<\/p>\n<p>Al\u00e9m dos hospitais, a campanha alcan\u00e7ar\u00e1 trabalhadores de unidades de sa\u00fade da fam\u00edlia, policl\u00ednicas e outros servi\u00e7os de assist\u00eancia cl\u00ednica. \u201cOrientamos que todo trabalhador da sa\u00fade, seja da rede p\u00fablica ou privada, confira seu cart\u00e3o de vacina e se certifique de que est\u00e1 com a imuniza\u00e7\u00e3o em dia. Caso contr\u00e1rio, deve procurar a sala de vacina mais pr\u00f3xima de sua resid\u00eancia ou local de trabalho\u201d, refor\u00e7ou Fernando Virgolino, coordenador de Imuniza\u00e7\u00e3o da Prefeitura de Jo\u00e3o Pessoa.<\/p>\n<p>Nos servi\u00e7os de sa\u00fade da rede municipal, as a\u00e7\u00f5es educativas est\u00e3o sendo realizadas nas salas de espera, com palestras e distribui\u00e7\u00e3o de materiais informativos sobre o sarampo, os sintomas da doen\u00e7a e formas de preven\u00e7\u00e3o.<\/p>\n<p><strong>Educa\u00e7\u00e3o e turismo \u2013<\/strong> A mobiliza\u00e7\u00e3o ainda contempla outros segmentos estrat\u00e9gicos, como escolas p\u00fablicas e privadas, onde alunos e profissionais da educa\u00e7\u00e3o ter\u00e3o acesso \u00e0 atualiza\u00e7\u00e3o da caderneta vacinal. Outro foco ser\u00e1 o setor de turismo, envolvendo hot\u00e9is, ag\u00eancias de viagens, empresas de transporte, restaurantes, promotores de eventos e demais prestadores de servi\u00e7os.<\/p>\n<p><strong>Esquema vacinal \u2013 <\/strong>O esquema de rotina contra o sarampo prev\u00ea duas doses da tr\u00edplice viral: a primeira aos 12 meses e a segunda aos 15 meses de vida. No entanto, a imuniza\u00e7\u00e3o n\u00e3o \u00e9 restrita \u00e0 inf\u00e2ncia e deve ser garantida em todas as fases da vida.<\/p>\n<p>\u201cO refor\u00e7o vacinal deve ocorrer em todas as faixas et\u00e1rias, incluindo adolescentes, adultos e, especialmente, os trabalhadores de sa\u00fade. Quem n\u00e3o tem registro das duas doses recomendadas, precisa procurar uma unidade de sa\u00fade para garantir essa prote\u00e7\u00e3o\u201d, orienta Fernando Virgolino. Ainda, os trabalhadores de sa\u00fade, independentemente da idade, devem comprovar duas doses da vacina para serem considerados imunizados.<\/p>\n<p>A Secretaria de Sa\u00fade refor\u00e7a que manter a caderneta atualizada \u00e9 uma das formas mais eficazes de prevenir surtos, proteger a sa\u00fade coletiva e evitar o retorno de doen\u00e7as j\u00e1 controladas.<\/p>\n<p>O sarampo \u00e9 uma infec\u00e7\u00e3o viral altamente contagiosa, transmitida pelo ar por meio da tosse, fala, espirros ou at\u00e9 pela respira\u00e7\u00e3o. Uma \u00fanica pessoa infectada pode transmitir o v\u00edrus para at\u00e9 90% das pessoas n\u00e3o vacinadas com quem tiver contato pr\u00f3ximo.<\/p>\n<p><strong>Programa\u00e7\u00e3o da vacina\u00e7\u00e3o nos hospitais neste m\u00eas de setembro:<\/strong><\/p>\n<p>Dias: segunda (1\u00ba) e ter\u00e7a (2)<\/p>\n<p>Locais: UPA Banc\u00e1rios e UPA Cruz das Armas<\/p>\n<p>Dias: quarta (3) e quinta (4)<\/p>\n<p>Locais: UPA Oceania e UPA Valentina<\/p>\n<p>Dias: sexta (5) e segunda (8)<\/p>\n<p>Locais: Amip e Hapvida<\/p>\n<p>Dias: ter\u00e7a (9) e quarta (10)<\/p>\n<p>Locais: Hospital Clementino Fraga e Memorial S\u00e3o Francisco<\/p>\n<p>Dias: quinta (11) e sexta (12)<\/p>\n<p>Locais: Hospital Municipal Santa Isabel e Jo\u00e3o Paulo II<\/p>\n<p>Dias: segunda (15) e ter\u00e7a (16)<\/p>\n<p>Locais: Hospital Nova Esperan\u00e7a e Hospital Nossa Senhora das Neves<\/p>\n<p>Dias: quarta (17) e quinta (18)<\/p>\n<p>Locais: Hospital S\u00e3o Lu\u00eds e Hospital Geral do C\u00e2ncer<\/p>\n<p>Dias: sexta (19) e segunda (22)<\/p>\n<p>Locais: Hospital Edson Ramalho e Hospital Infantil do Valentina<\/p>\n<p>Dias: ter\u00e7a (23) e quarta (24)<\/p>\n<p>Locais: Complexo Hospitalar Tarc\u00edsio de Miranda Burity e Hospital S\u00e3o Vicente de Paula<\/p>\n<p>Dias: quinta (25) e sexta (26)<\/p>\n<p>Locais: Hospital Unimed \u2013 Medical e Hospital Infantil Arlinda Marques<\/p>\n<p>Dias: segunda (29) e ter\u00e7a (30)<\/p>\n<p>Locais: Hospital Clinepa e Hospital Unimed (Moacir Dantas e Wanderley Urquiza)<\/p>\n<\/p><\/div>\n","protected":false},"excerpt":{"rendered":"<p>Dando continuidade \u00e0s a\u00e7\u00f5es preventivas contra o sarampo, a Prefeitura de Jo\u00e3o Pessoa iniciou, nesta segunda-feira (1\u00ba), a vacina\u00e7\u00e3o dos<\/p>\n","protected":false},"author":2,"featured_media":0,"comment_status":"","ping_status":"","sticky":false,"template":"","format":"standard","meta":{"colormag_page_container_layout":"default_layout","colormag_page_sidebar_layout":"default_layout","footnotes":""},"categories":[1],"tags":[],"class_list":["post-51582","post","type-post","status-publish","format-standard","hentry","category-ejornais"],"aioseo_notices":[],"amp_enabled":true,"_links":{"self":[{"href":"https:\/\/ejornais.com.br\/index.php\/wp-json\/wp\/v2\/posts\/51582","targetHints":{"allow":["GET"]}}],"collection":[{"href":"https:\/\/ejornais.com.br\/index.php\/wp-json\/wp\/v2\/posts"}],"about":[{"href":"https:\/\/ejornais.com.br\/index.php\/wp-json\/wp\/v2\/types\/post"}],"author":[{"embeddable":true,"href":"https:\/\/ejornais.com.br\/index.php\/wp-json\/wp\/v2\/users\/2"}],"replies":[{"embeddable":true,"href":"https:\/\/ejornais.com.br\/index.php\/wp-json\/wp\/v2\/comments?post=51582"}],"version-history":[{"count":0,"href":"https:\/\/ejornais.com.br\/index.php\/wp-json\/wp\/v2\/posts\/51582\/revisions"}],"wp:attachment":[{"href":"https:\/\/ejornais.com.br\/index.php\/wp-json\/wp\/v2\/media?parent=51582"}],"wp:term":[{"taxonomy":"category","embeddable":true,"href":"https:\/\/ejornais.com.br\/index.php\/wp-json\/wp\/v2\/categories?post=51582"},{"taxonomy":"post_tag","embeddable":true,"href":"https:\/\/ejornais.com.br\/index.php\/wp-json\/wp\/v2\/tags?post=51582"}],"curies":[{"name":"wp","href":"https:\/\/api.w.org\/{rel}","templated":true}]}}