{"id":51748,"date":"2025-09-04T15:33:47","date_gmt":"2025-09-04T18:33:47","guid":{"rendered":"https:\/\/ejornais.com.br\/index.php\/2025\/09\/04\/cet-rio-monta-esquema-especial-de-transito-para-desfile-civico-militar-do-dia-da-independencia-prefeitura-da-cidade-do-rio-de-janeiro\/"},"modified":"2025-09-04T15:33:47","modified_gmt":"2025-09-04T18:33:47","slug":"cet-rio-monta-esquema-especial-de-transito-para-desfile-civico-militar-do-dia-da-independencia-prefeitura-da-cidade-do-rio-de-janeiro","status":"publish","type":"post","link":"https:\/\/ejornais.com.br\/index.php\/2025\/09\/04\/cet-rio-monta-esquema-especial-de-transito-para-desfile-civico-militar-do-dia-da-independencia-prefeitura-da-cidade-do-rio-de-janeiro\/","title":{"rendered":"CET-Rio monta esquema especial de tr\u00e2nsito para desfile c\u00edvico-militar do Dia da Independ\u00eancia &#8211; Prefeitura da Cidade do Rio de Janeiro"},"content":{"rendered":"<p><\/p>\n<div wp_automatic_readability=\"92.601535124312\">\n<div class=\"image-post\" wp_automatic_readability=\"33\">\n                     A Avenida Presidente Vargas ter\u00e1 interdi\u00e7\u00f5es para o desfile do Dia da Independ\u00eancia &#8211; Fabio Motta\/Prefeitura do Rio                  <\/div>\n<p>A CET-Rio informa que, em raz\u00e3o da realiza\u00e7\u00e3o do desfile c\u00edvico\u2013militar do Dia da Independ\u00eancia, neste domingo (7\/9), ser\u00e1 implantado um esquema especial de tr\u00e2nsito no Centro da cidade. A opera\u00e7\u00e3o contar\u00e1 com a participa\u00e7\u00e3o de agentes da Guarda Municipal, da CET-Rio e militares, que atuar\u00e3o para manter a fluidez, coibir o estacionamento irregular, ordenar os cruzamentos, orientar pedestres e efetuar os bloqueios vi\u00e1rios necess\u00e1rios.<\/p>\n<p>T\u00e9cnicos da CET-Rio no Centro de Opera\u00e7\u00f5es e Resili\u00eancia (COR-Rio) v\u00e3o monitorar toda a movimenta\u00e7\u00e3o do tr\u00e2nsito por meio das c\u00e2meras para que, se necess\u00e1rio, sejam feitos ajustes na programa\u00e7\u00e3o semaf\u00f3rica com o objetivo de garantir as boas condi\u00e7\u00f5es de tr\u00e1fego.<\/p>\n<p><strong>Interdi\u00e7\u00f5es<\/strong><\/p>\n<p><strong>Domingo (7\/9), das 2h30 at\u00e9 o t\u00e9rmino do desfile:<\/strong><\/p>\n<p><em>Avenida Presidente Vargas<\/em><br \/>\u2013 Pista lateral (sentido Centro): entre a Rua Carmo Neto e a Av. Rio Branco<br \/>\u2013 Pista lateral (lado Pra\u00e7a da Bandeira): entre a Av. Rio Branco e a Pra\u00e7a General Pedra<br \/>\u2013 Pista central (sentido Centro): do acesso pr\u00f3ximo \u00e0 Rua Amoroso Lima at\u00e9 a Av. Rio Branco<br \/>\u2013 Pista central (lado Pra\u00e7a da Bandeira): entre a Av. Rio Branco e o Viaduto dos Marinheiros<\/p>\n<p>\u2013 Rua Marqu\u00eas de Sapuca\u00ed, entre a Rua Benedito Hip\u00f3lito e a Av. Presidente Vargas<br \/>\u2013 Rua Benedito Hip\u00f3lito, entre a Rua Marqu\u00eas de Pombal e a Rua de Santana<br \/>\u2013 Rua Irineu Marinho<br \/>\u2013 Rua de Santana<br \/>\u2013 Rua General Caldwell, entre a Av. Presidente Vargas e a Rua Frei Caneca<br \/>\u2013 Rua Moncorvo Filho, entre a Rua General Caldwell e a Pra\u00e7a da Rep\u00fablica<br \/>\u2013 Pra\u00e7a da Rep\u00fablica, trechos entre a Rua Frei Caneca e a Av. Presidente Vargas e tamb\u00e9m entre a Av. Presidente Vargas e a Rua Buenos Aires<br \/>\u2013 Rua Tom\u00e9 de Souza, entre a Rua Buenos Aires e a Av. Presidente Vargas<br \/>\u2013 Rua Regente Feij\u00f3, entre a Av. Presidente Vargas e a Rua Buenos Aires<br \/>\u2013 Rua Gon\u00e7alves Ledo, entre a Rua da Alf\u00e2ndega e a Rua Buenos Aires<br \/>\u2013 Av. Passos (entre a Av. Marechal Floriano e a Rua Buenos Aires<br \/>\u2013 Rua da Concei\u00e7\u00e3o, entre a Av. Presidente Vargas e a Rua Buenos Aires<br \/>\u2013 Rua dos Andradas, entre a Av. Marechal Floriano e a Rua Buenos Aires<br \/>\u2013 Rua Uruguaiana, entre a Rua Buenos Aires e a Av. Marechal Floriano<br \/>\u2013 Rua Senhor dos Passos<br \/>\u2013 Rua da Alf\u00e2ndega<br \/>\u2013 Rua Miguel Couto, entre a Rua da Alf\u00e2ndega e a Av. Rio Branco e tamb\u00e9m entre a Av. Presidente Vargas e a Rua Visconde de Inha\u00fama<br \/>\u2013 Rua Buenos Aires, entre a Rua Primeiro de Mar\u00e7o e a Rua Uruguaiana<br \/>\u2013 Rua do Ros\u00e1rio, entre a Rua Uruguaiana e a Rua Visconde de Itabora\u00ed<br \/>\u2013 Rua da Carioca, entre a Rua Uruguaiana e a Av. Rep\u00fablica do Paraguai<br \/>\u2013 Av. Nilo Pe\u00e7anha, entre a Av. Presidente Ant\u00f4nio Carlos e a Rua da Carioca<br \/>\u2013 Travessa Tocantins, entre a Rua Primeiro de Mar\u00e7o e a Rua Visconde de Itabora\u00ed<br \/>\u2013 Rua da Quitanda, entre a Rua Visconde de Inha\u00fama e a Av. Nilo Pe\u00e7anha<br \/>\u2013 Rua Rodrigo Silva<br \/>\u2013 Rua Te\u00f3filo Otoni<br \/>\u2013 Rua do Carmo<br \/>\u2013 Beco das Cancelas<br \/>\u2013 Rua da Candel\u00e1ria, entre a Rua Visconde de Inha\u00fama e a Rua Buenos Aires<br \/>\u2013 Av. Rio Branco, entre a Av. Presidente Vargas e a Av. Nilo Pe\u00e7anha, e tamb\u00e9m entre a Rua Visconde de Inha\u00fama e a Av. Beira Mar<\/p>\n<p><em>Avenida Marechal Floriano<\/em><br \/>\u2013 Em ambos os sentidos, entre a Rua Visconde da G\u00e1vea e a Rua Camerino<br \/>\u2013 Sentido Rio Branco \u2192 Camerino<br \/>\u2013 Sentido Central do Brasil, entre a Rua Acre e a Rua Camerino<\/p>\n<p>\u2013 Av. Almirante Barroso, toda e tamb\u00e9m trecho das edifica\u00e7\u00f5es \u00edmpares entre a Rua Senador Dantas e a Av. Presidente Ant\u00f4nio Carlos<br \/>\u2013 Av. Gra\u00e7a Aranha<br \/>\u2013 Av. Cal\u00f3geras<br \/>\u2013 Rua Visconde da G\u00e1vea, entre a Rua Senador Pompeu e a Av. Marechal Floriano<br \/>\u2013 Rua Alexandre Mackenzie, entre a Rua Senador Pompeu e a Av. Marechal Floriano<br \/>\u2013 Rua Gustavo Barroso, entre a Rua Frederico Silva e a Av. Presidente Vargas<br \/>\u2013 Rua da Assembleia<br \/>\u2013 Pra\u00e7a Bar\u00e3o de Lad\u00e1rio, entre a Rua Visconde de Itabora\u00ed e a Rua Primeiro de Mar\u00e7o<br \/>\u2013 Rua Haroldo de Andrade, entre a Rua Benedito Hip\u00f3lito e a Av. Presidente Vargas<br \/>\u2013 Rua Camerino, entre a Rua Senador Pompeu e a Av. Marechal Floriano<br \/>\u2013 Pra\u00e7a Pio X, todo entorno<br \/>\u2013 Pra\u00e7a dos Expedicion\u00e1rios, entre a Av. Presidente Ant\u00f4nio Carlos e a Av. Alfred Agache<br \/>\u2013 Rua Debret<br \/>\u2013 Rua Ara\u00fajo Porto Alegre<br \/>\u2013 Rua M\u00e9xico<br \/>\u2013 Rua Marc\u00edlio Dias<br \/>\u2013 Pra\u00e7a Cristiano Otoni<br \/>\u2013 Pra\u00e7a Proc\u00f3pio Ferreira<br \/>\u2013 Pra\u00e7a Duque de Caxias<\/p>\n<p><strong>Proibi\u00e7\u00e3o de estacionamento<\/strong><\/p>\n<p>Ser\u00e1 proibido o estacionamento em todas as vias mencionadas acima a partir da 0h do dia 7 de setembro at\u00e9 o t\u00e9rmino do evento.<\/p>\n<p><strong>Altera\u00e7\u00f5es vi\u00e1rias<\/strong><\/p>\n<p>Invers\u00e3o de sentido: Rua Visconde de Inha\u00fama, no trecho entre a Av. Rio Branco e a Rua Primeiro de Mar\u00e7o.<\/p>\n<p><em>Duplo sentido de circula\u00e7\u00e3o:<\/em><br \/>\u2013 Rua Primeiro de Mar\u00e7o (entre a Rua Visconde de Inha\u00fama e a Rua da Assembleia)<br \/>\u2013 Av. Presidente Ant\u00f4nio Carlos (entre a Rua da Assembleia e a Av. Almirante Barroso)<\/p>\n<p><strong>\u00c1rea de lazer<\/strong><\/p>\n<p>O hor\u00e1rio de in\u00edcio da \u00e1rea de lazer da Pra\u00e7a da Cruz Vermelha ser\u00e1 suspenso at\u00e9 o fim do desfile.<\/p>\n<p><strong>Recomenda\u00e7\u00f5es<\/strong><\/p>\n<p>\u2013 Evite circular pela regi\u00e3o durante o per\u00edodo de interdi\u00e7\u00f5es, buscando antecipar seus deslocamentos<br \/>\u2013 Respeite a sinaliza\u00e7\u00e3o instalada e siga as orienta\u00e7\u00f5es dos agentes de tr\u00e2nsito<br \/>\u2013 Utilize o transporte p\u00fablico para os deslocamentos<\/p>\n<p>             <!-- Compartilhe ---><\/p>\n<p>\t\t\t <!-- TAGS --><\/p>\n<section class=\"category-tags\">\n<div class=\"marcacao-category\">\n<article class=\"category-post\">\n<p>Categoria: <\/p>\n<\/article>\n<li>4 de setembro de 2025<\/li><\/div>\n<article class=\"tags\">\n\t\t\t\t\tMarca\u00e7\u00f5es: CET-Rio Desfile C\u00edvico Militar Dia da Independ\u00eancia interdi\u00e7\u00f5es tr\u00e2nsito<br \/><\/article>\n<\/section>\n<p>            <!-- Mais Not&iacute;cias --><\/p>\n<p>\t\t<!-- Conte&uacute;do SIDEBAR --><\/p><\/div>\n","protected":false},"excerpt":{"rendered":"<p>A Avenida Presidente Vargas ter\u00e1 interdi\u00e7\u00f5es para o desfile do Dia da Independ\u00eancia &#8211; Fabio Motta\/Prefeitura do Rio A CET-Rio<\/p>\n","protected":false},"author":2,"featured_media":0,"comment_status":"","ping_status":"","sticky":false,"template":"","format":"standard","meta":{"colormag_page_container_layout":"default_layout","colormag_page_sidebar_layout":"default_layout","footnotes":""},"categories":[1],"tags":[],"class_list":["post-51748","post","type-post","status-publish","format-standard","hentry","category-ejornais"],"aioseo_notices":[],"amp_enabled":true,"_links":{"self":[{"href":"https:\/\/ejornais.com.br\/index.php\/wp-json\/wp\/v2\/posts\/51748","targetHints":{"allow":["GET"]}}],"collection":[{"href":"https:\/\/ejornais.com.br\/index.php\/wp-json\/wp\/v2\/posts"}],"about":[{"href":"https:\/\/ejornais.com.br\/index.php\/wp-json\/wp\/v2\/types\/post"}],"author":[{"embeddable":true,"href":"https:\/\/ejornais.com.br\/index.php\/wp-json\/wp\/v2\/users\/2"}],"replies":[{"embeddable":true,"href":"https:\/\/ejornais.com.br\/index.php\/wp-json\/wp\/v2\/comments?post=51748"}],"version-history":[{"count":0,"href":"https:\/\/ejornais.com.br\/index.php\/wp-json\/wp\/v2\/posts\/51748\/revisions"}],"wp:attachment":[{"href":"https:\/\/ejornais.com.br\/index.php\/wp-json\/wp\/v2\/media?parent=51748"}],"wp:term":[{"taxonomy":"category","embeddable":true,"href":"https:\/\/ejornais.com.br\/index.php\/wp-json\/wp\/v2\/categories?post=51748"},{"taxonomy":"post_tag","embeddable":true,"href":"https:\/\/ejornais.com.br\/index.php\/wp-json\/wp\/v2\/tags?post=51748"}],"curies":[{"name":"wp","href":"https:\/\/api.w.org\/{rel}","templated":true}]}}