{"id":51750,"date":"2025-09-04T16:12:42","date_gmt":"2025-09-04T19:12:42","guid":{"rendered":"https:\/\/ejornais.com.br\/index.php\/2025\/09\/04\/prefeitura-forma-agentes-para-atuarem-com-rapidez-e-tecnica-nas-ruas-da-capital-cgnoticias\/"},"modified":"2025-09-04T16:12:42","modified_gmt":"2025-09-04T19:12:42","slug":"prefeitura-forma-agentes-para-atuarem-com-rapidez-e-tecnica-nas-ruas-da-capital-cgnoticias","status":"publish","type":"post","link":"https:\/\/ejornais.com.br\/index.php\/2025\/09\/04\/prefeitura-forma-agentes-para-atuarem-com-rapidez-e-tecnica-nas-ruas-da-capital-cgnoticias\/","title":{"rendered":"Prefeitura forma agentes para atuarem com rapidez e t\u00e9cnica nas ruas da Capital \u2013 CGNot\u00edcias"},"content":{"rendered":"<p><\/p>\n<div>\n<p>A Prefeitura de Campo Grande, por meio da Guarda Civil Metropolitana (GCM), formou 12 servidores no Curso Especializado T\u00e1tico de A\u00e7\u00f5es com Motocicleta e Escolta (CETAME). A solenidade de entrega dos certificados ocorreu na noite desta quarta-feira (3), na quadra da Pra\u00e7a Multiuso do Jardim Noroeste, na Regi\u00e3o Urbana do Prosa.<\/p>\n<p>A capacita\u00e7\u00e3o tem como objetivo preparar os agentes para integrar o Grupamento Especializado de Motopatrulhamento (GEMOP), conhecido pela agilidade no atendimento a ocorr\u00eancias em \u00e1reas urbanas. Agora, os agentes da GCM est\u00e3o prontos para a\u00e7\u00f5es t\u00e1ticas com motocicletas, escoltas e ocorr\u00eancias de alto risco. Eles dever\u00e3o atuar com atuarem com rapidez e t\u00e9cnica nas ruas de Campo Grande.<\/p>\n<p>Segundo o secret\u00e1rio Especial de Seguran\u00e7a e Defesa Social, Anderson Gonzaga, a pasta tem priorizado a constante forma\u00e7\u00e3o dos servidores. \u201cCapacitar a Guarda Civil Metropolitana \u00e9 um dos nossos principais compromissos para oferecer \u00e0 sociedade um servi\u00e7o de excel\u00eancia. No passado, servidores atuavam sem o preparo adequado, o que colocava em risco at\u00e9 mesmo sua pr\u00f3pria integridade. Hoje, temos profissionais capacitados, com conhecimento t\u00e9cnico e preparados para atender a diversos tipos de demandas, como passeatas, carreatas e outras ocorr\u00eancias\u201d, afirmou.<\/p>\n<figure class=\"wp-block-image size-large\"><\/figure>\n<p>Ainda de acordo com Gonzaga, a forma\u00e7\u00e3o do CETAME contempla conte\u00fados jur\u00eddicos, t\u00e9cnicos e voltados aos direitos humanos, preparando os agentes para situa\u00e7\u00f5es de maior complexidade. O curso teve in\u00edcio com 33 participantes e, ao final, 12 foram aprovados com perfil adequado.<\/p>\n<p>Durante a cerim\u00f4nia, o inspetor Nogueira destacou a dedica\u00e7\u00e3o dos formandos, que cumpriram uma carga hor\u00e1ria de 400 horas. \u201cConcluir essa etapa comprova que a GCM conta com agentes corajosos, prontos para atuar em situa\u00e7\u00f5es adversas com efic\u00e1cia e profissionalismo. A sele\u00e7\u00e3o \u00e9 rigorosa e exige preparo f\u00edsico, psicol\u00f3gico e t\u00e9cnico. Para aprova\u00e7\u00e3o na parte pr\u00e1tica de motocicletas, por exemplo, a nota m\u00ednima \u00e9 7 em uma escala de 0 a 10\u201d, explicou.<\/p>\n<figure class=\"wp-block-image size-large\"><\/figure>\n<p>O orador da turma e formando, GCM Wilber Niza dos Santos, falou sobre o sentimento de conquista em sua trajet\u00f3ria profissional. \u201cConcluir um curso como este \u00e9 como vencer uma batalha. No primeiro dia, quando chegamos aqui, nossas ambi\u00e7\u00f5es tamb\u00e9m cresceram. Sab\u00edamos que seria dif\u00edcil \u2014 e realmente foi. Foram dias intensos, com treinamentos exigentes, mas conseguimos superar os desafios e alcan\u00e7ar a vit\u00f3ria. Estar com nossos familiares neste momento de evolu\u00e7\u00e3o \u00e9 uma felicidade imensa\u201d, declarou.<\/p>\n<figure class=\"wp-block-image size-large\"><\/figure>\n<p><strong>Estrutura e conte\u00fado do CETAME<\/strong><\/p>\n<p>A capacita\u00e7\u00e3o aborda uma s\u00e9rie de pr\u00e1ticas e conhecimentos espec\u00edficos, incluindo:<\/p>\n<p>T\u00e9cnicas de pilotagem e manobras com motocicletas;<\/p>\n<p>Gerenciamento de crises, defesa pessoal e atua\u00e7\u00e3o em ocorr\u00eancias de risco (como tentativas de suic\u00eddio);<\/p>\n<p>Instru\u00e7\u00f5es de CQB (Close Quarters Battle) para interven\u00e7\u00e3o em ambientes confinados;<\/p>\n<p>Forma\u00e7\u00e3o para escoltas especializadas, como deslocamento de autoridades, ambul\u00e2ncias e transporte de \u00f3rg\u00e3os;<\/p>\n<p>Testes de resist\u00eancia em ambiente aqu\u00e1tico, com etapas realizadas na Lagoa Itatiaia;<\/p>\n<p>Treinamentos focados na integra\u00e7\u00e3o e no trabalho em equipe, fundamentais para a atua\u00e7\u00e3o do grupamento.<\/p>\n<figure class=\"wp-block-image size-large\"><\/figure>\n<p><strong>Sede do GEMOP e amplia\u00e7\u00e3o da frota<\/strong><\/p>\n<p>Em maio de 2024, a Prefeitura inaugurou a sede pr\u00f3pria do Grupamento Especializado de Motopatrulhamento (GEMOP), localizada no bairro J\u00f3quei Clube, na Regi\u00e3o Urbana do Anhanduizinho. Criado oito meses antes da inaugura\u00e7\u00e3o, o GEMOP completa em 2025 dois anos de atua\u00e7\u00e3o.<\/p>\n<p>Com a nova estrutura, a equipe passou a oferecer um atendimento mais \u00e1gil e eficiente \u00e0 popula\u00e7\u00e3o. Atualmente, o grupamento conta com 37 servidores e 20 motocicletas, atuando principalmente em chamadas recebidas pelo canal 153.<\/p>\n<figure class=\"wp-block-image size-large\"><\/figure>\n<p>A sede foi reformada pelo setor de obras e manuten\u00e7\u00e3o da GCM, com recursos da Prefeitura e m\u00e3o de obra de oito guardas civis. As melhorias inclu\u00edram pintura interna e externa nas cores da corpora\u00e7\u00e3o, instala\u00e7\u00e3o de placa de identifica\u00e7\u00e3o, reparos na rede de esgoto, troca de l\u00e2mpadas e adequa\u00e7\u00f5es no alojamento, com camas, cadeiras, mesas para recep\u00e7\u00e3o e outros m\u00f3veis pertencentes \u00e0 institui\u00e7\u00e3o.<\/p>\n<p>J\u00e1 em abril de 2025, a GCM recebeu o refor\u00e7o de 14 novas motocicletas 0 km, modelo BMW 850 cilindradas. Do total, 12 foram destinadas ao GEMOP e duas ao setor de Tr\u00e2nsito. A nova frota proporciona mais mobilidade e seguran\u00e7a no atendimento \u00e0s demandas urbanas, al\u00e9m de fortalecer a fiscaliza\u00e7\u00e3o e a atua\u00e7\u00e3o da Guarda em toda a Capital.<\/p>\n<figure class=\"wp-block-image size-large\"><\/figure>\n<p>#<em>ParaTodosVerem As imagens mostram a solenidade de formatura do curso, entregas de certificados e discursos dos participantes.<\/em><\/p>\n<\/div>\n<p><script async defer async defer src=\"https:\/\/connect.facebook.net\/en_US\/sdk.js?ver=1#xfbml=1&amp;version=v3.2\" id=\"prefeitura-campogrande-script-facebook-sdk-js\"><\/script><\/p>\n","protected":false},"excerpt":{"rendered":"<p>A Prefeitura de Campo Grande, por meio da Guarda Civil Metropolitana (GCM), formou 12 servidores no Curso Especializado T\u00e1tico de<\/p>\n","protected":false},"author":2,"featured_media":0,"comment_status":"","ping_status":"","sticky":false,"template":"","format":"standard","meta":{"colormag_page_container_layout":"default_layout","colormag_page_sidebar_layout":"default_layout","footnotes":""},"categories":[1],"tags":[],"class_list":["post-51750","post","type-post","status-publish","format-standard","hentry","category-ejornais"],"aioseo_notices":[],"amp_enabled":true,"_links":{"self":[{"href":"https:\/\/ejornais.com.br\/index.php\/wp-json\/wp\/v2\/posts\/51750","targetHints":{"allow":["GET"]}}],"collection":[{"href":"https:\/\/ejornais.com.br\/index.php\/wp-json\/wp\/v2\/posts"}],"about":[{"href":"https:\/\/ejornais.com.br\/index.php\/wp-json\/wp\/v2\/types\/post"}],"author":[{"embeddable":true,"href":"https:\/\/ejornais.com.br\/index.php\/wp-json\/wp\/v2\/users\/2"}],"replies":[{"embeddable":true,"href":"https:\/\/ejornais.com.br\/index.php\/wp-json\/wp\/v2\/comments?post=51750"}],"version-history":[{"count":0,"href":"https:\/\/ejornais.com.br\/index.php\/wp-json\/wp\/v2\/posts\/51750\/revisions"}],"wp:attachment":[{"href":"https:\/\/ejornais.com.br\/index.php\/wp-json\/wp\/v2\/media?parent=51750"}],"wp:term":[{"taxonomy":"category","embeddable":true,"href":"https:\/\/ejornais.com.br\/index.php\/wp-json\/wp\/v2\/categories?post=51750"},{"taxonomy":"post_tag","embeddable":true,"href":"https:\/\/ejornais.com.br\/index.php\/wp-json\/wp\/v2\/tags?post=51750"}],"curies":[{"name":"wp","href":"https:\/\/api.w.org\/{rel}","templated":true}]}}