{"id":51766,"date":"2025-09-04T20:27:38","date_gmt":"2025-09-04T23:27:38","guid":{"rendered":"https:\/\/ejornais.com.br\/index.php\/2025\/09\/04\/o-conselho-municipal-de-turismo-de-guaratingueta-comtur-convida-para-a-reuniao-ordinaria-do-mes-de-setembro\/"},"modified":"2025-09-04T20:27:38","modified_gmt":"2025-09-04T23:27:38","slug":"o-conselho-municipal-de-turismo-de-guaratingueta-comtur-convida-para-a-reuniao-ordinaria-do-mes-de-setembro","status":"publish","type":"post","link":"https:\/\/ejornais.com.br\/index.php\/2025\/09\/04\/o-conselho-municipal-de-turismo-de-guaratingueta-comtur-convida-para-a-reuniao-ordinaria-do-mes-de-setembro\/","title":{"rendered":"O Conselho Municipal de Turismo de Guaratinguet\u00e1 (COMTUR) convida para a Reuni\u00e3o Ordin\u00e1ria do m\u00eas de Setembro"},"content":{"rendered":"<p><\/p>\n<div>\n<p>O Conselho Municipal de Turismo de Guaratinguet\u00e1 (COMTUR) convida para a Reuni\u00e3o Ordin\u00e1ria do m\u00eas de Setembro<\/p>\n<p>\ud83d\udcc5 Data: 09 de Setembro (ter\u00e7a-feira)<br \/>\ud83d\udd55 Hor\u00e1rio: Primeira Chamada \u2013 18h15<br \/>Segunda Chamada \u2013 18:30<br \/>\ud83d\udccd Local: Santu\u00e1rio de Frei Galv\u00e3o, Avenida Jos\u00e9 Pereira da Cruz, n\u00ba 53, Jardim do Vale.<\/p>\n<p>Participe! acompanhe as a\u00e7\u00f5es e decis\u00f5es importantes para o desenvolvimento do turismo em nossa cidade.<\/p>\n<\/p><\/div>\n","protected":false},"excerpt":{"rendered":"<p>O Conselho Municipal de Turismo de Guaratinguet\u00e1 (COMTUR) convida para a Reuni\u00e3o Ordin\u00e1ria do m\u00eas de Setembro \ud83d\udcc5 Data: 09<\/p>\n","protected":false},"author":2,"featured_media":0,"comment_status":"","ping_status":"","sticky":false,"template":"","format":"standard","meta":{"colormag_page_container_layout":"default_layout","colormag_page_sidebar_layout":"default_layout","footnotes":""},"categories":[1],"tags":[],"class_list":["post-51766","post","type-post","status-publish","format-standard","hentry","category-ejornais"],"aioseo_notices":[],"amp_enabled":true,"_links":{"self":[{"href":"https:\/\/ejornais.com.br\/index.php\/wp-json\/wp\/v2\/posts\/51766","targetHints":{"allow":["GET"]}}],"collection":[{"href":"https:\/\/ejornais.com.br\/index.php\/wp-json\/wp\/v2\/posts"}],"about":[{"href":"https:\/\/ejornais.com.br\/index.php\/wp-json\/wp\/v2\/types\/post"}],"author":[{"embeddable":true,"href":"https:\/\/ejornais.com.br\/index.php\/wp-json\/wp\/v2\/users\/2"}],"replies":[{"embeddable":true,"href":"https:\/\/ejornais.com.br\/index.php\/wp-json\/wp\/v2\/comments?post=51766"}],"version-history":[{"count":0,"href":"https:\/\/ejornais.com.br\/index.php\/wp-json\/wp\/v2\/posts\/51766\/revisions"}],"wp:attachment":[{"href":"https:\/\/ejornais.com.br\/index.php\/wp-json\/wp\/v2\/media?parent=51766"}],"wp:term":[{"taxonomy":"category","embeddable":true,"href":"https:\/\/ejornais.com.br\/index.php\/wp-json\/wp\/v2\/categories?post=51766"},{"taxonomy":"post_tag","embeddable":true,"href":"https:\/\/ejornais.com.br\/index.php\/wp-json\/wp\/v2\/tags?post=51766"}],"curies":[{"name":"wp","href":"https:\/\/api.w.org\/{rel}","templated":true}]}}