{"id":51827,"date":"2025-09-05T18:41:39","date_gmt":"2025-09-05T21:41:39","guid":{"rendered":"https:\/\/ejornais.com.br\/index.php\/2025\/09\/05\/moraes-abre-prazo-para-alegacoes-do-nucleo-2-dos-atos-golpistas\/"},"modified":"2025-09-05T18:41:39","modified_gmt":"2025-09-05T21:41:39","slug":"moraes-abre-prazo-para-alegacoes-do-nucleo-2-dos-atos-golpistas","status":"publish","type":"post","link":"https:\/\/ejornais.com.br\/index.php\/2025\/09\/05\/moraes-abre-prazo-para-alegacoes-do-nucleo-2-dos-atos-golpistas\/","title":{"rendered":"Moraes abre prazo para alega\u00e7\u00f5es do N\u00facleo 2 dos atos golpistas"},"content":{"rendered":"<p> Por MRNews<br \/>\n<\/p>\n<div id=\"the-post\">\n<p>\t\t<!-- .share-buttons \/--><\/p>\n<div class=\"entry-content entry clearfix\" wp_automatic_readability=\"25.608056872038\">\n<p>Por EBC, <\/p>\n<div wp_automatic_readability=\"25.895465026902\">\n<p>O ministro Alexandre de Moraes, do Supremo Tribunal Federal (STF), abriu nesta sexta-feira (5) prazo de 15 dias para a Procuradoria-Geral da Rep\u00fablica (PGR) e as defesas dos r\u00e9us do N\u00facleo 2 da trama golpista apresentarem suas alega\u00e7\u00f5es finais.<\/p>\n<p><strong>O grupo \u00e9 acusado pela PGR de organizar a\u00e7\u00f5es para sustentar a tentativa de perman\u00eancia ileg\u00edtima do ex-presidente Jair Bolsonaro no poder, em 2022.<\/strong>\u00a0<\/p>\n<p>Pela decis\u00e3o, a procuradoria ser\u00e1 a primeira a entregar as alega\u00e7\u00f5es. Em seguida, o mesmo prazo dever\u00e1 ser cumprido pelos advogados dos r\u00e9us.<\/p>\n<p><strong><a href=\"https:\/\/mrnews.com.br\/index.php\/2025\/09\/05\/stf-tera-sessao-extra-para-continuidade-de-julgamento-de-bolsonaro\/\">STF ter\u00e1 sess\u00e3o extra para continuidade de julgamento de Bolsonaro<\/a><\/strong><\/p>\n<p><strong><a href=\"https:\/\/mrnews.com.br\/index.php\/2025\/09\/05\/manipulacao-eleitoral-ganha-forca-nos-eua-com-pressao-de-trump\/\">\u201cManipula\u00e7\u00e3o eleitoral\u201d ganha for\u00e7a nos EUA com press\u00e3o de Trump<\/a><\/strong><\/p>\n<p>S\u00e3o r\u00e9us do n\u00facleo 2:\u00a0\u00a0<\/p>\n<ul>\n<li>Filipe Martins (ex-assessor de assuntos internacionais de Bolsonaro);<\/li>\n<li>Marcelo C\u00e2mara (ex-assessor de Bolsonaro);<\/li>\n<li>Silvinei Vasques (ex-diretor da Pol\u00edcia Rodovi\u00e1ria Federal);<\/li>\n<li>M\u00e1rio Fernandes (general do Ex\u00e9rcito);<\/li>\n<li>Mar\u00edlia de Alencar (ex-subsecret\u00e1ria de Seguran\u00e7a do Distrito Federal);<\/li>\n<li>Fernando de Sousa Oliveira (ex-secret\u00e1rio-adjunto da Secretaria de Seguran\u00e7a do Distrito Federal).\u00a0<\/li>\n<\/ul>\n<p><strong>As alega\u00e7\u00f5es fazem parte da \u00faltima fase antes do julgamento dos acusados, que deve ocorrer ainda neste ano na Primeira Turma da Corte.<\/strong><\/p>\n<\/div>\n<p><strong><a href=\"https:\/\/mrnews.com.br\/index.php\/2025\/09\/05\/resultado-do-sorteio-lotomania-2819-de-hoje-sexta-05-09\/\">RESULTADO DO SORTEIO LOTOMANIA 2819 DE HOJE SEXTA (05\/09)<\/a><\/strong><\/p>\n<p><strong><a href=\"https:\/\/mrnews.com.br\/index.php\/2025\/09\/05\/resultado-do-sorteio-quina-6819-de-hoje-sexta-05-09\/\">RESULTADO DO SORTEIO QUINA 6819 DE HOJE SEXTA (05\/09)<\/a><\/strong><\/p>\n<p><!-- CONTENT END 3 --><\/p><\/div>\n<p><!-- .entry-content \/--><\/p>\n<p>\t\t<!-- .share-buttons \/--><\/p><\/div>\n","protected":false},"excerpt":{"rendered":"<p>Por MRNews Por EBC, O ministro Alexandre de Moraes, do Supremo Tribunal Federal (STF), abriu nesta sexta-feira (5) prazo de<\/p>\n","protected":false},"author":2,"featured_media":0,"comment_status":"","ping_status":"","sticky":false,"template":"","format":"standard","meta":{"colormag_page_container_layout":"default_layout","colormag_page_sidebar_layout":"default_layout","footnotes":""},"categories":[1],"tags":[],"class_list":["post-51827","post","type-post","status-publish","format-standard","hentry","category-ejornais"],"aioseo_notices":[],"aioseo_head":"\n\t\t<!-- All in One SEO 5.0.1.1 - aioseo.com -->\n\t<meta name=\"description\" content=\"Por MRNews Por EBC, O ministro Alexandre de Moraes, do Supremo Tribunal Federal (STF), abriu nesta sexta-feira (5) prazo de 15 dias para a Procuradoria-Geral da Rep\u00fablica (PGR) e as defesas dos r\u00e9us do N\u00facleo 2 da trama golpista apresentarem suas alega\u00e7\u00f5es finais. O grupo \u00e9 acusado pela PGR de organizar a\u00e7\u00f5es para sustentar a\" \/>\n\t<meta name=\"robots\" content=\"max-image-preview:large\" \/>\n\t<meta name=\"author\" content=\"admin1\"\/>\n\t<link rel=\"canonical\" href=\"https:\/\/ejornais.com.br\/index.php\/2025\/09\/05\/moraes-abre-prazo-para-alegacoes-do-nucleo-2-dos-atos-golpistas\/\" \/>\n\t<meta name=\"generator\" content=\"All in One SEO (AIOSEO) 5.0.1.1\" \/>\n\t\t<meta property=\"og:locale\" content=\"pt_BR\" \/>\n\t\t<meta property=\"og:site_name\" content=\"eJornais - Cat\u00e1logo de Jornais no mundo, Not\u00edcias, Blog e Esportes ao vivo\" \/>\n\t\t<meta property=\"og:type\" content=\"article\" \/>\n\t\t<meta property=\"og:title\" content=\"Moraes abre prazo para alega\u00e7\u00f5es do N\u00facleo 2 dos atos golpistas - eJornais\" \/>\n\t\t<meta property=\"og:description\" content=\"Por MRNews Por EBC, O ministro Alexandre de Moraes, do Supremo Tribunal Federal (STF), abriu nesta sexta-feira (5) prazo de 15 dias para a Procuradoria-Geral da Rep\u00fablica (PGR) e as defesas dos r\u00e9us do N\u00facleo 2 da trama golpista apresentarem suas alega\u00e7\u00f5es finais. O grupo \u00e9 acusado pela PGR de organizar a\u00e7\u00f5es para sustentar a\" \/>\n\t\t<meta property=\"og:url\" content=\"https:\/\/ejornais.com.br\/index.php\/2025\/09\/05\/moraes-abre-prazo-para-alegacoes-do-nucleo-2-dos-atos-golpistas\/\" \/>\n\t\t<meta property=\"article:published_time\" content=\"2025-09-05T21:41:39+00:00\" \/>\n\t\t<meta property=\"article:modified_time\" content=\"2025-09-05T21:41:39+00:00\" \/>\n\t\t<meta name=\"twitter:card\" content=\"summary_large_image\" \/>\n\t\t<meta name=\"twitter:title\" content=\"Moraes abre prazo para alega\u00e7\u00f5es do N\u00facleo 2 dos atos golpistas - eJornais\" \/>\n\t\t<meta name=\"twitter:description\" content=\"Por MRNews Por EBC, O ministro Alexandre de Moraes, do Supremo Tribunal Federal (STF), abriu nesta sexta-feira (5) prazo de 15 dias para a Procuradoria-Geral da Rep\u00fablica (PGR) e as defesas dos r\u00e9us do N\u00facleo 2 da trama golpista apresentarem suas alega\u00e7\u00f5es finais. O grupo \u00e9 acusado pela PGR de organizar a\u00e7\u00f5es para sustentar a\" \/>\n\t\t<script type=\"application\/ld+json\" class=\"aioseo-schema\">\n\t\t\t{\"@context\":\"https:\\\/\\\/schema.org\",\"@graph\":[{\"@type\":\"BlogPosting\",\"@id\":\"https:\\\/\\\/ejornais.com.br\\\/index.php\\\/2025\\\/09\\\/05\\\/moraes-abre-prazo-para-alegacoes-do-nucleo-2-dos-atos-golpistas\\\/#blogposting\",\"name\":\"Moraes abre prazo para alega\\u00e7\\u00f5es do N\\u00facleo 2 dos atos golpistas - eJornais\",\"headline\":\"Moraes abre prazo para alega\\u00e7\\u00f5es do N\\u00facleo 2 dos atos golpistas\",\"author\":{\"@id\":\"https:\\\/\\\/ejornais.com.br\\\/index.php\\\/author\\\/admin1\\\/#author\"},\"publisher\":{\"@id\":\"https:\\\/\\\/ejornais.com.br\\\/#organization\"},\"datePublished\":\"2025-09-05T18:41:39-03:00\",\"dateModified\":\"2025-09-05T18:41:39-03:00\",\"inLanguage\":\"pt-BR\",\"mainEntityOfPage\":{\"@id\":\"https:\\\/\\\/ejornais.com.br\\\/index.php\\\/2025\\\/09\\\/05\\\/moraes-abre-prazo-para-alegacoes-do-nucleo-2-dos-atos-golpistas\\\/#webpage\"},\"isPartOf\":{\"@id\":\"https:\\\/\\\/ejornais.com.br\\\/index.php\\\/2025\\\/09\\\/05\\\/moraes-abre-prazo-para-alegacoes-do-nucleo-2-dos-atos-golpistas\\\/#webpage\"},\"articleSection\":\"Cat\\u00e1logo de Jornais\"},{\"@type\":\"BreadcrumbList\",\"@id\":\"https:\\\/\\\/ejornais.com.br\\\/index.php\\\/2025\\\/09\\\/05\\\/moraes-abre-prazo-para-alegacoes-do-nucleo-2-dos-atos-golpistas\\\/#breadcrumblist\",\"itemListElement\":[{\"@type\":\"ListItem\",\"@id\":\"https:\\\/\\\/ejornais.com.br#listItem\",\"position\":1,\"name\":\"In\\u00edcio\",\"item\":\"https:\\\/\\\/ejornais.com.br\",\"nextItem\":{\"@type\":\"ListItem\",\"@id\":\"https:\\\/\\\/ejornais.com.br\\\/index.php\\\/category\\\/ejornais\\\/#listItem\",\"name\":\"Cat\\u00e1logo de Jornais\"}},{\"@type\":\"ListItem\",\"@id\":\"https:\\\/\\\/ejornais.com.br\\\/index.php\\\/category\\\/ejornais\\\/#listItem\",\"position\":2,\"name\":\"Cat\\u00e1logo de Jornais\",\"item\":\"https:\\\/\\\/ejornais.com.br\\\/index.php\\\/category\\\/ejornais\\\/\",\"nextItem\":{\"@type\":\"ListItem\",\"@id\":\"https:\\\/\\\/ejornais.com.br\\\/index.php\\\/2025\\\/09\\\/05\\\/moraes-abre-prazo-para-alegacoes-do-nucleo-2-dos-atos-golpistas\\\/#listItem\",\"name\":\"Moraes abre prazo para alega\\u00e7\\u00f5es do N\\u00facleo 2 dos atos golpistas\"},\"previousItem\":{\"@type\":\"ListItem\",\"@id\":\"https:\\\/\\\/ejornais.com.br#listItem\",\"name\":\"In\\u00edcio\"}},{\"@type\":\"ListItem\",\"@id\":\"https:\\\/\\\/ejornais.com.br\\\/index.php\\\/2025\\\/09\\\/05\\\/moraes-abre-prazo-para-alegacoes-do-nucleo-2-dos-atos-golpistas\\\/#listItem\",\"position\":3,\"name\":\"Moraes abre prazo para alega\\u00e7\\u00f5es do N\\u00facleo 2 dos atos golpistas\",\"previousItem\":{\"@type\":\"ListItem\",\"@id\":\"https:\\\/\\\/ejornais.com.br\\\/index.php\\\/category\\\/ejornais\\\/#listItem\",\"name\":\"Cat\\u00e1logo de Jornais\"}}]},{\"@type\":\"Organization\",\"@id\":\"https:\\\/\\\/ejornais.com.br\\\/#organization\",\"name\":\"eJornais\",\"description\":\"Cat\\u00e1logo de Jornais no mundo, Not\\u00edcias, Blog e Esportes ao vivo\",\"url\":\"https:\\\/\\\/ejornais.com.br\\\/\"},{\"@type\":\"Person\",\"@id\":\"https:\\\/\\\/ejornais.com.br\\\/index.php\\\/author\\\/admin1\\\/#author\",\"url\":\"https:\\\/\\\/ejornais.com.br\\\/index.php\\\/author\\\/admin1\\\/\",\"name\":\"admin1\",\"image\":{\"@type\":\"ImageObject\",\"@id\":\"https:\\\/\\\/ejornais.com.br\\\/index.php\\\/2025\\\/09\\\/05\\\/moraes-abre-prazo-para-alegacoes-do-nucleo-2-dos-atos-golpistas\\\/#authorImage\",\"url\":\"https:\\\/\\\/secure.gravatar.com\\\/avatar\\\/04084e6d73c042b8646e7c17b494073bf0ede3ea13c7105cfc45cbbbc28385a4?s=96&d=mm&r=g\",\"width\":96,\"height\":96,\"caption\":\"admin1\"}},{\"@type\":\"WebPage\",\"@id\":\"https:\\\/\\\/ejornais.com.br\\\/index.php\\\/2025\\\/09\\\/05\\\/moraes-abre-prazo-para-alegacoes-do-nucleo-2-dos-atos-golpistas\\\/#webpage\",\"url\":\"https:\\\/\\\/ejornais.com.br\\\/index.php\\\/2025\\\/09\\\/05\\\/moraes-abre-prazo-para-alegacoes-do-nucleo-2-dos-atos-golpistas\\\/\",\"name\":\"Moraes abre prazo para alega\\u00e7\\u00f5es do N\\u00facleo 2 dos atos golpistas - eJornais\",\"description\":\"Por MRNews Por EBC, O ministro Alexandre de Moraes, do Supremo Tribunal Federal (STF), abriu nesta sexta-feira (5) prazo de 15 dias para a Procuradoria-Geral da Rep\\u00fablica (PGR) e as defesas dos r\\u00e9us do N\\u00facleo 2 da trama golpista apresentarem suas alega\\u00e7\\u00f5es finais. O grupo \\u00e9 acusado pela PGR de organizar a\\u00e7\\u00f5es para sustentar a\",\"inLanguage\":\"pt-BR\",\"isPartOf\":{\"@id\":\"https:\\\/\\\/ejornais.com.br\\\/#website\"},\"breadcrumb\":{\"@id\":\"https:\\\/\\\/ejornais.com.br\\\/index.php\\\/2025\\\/09\\\/05\\\/moraes-abre-prazo-para-alegacoes-do-nucleo-2-dos-atos-golpistas\\\/#breadcrumblist\"},\"author\":{\"@id\":\"https:\\\/\\\/ejornais.com.br\\\/index.php\\\/author\\\/admin1\\\/#author\"},\"creator\":{\"@id\":\"https:\\\/\\\/ejornais.com.br\\\/index.php\\\/author\\\/admin1\\\/#author\"},\"datePublished\":\"2025-09-05T18:41:39-03:00\",\"dateModified\":\"2025-09-05T18:41:39-03:00\"},{\"@type\":\"WebSite\",\"@id\":\"https:\\\/\\\/ejornais.com.br\\\/#website\",\"url\":\"https:\\\/\\\/ejornais.com.br\\\/\",\"name\":\"eJornais\",\"description\":\"Cat\\u00e1logo de Jornais no mundo, Not\\u00edcias, Blog e Esportes ao vivo\",\"inLanguage\":\"pt-BR\",\"publisher\":{\"@id\":\"https:\\\/\\\/ejornais.com.br\\\/#organization\"}}]}\n\t\t<\/script>\n\t\t<!-- All in One SEO -->\n\n","aioseo_head_json":{"title":"Moraes abre prazo para alega\u00e7\u00f5es do N\u00facleo 2 dos atos golpistas - eJornais","description":"Por MRNews Por EBC, O ministro Alexandre de Moraes, do Supremo Tribunal Federal (STF), abriu nesta sexta-feira (5) prazo de 15 dias para a Procuradoria-Geral da Rep\u00fablica (PGR) e as defesas dos r\u00e9us do N\u00facleo 2 da trama golpista apresentarem suas alega\u00e7\u00f5es finais. O grupo \u00e9 acusado pela PGR de organizar a\u00e7\u00f5es para sustentar a","canonical_url":"https:\/\/ejornais.com.br\/index.php\/2025\/09\/05\/moraes-abre-prazo-para-alegacoes-do-nucleo-2-dos-atos-golpistas\/","robots":"max-image-preview:large","keywords":"","webmasterTools":{"miscellaneous":""},"schema":{"@context":"https:\/\/schema.org","@graph":[{"@type":"BlogPosting","@id":"https:\/\/ejornais.com.br\/index.php\/2025\/09\/05\/moraes-abre-prazo-para-alegacoes-do-nucleo-2-dos-atos-golpistas\/#blogposting","name":"Moraes abre prazo para alega\u00e7\u00f5es do N\u00facleo 2 dos atos golpistas - eJornais","headline":"Moraes abre prazo para alega\u00e7\u00f5es do N\u00facleo 2 dos atos golpistas","author":{"@id":"https:\/\/ejornais.com.br\/index.php\/author\/admin1\/#author"},"publisher":{"@id":"https:\/\/ejornais.com.br\/#organization"},"datePublished":"2025-09-05T18:41:39-03:00","dateModified":"2025-09-05T18:41:39-03:00","inLanguage":"pt-BR","mainEntityOfPage":{"@id":"https:\/\/ejornais.com.br\/index.php\/2025\/09\/05\/moraes-abre-prazo-para-alegacoes-do-nucleo-2-dos-atos-golpistas\/#webpage"},"isPartOf":{"@id":"https:\/\/ejornais.com.br\/index.php\/2025\/09\/05\/moraes-abre-prazo-para-alegacoes-do-nucleo-2-dos-atos-golpistas\/#webpage"},"articleSection":"Cat\u00e1logo de Jornais"},{"@type":"BreadcrumbList","@id":"https:\/\/ejornais.com.br\/index.php\/2025\/09\/05\/moraes-abre-prazo-para-alegacoes-do-nucleo-2-dos-atos-golpistas\/#breadcrumblist","itemListElement":[{"@type":"ListItem","@id":"https:\/\/ejornais.com.br#listItem","position":1,"name":"In\u00edcio","item":"https:\/\/ejornais.com.br","nextItem":{"@type":"ListItem","@id":"https:\/\/ejornais.com.br\/index.php\/category\/ejornais\/#listItem","name":"Cat\u00e1logo de Jornais"}},{"@type":"ListItem","@id":"https:\/\/ejornais.com.br\/index.php\/category\/ejornais\/#listItem","position":2,"name":"Cat\u00e1logo de Jornais","item":"https:\/\/ejornais.com.br\/index.php\/category\/ejornais\/","nextItem":{"@type":"ListItem","@id":"https:\/\/ejornais.com.br\/index.php\/2025\/09\/05\/moraes-abre-prazo-para-alegacoes-do-nucleo-2-dos-atos-golpistas\/#listItem","name":"Moraes abre prazo para alega\u00e7\u00f5es do N\u00facleo 2 dos atos golpistas"},"previousItem":{"@type":"ListItem","@id":"https:\/\/ejornais.com.br#listItem","name":"In\u00edcio"}},{"@type":"ListItem","@id":"https:\/\/ejornais.com.br\/index.php\/2025\/09\/05\/moraes-abre-prazo-para-alegacoes-do-nucleo-2-dos-atos-golpistas\/#listItem","position":3,"name":"Moraes abre prazo para alega\u00e7\u00f5es do N\u00facleo 2 dos atos golpistas","previousItem":{"@type":"ListItem","@id":"https:\/\/ejornais.com.br\/index.php\/category\/ejornais\/#listItem","name":"Cat\u00e1logo de Jornais"}}]},{"@type":"Organization","@id":"https:\/\/ejornais.com.br\/#organization","name":"eJornais","description":"Cat\u00e1logo de Jornais no mundo, Not\u00edcias, Blog e Esportes ao vivo","url":"https:\/\/ejornais.com.br\/"},{"@type":"Person","@id":"https:\/\/ejornais.com.br\/index.php\/author\/admin1\/#author","url":"https:\/\/ejornais.com.br\/index.php\/author\/admin1\/","name":"admin1","image":{"@type":"ImageObject","@id":"https:\/\/ejornais.com.br\/index.php\/2025\/09\/05\/moraes-abre-prazo-para-alegacoes-do-nucleo-2-dos-atos-golpistas\/#authorImage","url":"https:\/\/secure.gravatar.com\/avatar\/04084e6d73c042b8646e7c17b494073bf0ede3ea13c7105cfc45cbbbc28385a4?s=96&d=mm&r=g","width":96,"height":96,"caption":"admin1"}},{"@type":"WebPage","@id":"https:\/\/ejornais.com.br\/index.php\/2025\/09\/05\/moraes-abre-prazo-para-alegacoes-do-nucleo-2-dos-atos-golpistas\/#webpage","url":"https:\/\/ejornais.com.br\/index.php\/2025\/09\/05\/moraes-abre-prazo-para-alegacoes-do-nucleo-2-dos-atos-golpistas\/","name":"Moraes abre prazo para alega\u00e7\u00f5es do N\u00facleo 2 dos atos golpistas - eJornais","description":"Por MRNews Por EBC, O ministro Alexandre de Moraes, do Supremo Tribunal Federal (STF), abriu nesta sexta-feira (5) prazo de 15 dias para a Procuradoria-Geral da Rep\u00fablica (PGR) e as defesas dos r\u00e9us do N\u00facleo 2 da trama golpista apresentarem suas alega\u00e7\u00f5es finais. O grupo \u00e9 acusado pela PGR de organizar a\u00e7\u00f5es para sustentar a","inLanguage":"pt-BR","isPartOf":{"@id":"https:\/\/ejornais.com.br\/#website"},"breadcrumb":{"@id":"https:\/\/ejornais.com.br\/index.php\/2025\/09\/05\/moraes-abre-prazo-para-alegacoes-do-nucleo-2-dos-atos-golpistas\/#breadcrumblist"},"author":{"@id":"https:\/\/ejornais.com.br\/index.php\/author\/admin1\/#author"},"creator":{"@id":"https:\/\/ejornais.com.br\/index.php\/author\/admin1\/#author"},"datePublished":"2025-09-05T18:41:39-03:00","dateModified":"2025-09-05T18:41:39-03:00"},{"@type":"WebSite","@id":"https:\/\/ejornais.com.br\/#website","url":"https:\/\/ejornais.com.br\/","name":"eJornais","description":"Cat\u00e1logo de Jornais no mundo, Not\u00edcias, Blog e Esportes ao vivo","inLanguage":"pt-BR","publisher":{"@id":"https:\/\/ejornais.com.br\/#organization"}}]},"og:locale":"pt_BR","og:site_name":"eJornais - Cat\u00e1logo de Jornais no mundo, Not\u00edcias, Blog e Esportes ao vivo","og:type":"article","og:title":"Moraes abre prazo para alega\u00e7\u00f5es do N\u00facleo 2 dos atos golpistas - eJornais","og:description":"Por MRNews Por EBC, O ministro Alexandre de Moraes, do Supremo Tribunal Federal (STF), abriu nesta sexta-feira (5) prazo de 15 dias para a Procuradoria-Geral da Rep\u00fablica (PGR) e as defesas dos r\u00e9us do N\u00facleo 2 da trama golpista apresentarem suas alega\u00e7\u00f5es finais. O grupo \u00e9 acusado pela PGR de organizar a\u00e7\u00f5es para sustentar a","og:url":"https:\/\/ejornais.com.br\/index.php\/2025\/09\/05\/moraes-abre-prazo-para-alegacoes-do-nucleo-2-dos-atos-golpistas\/","article:published_time":"2025-09-05T21:41:39+00:00","article:modified_time":"2025-09-05T21:41:39+00:00","twitter:card":"summary_large_image","twitter:title":"Moraes abre prazo para alega\u00e7\u00f5es do N\u00facleo 2 dos atos golpistas - eJornais","twitter:description":"Por MRNews Por EBC, O ministro Alexandre de Moraes, do Supremo Tribunal Federal (STF), abriu nesta sexta-feira (5) prazo de 15 dias para a Procuradoria-Geral da Rep\u00fablica (PGR) e as defesas dos r\u00e9us do N\u00facleo 2 da trama golpista apresentarem suas alega\u00e7\u00f5es finais. O grupo \u00e9 acusado pela PGR de organizar a\u00e7\u00f5es para sustentar a"},"aioseo_meta_data":{"post_id":"51827","title":null,"description":null,"keywords":null,"keyphrases":null,"primary_term":null,"canonical_url":null,"og_title":null,"og_description":null,"og_object_type":"default","og_image_type":"default","og_image_url":null,"og_image_width":null,"og_image_height":null,"og_image_custom_url":null,"og_image_custom_fields":null,"og_video":null,"og_custom_url":null,"og_article_section":null,"og_article_tags":null,"twitter_use_og":false,"twitter_card":"default","twitter_image_type":"default","twitter_image_url":null,"twitter_image_custom_url":null,"twitter_image_custom_fields":null,"twitter_title":null,"twitter_description":null,"schema":{"blockGraphs":[],"customGraphs":[],"default":{"data":{"Article":[],"Course":[],"Dataset":[],"FAQPage":[],"Movie":[],"Person":[],"Product":[],"ProductReview":[],"Car":[],"Recipe":[],"Service":[],"SoftwareApplication":[],"WebPage":[]},"graphName":"","isEnabled":true},"graphs":[]},"schema_type":"default","schema_type_options":null,"pillar_content":false,"robots_default":true,"robots_noindex":false,"robots_noarchive":false,"robots_nosnippet":false,"robots_nofollow":false,"robots_noimageindex":false,"robots_noodp":false,"robots_notranslate":false,"robots_max_snippet":null,"robots_max_videopreview":null,"robots_max_imagepreview":"large","priority":null,"frequency":null,"local_seo":null,"breadcrumb_settings":null,"limit_modified_date":false,"ai":null,"created":"2025-09-05 21:48:32","updated":"2025-09-05 21:48:32","seo_analyzer_scan_date":null,"focus_keyword":null,"additional_keywords":null,"truseo_locale":null},"aioseo_breadcrumb":"<div class=\"aioseo-breadcrumbs\"><span class=\"aioseo-breadcrumb\">\n\t\t\t<a href=\"https:\/\/ejornais.com.br\" title=\"In\u00edcio\">In\u00edcio<\/a>\n\t\t<\/span><span class=\"aioseo-breadcrumb-separator\">&raquo;<\/span><span class=\"aioseo-breadcrumb\">\n\t\t\t<a href=\"https:\/\/ejornais.com.br\/index.php\/category\/ejornais\/\" title=\"Cat\u00e1logo de Jornais\">Cat\u00e1logo de Jornais<\/a>\n\t\t<\/span><span class=\"aioseo-breadcrumb-separator\">&raquo;<\/span><span class=\"aioseo-breadcrumb\">\n\t\t\tMoraes abre prazo para alega\u00e7\u00f5es do N\u00facleo 2 dos atos golpistas\n\t\t<\/span><\/div>","aioseo_breadcrumb_json":[{"label":"In\u00edcio","link":"https:\/\/ejornais.com.br"},{"label":"Cat\u00e1logo de Jornais","link":"https:\/\/ejornais.com.br\/index.php\/category\/ejornais\/"},{"label":"Moraes abre prazo para alega\u00e7\u00f5es do N\u00facleo 2 dos atos golpistas","link":"https:\/\/ejornais.com.br\/index.php\/2025\/09\/05\/moraes-abre-prazo-para-alegacoes-do-nucleo-2-dos-atos-golpistas\/"}],"amp_enabled":true,"_links":{"self":[{"href":"https:\/\/ejornais.com.br\/index.php\/wp-json\/wp\/v2\/posts\/51827","targetHints":{"allow":["GET"]}}],"collection":[{"href":"https:\/\/ejornais.com.br\/index.php\/wp-json\/wp\/v2\/posts"}],"about":[{"href":"https:\/\/ejornais.com.br\/index.php\/wp-json\/wp\/v2\/types\/post"}],"author":[{"embeddable":true,"href":"https:\/\/ejornais.com.br\/index.php\/wp-json\/wp\/v2\/users\/2"}],"replies":[{"embeddable":true,"href":"https:\/\/ejornais.com.br\/index.php\/wp-json\/wp\/v2\/comments?post=51827"}],"version-history":[{"count":0,"href":"https:\/\/ejornais.com.br\/index.php\/wp-json\/wp\/v2\/posts\/51827\/revisions"}],"wp:attachment":[{"href":"https:\/\/ejornais.com.br\/index.php\/wp-json\/wp\/v2\/media?parent=51827"}],"wp:term":[{"taxonomy":"category","embeddable":true,"href":"https:\/\/ejornais.com.br\/index.php\/wp-json\/wp\/v2\/categories?post=51827"},{"taxonomy":"post_tag","embeddable":true,"href":"https:\/\/ejornais.com.br\/index.php\/wp-json\/wp\/v2\/tags?post=51827"}],"curies":[{"name":"wp","href":"https:\/\/api.w.org\/{rel}","templated":true}]}}