{"id":51975,"date":"2025-09-08T16:52:45","date_gmt":"2025-09-08T19:52:45","guid":{"rendered":"https:\/\/ejornais.com.br\/index.php\/2025\/09\/08\/o-imperio-contra-ataca-e-exibido-na-biblioteca-municipal-de-sorocaba-nesta-sexta-feira-12-agencia-de-noticias\/"},"modified":"2025-09-08T16:52:45","modified_gmt":"2025-09-08T19:52:45","slug":"o-imperio-contra-ataca-e-exibido-na-biblioteca-municipal-de-sorocaba-nesta-sexta-feira-12-agencia-de-noticias","status":"publish","type":"post","link":"https:\/\/ejornais.com.br\/index.php\/2025\/09\/08\/o-imperio-contra-ataca-e-exibido-na-biblioteca-municipal-de-sorocaba-nesta-sexta-feira-12-agencia-de-noticias\/","title":{"rendered":"O Imp\u00e9rio Contra-Ataca\u201d \u00e9 exibido na Biblioteca Municipal de Sorocaba nesta sexta-feira (12) \u2013 Ag\u00eancia de Not\u00edcias"},"content":{"rendered":"<p><\/p>\n<div>\n<div class=\"col\">\n<p class=\"mt-0\">\n                        <strong><br \/>\n                            <span class=\"far fa-calendar mr-1 mt-2\"\/><br \/>\n                            8 de setembro de 2025<br \/>\n                            <span class=\"far fa-clock ml-3 mt-2\"\/><br \/>\n                            16:51<br \/>\n                        <\/strong>\n                    <\/p>\n<p class=\"mb-0\">Por: <strong>Evelyn Azevedo<\/strong><\/p>\n<\/p><\/div>\n<\/p><\/div>\n<div>\n<p>As fam\u00edlias sorocabanas poder\u00e3o conferir, nesta sexta-feira (12), \u00e0s 14h10, a exibi\u00e7\u00e3o do filme \u201cStar Wars: O Imp\u00e9rio Contra-Ataca\u201d (1980), com dire\u00e7\u00e3o de Irvin Kershner, no audit\u00f3rio da Biblioteca Municipal \u201cJorge Guilherme Senger\u201d, localizada no Alto da Boa Vista. A atra\u00e7\u00e3o \u00e9 gratuita e aberta ao p\u00fablico.<\/p>\n<p>Realizada pela Prefeitura de Sorocaba, por meio da Secretaria de Cultura (Secult), a sess\u00e3o de cinema oferece mais uma op\u00e7\u00e3o de lazer, aproximando a popula\u00e7\u00e3o do equipamento cultural, que possui um rico acervo, incentivando o acesso \u00e0 leitura, com propostas art\u00edsticas e l\u00fadicas.<\/p>\n<p>Comandadas por Darth Vader, as for\u00e7as imperiais atacam membros da resist\u00eancia, fazendo com que todos fujam. Para impedir o mal, Luke Skywalker procura por Mestre Yoda para aprender dominar a \u201cFor\u00e7a\u201d e tornar-se um cavaleiro Jedi, enquanto Darth Vader tenta lev\u00e1-lo para o lado negro.<\/p>\n<p>A atividade gratuita \u00e9 aberta ao p\u00fablico geral e faz parte da programa\u00e7\u00e3o especial que antecede a 1\u00aa edi\u00e7\u00e3o do \u201cSoroGeek Festival\u201d, que ser\u00e1 realizada no dia 27 de setembro, das 10h \u00e0s 18h, no estacionamento lateral da Biblioteca.<\/p>\n<p>A Biblioteca Municipal \u201cJorge Guilherme Senger\u201d est\u00e1 localizada na Rua Ministro Coqueijo Costa, 180, no Alto da Boa Vista, e funciona de segunda a sexta-feira, das 9h \u00e0s 17h. Mais informa\u00e7\u00f5es podem ser obtidas pelo telefone: (15) 3228-1955.<\/p>\n<\/p><\/div>\n","protected":false},"excerpt":{"rendered":"<p>8 de setembro de 2025 16:51 Por: Evelyn Azevedo As fam\u00edlias sorocabanas poder\u00e3o conferir, nesta sexta-feira (12), \u00e0s 14h10, a<\/p>\n","protected":false},"author":2,"featured_media":0,"comment_status":"","ping_status":"","sticky":false,"template":"","format":"standard","meta":{"colormag_page_container_layout":"default_layout","colormag_page_sidebar_layout":"default_layout","footnotes":""},"categories":[1],"tags":[],"class_list":["post-51975","post","type-post","status-publish","format-standard","hentry","category-ejornais"],"aioseo_notices":[],"amp_enabled":true,"_links":{"self":[{"href":"https:\/\/ejornais.com.br\/index.php\/wp-json\/wp\/v2\/posts\/51975","targetHints":{"allow":["GET"]}}],"collection":[{"href":"https:\/\/ejornais.com.br\/index.php\/wp-json\/wp\/v2\/posts"}],"about":[{"href":"https:\/\/ejornais.com.br\/index.php\/wp-json\/wp\/v2\/types\/post"}],"author":[{"embeddable":true,"href":"https:\/\/ejornais.com.br\/index.php\/wp-json\/wp\/v2\/users\/2"}],"replies":[{"embeddable":true,"href":"https:\/\/ejornais.com.br\/index.php\/wp-json\/wp\/v2\/comments?post=51975"}],"version-history":[{"count":0,"href":"https:\/\/ejornais.com.br\/index.php\/wp-json\/wp\/v2\/posts\/51975\/revisions"}],"wp:attachment":[{"href":"https:\/\/ejornais.com.br\/index.php\/wp-json\/wp\/v2\/media?parent=51975"}],"wp:term":[{"taxonomy":"category","embeddable":true,"href":"https:\/\/ejornais.com.br\/index.php\/wp-json\/wp\/v2\/categories?post=51975"},{"taxonomy":"post_tag","embeddable":true,"href":"https:\/\/ejornais.com.br\/index.php\/wp-json\/wp\/v2\/tags?post=51975"}],"curies":[{"name":"wp","href":"https:\/\/api.w.org\/{rel}","templated":true}]}}