{"id":52018,"date":"2025-09-09T11:47:44","date_gmt":"2025-09-09T14:47:44","guid":{"rendered":"https:\/\/ejornais.com.br\/index.php\/2025\/09\/09\/plano-tem-de-cobrir-emergencia-clinica-nos-casos-de-cirurgia-estetica\/"},"modified":"2025-09-09T11:47:44","modified_gmt":"2025-09-09T14:47:44","slug":"plano-tem-de-cobrir-emergencia-clinica-nos-casos-de-cirurgia-estetica","status":"publish","type":"post","link":"https:\/\/ejornais.com.br\/index.php\/2025\/09\/09\/plano-tem-de-cobrir-emergencia-clinica-nos-casos-de-cirurgia-estetica\/","title":{"rendered":"Plano tem de cobrir emerg\u00eancia cl\u00ednica nos casos de cirurgia est\u00e9tica"},"content":{"rendered":"<p> Por MRNews<br \/>\n<\/p>\n<div wp_automatic_readability=\"66.330532212885\">\n<p><strong>Plano de sa\u00fade \u00e9 obrigado a cobrir imprevistos de cirurgia pl\u00e1stica mesmo realizada em hospital particular. O entendimento \u00e9 do Superior Tribunal de Justi\u00e7a (STJ) ao decidir sobre a\u00e7\u00e3o ajuizada por uma paciente contra um hospital e um plano de sa\u00fade.<\/strong><\/p>\n<p>Ela alega que teve que custear indevidamente os procedimentos de emerg\u00eancia \u2013 hemograma e transfus\u00e3o de sangue \u2013 realizados durante uma cirurgia pl\u00e1stica eletiva. A paciente pediu para n\u00e3o ter de pagar a conta apresentada pelo hospital em rela\u00e7\u00e3o a esses procedimentos de emerg\u00eancia, al\u00e9m de indeniza\u00e7\u00e3o por danos morais.<\/p>\n<p>O recurso chegou ao STJ ap\u00f3s o Tribunal de Justi\u00e7a do Distrito Federal e dos Territ\u00f3rios (TJDFT) n\u00e3o acatar a apela\u00e7\u00e3o feita pela defesa da paciente, sob a fundamenta\u00e7\u00e3o de que seria invi\u00e1vel caracterizar atendimento de emerg\u00eancia para atrair a cobertura do plano de sa\u00fade nessa hip\u00f3tese.<\/p>\n<p><strong><a href=\"https:\/\/mrnews.com.br\/index.php\/2025\/09\/09\/bolsonaro-esta-debilitado-e-nao-ira-a-julgamento-diz-advogado\/\">Bolsonaro est\u00e1 \u201cdebilitado\u201d e n\u00e3o ir\u00e1 a julgamento, diz advogado<\/a><\/strong><\/p>\n<p><strong><a href=\"https:\/\/mrnews.com.br\/index.php\/2025\/09\/09\/ao-vivo-acompanhe-votacao-do-julgamento-de-bolsonaro-no-stf\/\">Ao vivo: acompanhe vota\u00e7\u00e3o do julgamento de Bolsonaro no STF<\/a><\/strong><\/p>\n<p>A paciente sustentou que a operadora de sa\u00fade deveria ter garantido cobertura para as intercorr\u00eancias que surgissem durante o procedimento cir\u00fargico inicial, mesmo que este tenha sido eletivo e particular.<\/p>\n<p><strong>&gt;&gt;Ag\u00eancia Brasil explica: como trocar de plano de sa\u00fade sem car\u00eancia<\/strong><\/p>\n<h2>Relatora<\/h2>\n<p>A ministra Nancy Andrighi, da Terceira Turma do STJ, relatora do caso, reconheceu que, no caso em julgamento, ficou comprovada uma complica\u00e7\u00e3o que exigiu atendimento imediato para preservar a integridade f\u00edsica da paciente, configurando, de acordo com a Lei 9.656\/1998, que determina atendimento de emerg\u00eancia de cobertura obrigat\u00f3ria pelo plano de sa\u00fade.<\/p>\n<p><strong>\u201cO artigo 11 da Resolu\u00e7\u00e3o Normativa 465\/2011 da Ag\u00eancia Nacional de Sa\u00fade Suplementar (ANS) disp\u00f5e que os planos devem cobrir tratamento de complica\u00e7\u00f5es cl\u00ednicas e cir\u00fargicas, mesmo que decorram de procedimentos n\u00e3o cobertos, desde que os procedimentos necess\u00e1rios estejam no rol da ANS\u201d, escreveu a ministra na sua decis\u00e3o.<\/strong><\/p>\n<p><strong><a href=\"https:\/\/mrnews.com.br\/index.php\/2025\/09\/09\/pre-sal-petroleo-prorroga-leilao-dos-campos-de-mero-tupi-e-atapu\/\">Pr\u00e9-Sal Petr\u00f3leo prorroga leil\u00e3o dos campos de Mero, Tupi e Atapu<\/a><\/strong><\/p>\n<p><strong><a href=\"https:\/\/mrnews.com.br\/index.php\/2025\/09\/09\/biologa-mari-krunger-e-a-entrevistada-do-dr-com-demori\/\">Bi\u00f3loga Mari Kr\u00fcnger \u00e9 a entrevistada do DR com Demori<\/a><\/strong><\/p>\n<p>&gt;&gt; Siga o canal da <strong>Ag\u00eancia Brasil <\/strong>no WhatsApp<\/p>\n<p>A relatora Nancy Andrighi avaliou que o fato de as intercorr\u00eancias terem decorrido de cirurgia pl\u00e1stica, com fins est\u00e9ticos, a qual n\u00e3o tinha cobertura do plano, n\u00e3o afasta a obriga\u00e7\u00e3o da operadora em rela\u00e7\u00e3o ao tratamento de emerg\u00eancia, sobretudo porque o hospital em que foi realizada a cirurgia \u00e9 credenciado pelo plano de sa\u00fade da paciente.<\/p>\n<blockquote wp_automatic_readability=\"11\">\n<p>\u201cA obriga\u00e7\u00e3o de custear o hemograma e a transfus\u00e3o de sangue, realizados em virtude das complica\u00e7\u00f5es havidas durante a cirurgia de lipoescultura e mastopexia com pr\u00f3tese, n\u00e3o \u00e9 da paciente, mas da operadora do plano de sa\u00fade\u201d, concluiu a ministra.<\/p>\n<\/blockquote>\n<\/div>\n","protected":false},"excerpt":{"rendered":"<p>Por MRNews Plano de sa\u00fade \u00e9 obrigado a cobrir imprevistos de cirurgia pl\u00e1stica mesmo realizada em hospital particular. O entendimento<\/p>\n","protected":false},"author":2,"featured_media":0,"comment_status":"","ping_status":"","sticky":false,"template":"","format":"standard","meta":{"colormag_page_container_layout":"default_layout","colormag_page_sidebar_layout":"default_layout","footnotes":""},"categories":[1],"tags":[],"class_list":["post-52018","post","type-post","status-publish","format-standard","hentry","category-ejornais"],"aioseo_notices":[],"aioseo_head":"\n\t\t<!-- All in One SEO 5.0.1.1 - aioseo.com -->\n\t<meta name=\"description\" content=\"Por MRNews Plano de sa\u00fade \u00e9 obrigado a cobrir imprevistos de cirurgia pl\u00e1stica mesmo realizada em hospital particular. O entendimento \u00e9 do Superior Tribunal de Justi\u00e7a (STJ) ao decidir sobre a\u00e7\u00e3o ajuizada por uma paciente contra um hospital e um plano de sa\u00fade. Ela alega que teve que custear indevidamente os procedimentos de emerg\u00eancia \u2013\" \/>\n\t<meta name=\"robots\" content=\"max-image-preview:large\" \/>\n\t<meta name=\"author\" content=\"admin1\"\/>\n\t<link rel=\"canonical\" href=\"https:\/\/ejornais.com.br\/index.php\/2025\/09\/09\/plano-tem-de-cobrir-emergencia-clinica-nos-casos-de-cirurgia-estetica\/\" \/>\n\t<meta name=\"generator\" content=\"All in One SEO (AIOSEO) 5.0.1.1\" \/>\n\t\t<meta property=\"og:locale\" content=\"pt_BR\" \/>\n\t\t<meta property=\"og:site_name\" content=\"eJornais - Cat\u00e1logo de Jornais no mundo, Not\u00edcias, Blog e Esportes ao vivo\" \/>\n\t\t<meta property=\"og:type\" content=\"article\" \/>\n\t\t<meta property=\"og:title\" content=\"Plano tem de cobrir emerg\u00eancia cl\u00ednica nos casos de cirurgia est\u00e9tica - eJornais\" \/>\n\t\t<meta property=\"og:description\" content=\"Por MRNews Plano de sa\u00fade \u00e9 obrigado a cobrir imprevistos de cirurgia pl\u00e1stica mesmo realizada em hospital particular. O entendimento \u00e9 do Superior Tribunal de Justi\u00e7a (STJ) ao decidir sobre a\u00e7\u00e3o ajuizada por uma paciente contra um hospital e um plano de sa\u00fade. Ela alega que teve que custear indevidamente os procedimentos de emerg\u00eancia \u2013\" \/>\n\t\t<meta property=\"og:url\" content=\"https:\/\/ejornais.com.br\/index.php\/2025\/09\/09\/plano-tem-de-cobrir-emergencia-clinica-nos-casos-de-cirurgia-estetica\/\" \/>\n\t\t<meta property=\"article:published_time\" content=\"2025-09-09T14:47:44+00:00\" \/>\n\t\t<meta property=\"article:modified_time\" content=\"2025-09-09T14:47:44+00:00\" \/>\n\t\t<meta name=\"twitter:card\" content=\"summary_large_image\" \/>\n\t\t<meta name=\"twitter:title\" content=\"Plano tem de cobrir emerg\u00eancia cl\u00ednica nos casos de cirurgia est\u00e9tica - eJornais\" \/>\n\t\t<meta name=\"twitter:description\" content=\"Por MRNews Plano de sa\u00fade \u00e9 obrigado a cobrir imprevistos de cirurgia pl\u00e1stica mesmo realizada em hospital particular. O entendimento \u00e9 do Superior Tribunal de Justi\u00e7a (STJ) ao decidir sobre a\u00e7\u00e3o ajuizada por uma paciente contra um hospital e um plano de sa\u00fade. Ela alega que teve que custear indevidamente os procedimentos de emerg\u00eancia \u2013\" \/>\n\t\t<script type=\"application\/ld+json\" class=\"aioseo-schema\">\n\t\t\t{\"@context\":\"https:\\\/\\\/schema.org\",\"@graph\":[{\"@type\":\"BlogPosting\",\"@id\":\"https:\\\/\\\/ejornais.com.br\\\/index.php\\\/2025\\\/09\\\/09\\\/plano-tem-de-cobrir-emergencia-clinica-nos-casos-de-cirurgia-estetica\\\/#blogposting\",\"name\":\"Plano tem de cobrir emerg\\u00eancia cl\\u00ednica nos casos de cirurgia est\\u00e9tica - eJornais\",\"headline\":\"Plano tem de cobrir emerg\\u00eancia cl\\u00ednica nos casos de cirurgia est\\u00e9tica\",\"author\":{\"@id\":\"https:\\\/\\\/ejornais.com.br\\\/index.php\\\/author\\\/admin1\\\/#author\"},\"publisher\":{\"@id\":\"https:\\\/\\\/ejornais.com.br\\\/#organization\"},\"datePublished\":\"2025-09-09T11:47:44-03:00\",\"dateModified\":\"2025-09-09T11:47:44-03:00\",\"inLanguage\":\"pt-BR\",\"mainEntityOfPage\":{\"@id\":\"https:\\\/\\\/ejornais.com.br\\\/index.php\\\/2025\\\/09\\\/09\\\/plano-tem-de-cobrir-emergencia-clinica-nos-casos-de-cirurgia-estetica\\\/#webpage\"},\"isPartOf\":{\"@id\":\"https:\\\/\\\/ejornais.com.br\\\/index.php\\\/2025\\\/09\\\/09\\\/plano-tem-de-cobrir-emergencia-clinica-nos-casos-de-cirurgia-estetica\\\/#webpage\"},\"articleSection\":\"Cat\\u00e1logo de Jornais\"},{\"@type\":\"BreadcrumbList\",\"@id\":\"https:\\\/\\\/ejornais.com.br\\\/index.php\\\/2025\\\/09\\\/09\\\/plano-tem-de-cobrir-emergencia-clinica-nos-casos-de-cirurgia-estetica\\\/#breadcrumblist\",\"itemListElement\":[{\"@type\":\"ListItem\",\"@id\":\"https:\\\/\\\/ejornais.com.br#listItem\",\"position\":1,\"name\":\"In\\u00edcio\",\"item\":\"https:\\\/\\\/ejornais.com.br\",\"nextItem\":{\"@type\":\"ListItem\",\"@id\":\"https:\\\/\\\/ejornais.com.br\\\/index.php\\\/category\\\/ejornais\\\/#listItem\",\"name\":\"Cat\\u00e1logo de Jornais\"}},{\"@type\":\"ListItem\",\"@id\":\"https:\\\/\\\/ejornais.com.br\\\/index.php\\\/category\\\/ejornais\\\/#listItem\",\"position\":2,\"name\":\"Cat\\u00e1logo de Jornais\",\"item\":\"https:\\\/\\\/ejornais.com.br\\\/index.php\\\/category\\\/ejornais\\\/\",\"nextItem\":{\"@type\":\"ListItem\",\"@id\":\"https:\\\/\\\/ejornais.com.br\\\/index.php\\\/2025\\\/09\\\/09\\\/plano-tem-de-cobrir-emergencia-clinica-nos-casos-de-cirurgia-estetica\\\/#listItem\",\"name\":\"Plano tem de cobrir emerg\\u00eancia cl\\u00ednica nos casos de cirurgia est\\u00e9tica\"},\"previousItem\":{\"@type\":\"ListItem\",\"@id\":\"https:\\\/\\\/ejornais.com.br#listItem\",\"name\":\"In\\u00edcio\"}},{\"@type\":\"ListItem\",\"@id\":\"https:\\\/\\\/ejornais.com.br\\\/index.php\\\/2025\\\/09\\\/09\\\/plano-tem-de-cobrir-emergencia-clinica-nos-casos-de-cirurgia-estetica\\\/#listItem\",\"position\":3,\"name\":\"Plano tem de cobrir emerg\\u00eancia cl\\u00ednica nos casos de cirurgia est\\u00e9tica\",\"previousItem\":{\"@type\":\"ListItem\",\"@id\":\"https:\\\/\\\/ejornais.com.br\\\/index.php\\\/category\\\/ejornais\\\/#listItem\",\"name\":\"Cat\\u00e1logo de Jornais\"}}]},{\"@type\":\"Organization\",\"@id\":\"https:\\\/\\\/ejornais.com.br\\\/#organization\",\"name\":\"eJornais\",\"description\":\"Cat\\u00e1logo de Jornais no mundo, Not\\u00edcias, Blog e Esportes ao vivo\",\"url\":\"https:\\\/\\\/ejornais.com.br\\\/\"},{\"@type\":\"Person\",\"@id\":\"https:\\\/\\\/ejornais.com.br\\\/index.php\\\/author\\\/admin1\\\/#author\",\"url\":\"https:\\\/\\\/ejornais.com.br\\\/index.php\\\/author\\\/admin1\\\/\",\"name\":\"admin1\",\"image\":{\"@type\":\"ImageObject\",\"@id\":\"https:\\\/\\\/ejornais.com.br\\\/index.php\\\/2025\\\/09\\\/09\\\/plano-tem-de-cobrir-emergencia-clinica-nos-casos-de-cirurgia-estetica\\\/#authorImage\",\"url\":\"https:\\\/\\\/secure.gravatar.com\\\/avatar\\\/04084e6d73c042b8646e7c17b494073bf0ede3ea13c7105cfc45cbbbc28385a4?s=96&d=mm&r=g\",\"width\":96,\"height\":96,\"caption\":\"admin1\"}},{\"@type\":\"WebPage\",\"@id\":\"https:\\\/\\\/ejornais.com.br\\\/index.php\\\/2025\\\/09\\\/09\\\/plano-tem-de-cobrir-emergencia-clinica-nos-casos-de-cirurgia-estetica\\\/#webpage\",\"url\":\"https:\\\/\\\/ejornais.com.br\\\/index.php\\\/2025\\\/09\\\/09\\\/plano-tem-de-cobrir-emergencia-clinica-nos-casos-de-cirurgia-estetica\\\/\",\"name\":\"Plano tem de cobrir emerg\\u00eancia cl\\u00ednica nos casos de cirurgia est\\u00e9tica - eJornais\",\"description\":\"Por MRNews Plano de sa\\u00fade \\u00e9 obrigado a cobrir imprevistos de cirurgia pl\\u00e1stica mesmo realizada em hospital particular. O entendimento \\u00e9 do Superior Tribunal de Justi\\u00e7a (STJ) ao decidir sobre a\\u00e7\\u00e3o ajuizada por uma paciente contra um hospital e um plano de sa\\u00fade. Ela alega que teve que custear indevidamente os procedimentos de emerg\\u00eancia \\u2013\",\"inLanguage\":\"pt-BR\",\"isPartOf\":{\"@id\":\"https:\\\/\\\/ejornais.com.br\\\/#website\"},\"breadcrumb\":{\"@id\":\"https:\\\/\\\/ejornais.com.br\\\/index.php\\\/2025\\\/09\\\/09\\\/plano-tem-de-cobrir-emergencia-clinica-nos-casos-de-cirurgia-estetica\\\/#breadcrumblist\"},\"author\":{\"@id\":\"https:\\\/\\\/ejornais.com.br\\\/index.php\\\/author\\\/admin1\\\/#author\"},\"creator\":{\"@id\":\"https:\\\/\\\/ejornais.com.br\\\/index.php\\\/author\\\/admin1\\\/#author\"},\"datePublished\":\"2025-09-09T11:47:44-03:00\",\"dateModified\":\"2025-09-09T11:47:44-03:00\"},{\"@type\":\"WebSite\",\"@id\":\"https:\\\/\\\/ejornais.com.br\\\/#website\",\"url\":\"https:\\\/\\\/ejornais.com.br\\\/\",\"name\":\"eJornais\",\"description\":\"Cat\\u00e1logo de Jornais no mundo, Not\\u00edcias, Blog e Esportes ao vivo\",\"inLanguage\":\"pt-BR\",\"publisher\":{\"@id\":\"https:\\\/\\\/ejornais.com.br\\\/#organization\"}}]}\n\t\t<\/script>\n\t\t<!-- All in One SEO -->\n\n","aioseo_head_json":{"title":"Plano tem de cobrir emerg\u00eancia cl\u00ednica nos casos de cirurgia est\u00e9tica - eJornais","description":"Por MRNews Plano de sa\u00fade \u00e9 obrigado a cobrir imprevistos de cirurgia pl\u00e1stica mesmo realizada em hospital particular. O entendimento \u00e9 do Superior Tribunal de Justi\u00e7a (STJ) ao decidir sobre a\u00e7\u00e3o ajuizada por uma paciente contra um hospital e um plano de sa\u00fade. Ela alega que teve que custear indevidamente os procedimentos de emerg\u00eancia \u2013","canonical_url":"https:\/\/ejornais.com.br\/index.php\/2025\/09\/09\/plano-tem-de-cobrir-emergencia-clinica-nos-casos-de-cirurgia-estetica\/","robots":"max-image-preview:large","keywords":"","webmasterTools":{"miscellaneous":""},"schema":{"@context":"https:\/\/schema.org","@graph":[{"@type":"BlogPosting","@id":"https:\/\/ejornais.com.br\/index.php\/2025\/09\/09\/plano-tem-de-cobrir-emergencia-clinica-nos-casos-de-cirurgia-estetica\/#blogposting","name":"Plano tem de cobrir emerg\u00eancia cl\u00ednica nos casos de cirurgia est\u00e9tica - eJornais","headline":"Plano tem de cobrir emerg\u00eancia cl\u00ednica nos casos de cirurgia est\u00e9tica","author":{"@id":"https:\/\/ejornais.com.br\/index.php\/author\/admin1\/#author"},"publisher":{"@id":"https:\/\/ejornais.com.br\/#organization"},"datePublished":"2025-09-09T11:47:44-03:00","dateModified":"2025-09-09T11:47:44-03:00","inLanguage":"pt-BR","mainEntityOfPage":{"@id":"https:\/\/ejornais.com.br\/index.php\/2025\/09\/09\/plano-tem-de-cobrir-emergencia-clinica-nos-casos-de-cirurgia-estetica\/#webpage"},"isPartOf":{"@id":"https:\/\/ejornais.com.br\/index.php\/2025\/09\/09\/plano-tem-de-cobrir-emergencia-clinica-nos-casos-de-cirurgia-estetica\/#webpage"},"articleSection":"Cat\u00e1logo de Jornais"},{"@type":"BreadcrumbList","@id":"https:\/\/ejornais.com.br\/index.php\/2025\/09\/09\/plano-tem-de-cobrir-emergencia-clinica-nos-casos-de-cirurgia-estetica\/#breadcrumblist","itemListElement":[{"@type":"ListItem","@id":"https:\/\/ejornais.com.br#listItem","position":1,"name":"In\u00edcio","item":"https:\/\/ejornais.com.br","nextItem":{"@type":"ListItem","@id":"https:\/\/ejornais.com.br\/index.php\/category\/ejornais\/#listItem","name":"Cat\u00e1logo de Jornais"}},{"@type":"ListItem","@id":"https:\/\/ejornais.com.br\/index.php\/category\/ejornais\/#listItem","position":2,"name":"Cat\u00e1logo de Jornais","item":"https:\/\/ejornais.com.br\/index.php\/category\/ejornais\/","nextItem":{"@type":"ListItem","@id":"https:\/\/ejornais.com.br\/index.php\/2025\/09\/09\/plano-tem-de-cobrir-emergencia-clinica-nos-casos-de-cirurgia-estetica\/#listItem","name":"Plano tem de cobrir emerg\u00eancia cl\u00ednica nos casos de cirurgia est\u00e9tica"},"previousItem":{"@type":"ListItem","@id":"https:\/\/ejornais.com.br#listItem","name":"In\u00edcio"}},{"@type":"ListItem","@id":"https:\/\/ejornais.com.br\/index.php\/2025\/09\/09\/plano-tem-de-cobrir-emergencia-clinica-nos-casos-de-cirurgia-estetica\/#listItem","position":3,"name":"Plano tem de cobrir emerg\u00eancia cl\u00ednica nos casos de cirurgia est\u00e9tica","previousItem":{"@type":"ListItem","@id":"https:\/\/ejornais.com.br\/index.php\/category\/ejornais\/#listItem","name":"Cat\u00e1logo de Jornais"}}]},{"@type":"Organization","@id":"https:\/\/ejornais.com.br\/#organization","name":"eJornais","description":"Cat\u00e1logo de Jornais no mundo, Not\u00edcias, Blog e Esportes ao vivo","url":"https:\/\/ejornais.com.br\/"},{"@type":"Person","@id":"https:\/\/ejornais.com.br\/index.php\/author\/admin1\/#author","url":"https:\/\/ejornais.com.br\/index.php\/author\/admin1\/","name":"admin1","image":{"@type":"ImageObject","@id":"https:\/\/ejornais.com.br\/index.php\/2025\/09\/09\/plano-tem-de-cobrir-emergencia-clinica-nos-casos-de-cirurgia-estetica\/#authorImage","url":"https:\/\/secure.gravatar.com\/avatar\/04084e6d73c042b8646e7c17b494073bf0ede3ea13c7105cfc45cbbbc28385a4?s=96&d=mm&r=g","width":96,"height":96,"caption":"admin1"}},{"@type":"WebPage","@id":"https:\/\/ejornais.com.br\/index.php\/2025\/09\/09\/plano-tem-de-cobrir-emergencia-clinica-nos-casos-de-cirurgia-estetica\/#webpage","url":"https:\/\/ejornais.com.br\/index.php\/2025\/09\/09\/plano-tem-de-cobrir-emergencia-clinica-nos-casos-de-cirurgia-estetica\/","name":"Plano tem de cobrir emerg\u00eancia cl\u00ednica nos casos de cirurgia est\u00e9tica - eJornais","description":"Por MRNews Plano de sa\u00fade \u00e9 obrigado a cobrir imprevistos de cirurgia pl\u00e1stica mesmo realizada em hospital particular. O entendimento \u00e9 do Superior Tribunal de Justi\u00e7a (STJ) ao decidir sobre a\u00e7\u00e3o ajuizada por uma paciente contra um hospital e um plano de sa\u00fade. Ela alega que teve que custear indevidamente os procedimentos de emerg\u00eancia \u2013","inLanguage":"pt-BR","isPartOf":{"@id":"https:\/\/ejornais.com.br\/#website"},"breadcrumb":{"@id":"https:\/\/ejornais.com.br\/index.php\/2025\/09\/09\/plano-tem-de-cobrir-emergencia-clinica-nos-casos-de-cirurgia-estetica\/#breadcrumblist"},"author":{"@id":"https:\/\/ejornais.com.br\/index.php\/author\/admin1\/#author"},"creator":{"@id":"https:\/\/ejornais.com.br\/index.php\/author\/admin1\/#author"},"datePublished":"2025-09-09T11:47:44-03:00","dateModified":"2025-09-09T11:47:44-03:00"},{"@type":"WebSite","@id":"https:\/\/ejornais.com.br\/#website","url":"https:\/\/ejornais.com.br\/","name":"eJornais","description":"Cat\u00e1logo de Jornais no mundo, Not\u00edcias, Blog e Esportes ao vivo","inLanguage":"pt-BR","publisher":{"@id":"https:\/\/ejornais.com.br\/#organization"}}]},"og:locale":"pt_BR","og:site_name":"eJornais - Cat\u00e1logo de Jornais no mundo, Not\u00edcias, Blog e Esportes ao vivo","og:type":"article","og:title":"Plano tem de cobrir emerg\u00eancia cl\u00ednica nos casos de cirurgia est\u00e9tica - eJornais","og:description":"Por MRNews Plano de sa\u00fade \u00e9 obrigado a cobrir imprevistos de cirurgia pl\u00e1stica mesmo realizada em hospital particular. O entendimento \u00e9 do Superior Tribunal de Justi\u00e7a (STJ) ao decidir sobre a\u00e7\u00e3o ajuizada por uma paciente contra um hospital e um plano de sa\u00fade. Ela alega que teve que custear indevidamente os procedimentos de emerg\u00eancia \u2013","og:url":"https:\/\/ejornais.com.br\/index.php\/2025\/09\/09\/plano-tem-de-cobrir-emergencia-clinica-nos-casos-de-cirurgia-estetica\/","article:published_time":"2025-09-09T14:47:44+00:00","article:modified_time":"2025-09-09T14:47:44+00:00","twitter:card":"summary_large_image","twitter:title":"Plano tem de cobrir emerg\u00eancia cl\u00ednica nos casos de cirurgia est\u00e9tica - eJornais","twitter:description":"Por MRNews Plano de sa\u00fade \u00e9 obrigado a cobrir imprevistos de cirurgia pl\u00e1stica mesmo realizada em hospital particular. O entendimento \u00e9 do Superior Tribunal de Justi\u00e7a (STJ) ao decidir sobre a\u00e7\u00e3o ajuizada por uma paciente contra um hospital e um plano de sa\u00fade. Ela alega que teve que custear indevidamente os procedimentos de emerg\u00eancia \u2013"},"aioseo_meta_data":{"post_id":"52018","title":null,"description":null,"keywords":null,"keyphrases":null,"primary_term":null,"canonical_url":null,"og_title":null,"og_description":null,"og_object_type":"default","og_image_type":"default","og_image_url":null,"og_image_width":null,"og_image_height":null,"og_image_custom_url":null,"og_image_custom_fields":null,"og_video":null,"og_custom_url":null,"og_article_section":null,"og_article_tags":null,"twitter_use_og":false,"twitter_card":"default","twitter_image_type":"default","twitter_image_url":null,"twitter_image_custom_url":null,"twitter_image_custom_fields":null,"twitter_title":null,"twitter_description":null,"schema":{"blockGraphs":[],"customGraphs":[],"default":{"data":{"Article":[],"Course":[],"Dataset":[],"FAQPage":[],"Movie":[],"Person":[],"Product":[],"ProductReview":[],"Car":[],"Recipe":[],"Service":[],"SoftwareApplication":[],"WebPage":[]},"graphName":"","isEnabled":true},"graphs":[]},"schema_type":"default","schema_type_options":null,"pillar_content":false,"robots_default":true,"robots_noindex":false,"robots_noarchive":false,"robots_nosnippet":false,"robots_nofollow":false,"robots_noimageindex":false,"robots_noodp":false,"robots_notranslate":false,"robots_max_snippet":null,"robots_max_videopreview":null,"robots_max_imagepreview":"large","priority":null,"frequency":null,"local_seo":null,"breadcrumb_settings":null,"limit_modified_date":false,"ai":null,"created":"2025-09-09 15:00:32","updated":"2025-09-09 15:00:32","seo_analyzer_scan_date":null,"focus_keyword":null,"additional_keywords":null,"truseo_locale":null},"aioseo_breadcrumb":"<div class=\"aioseo-breadcrumbs\"><span class=\"aioseo-breadcrumb\">\n\t\t\t<a href=\"https:\/\/ejornais.com.br\" title=\"In\u00edcio\">In\u00edcio<\/a>\n\t\t<\/span><span class=\"aioseo-breadcrumb-separator\">&raquo;<\/span><span class=\"aioseo-breadcrumb\">\n\t\t\t<a href=\"https:\/\/ejornais.com.br\/index.php\/category\/ejornais\/\" title=\"Cat\u00e1logo de Jornais\">Cat\u00e1logo de Jornais<\/a>\n\t\t<\/span><span class=\"aioseo-breadcrumb-separator\">&raquo;<\/span><span class=\"aioseo-breadcrumb\">\n\t\t\tPlano tem de cobrir emerg\u00eancia cl\u00ednica nos casos de cirurgia est\u00e9tica\n\t\t<\/span><\/div>","aioseo_breadcrumb_json":[{"label":"In\u00edcio","link":"https:\/\/ejornais.com.br"},{"label":"Cat\u00e1logo de Jornais","link":"https:\/\/ejornais.com.br\/index.php\/category\/ejornais\/"},{"label":"Plano tem de cobrir emerg\u00eancia cl\u00ednica nos casos de cirurgia est\u00e9tica","link":"https:\/\/ejornais.com.br\/index.php\/2025\/09\/09\/plano-tem-de-cobrir-emergencia-clinica-nos-casos-de-cirurgia-estetica\/"}],"amp_enabled":true,"_links":{"self":[{"href":"https:\/\/ejornais.com.br\/index.php\/wp-json\/wp\/v2\/posts\/52018","targetHints":{"allow":["GET"]}}],"collection":[{"href":"https:\/\/ejornais.com.br\/index.php\/wp-json\/wp\/v2\/posts"}],"about":[{"href":"https:\/\/ejornais.com.br\/index.php\/wp-json\/wp\/v2\/types\/post"}],"author":[{"embeddable":true,"href":"https:\/\/ejornais.com.br\/index.php\/wp-json\/wp\/v2\/users\/2"}],"replies":[{"embeddable":true,"href":"https:\/\/ejornais.com.br\/index.php\/wp-json\/wp\/v2\/comments?post=52018"}],"version-history":[{"count":0,"href":"https:\/\/ejornais.com.br\/index.php\/wp-json\/wp\/v2\/posts\/52018\/revisions"}],"wp:attachment":[{"href":"https:\/\/ejornais.com.br\/index.php\/wp-json\/wp\/v2\/media?parent=52018"}],"wp:term":[{"taxonomy":"category","embeddable":true,"href":"https:\/\/ejornais.com.br\/index.php\/wp-json\/wp\/v2\/categories?post=52018"},{"taxonomy":"post_tag","embeddable":true,"href":"https:\/\/ejornais.com.br\/index.php\/wp-json\/wp\/v2\/tags?post=52018"}],"curies":[{"name":"wp","href":"https:\/\/api.w.org\/{rel}","templated":true}]}}